{"id":4926,"date":"2012-06-12T13:53:55","date_gmt":"2012-06-12T13:53:55","guid":{"rendered":"https:\/\/www.freiburg-schwarzwald.de\/blog\/?p=4926"},"modified":"2012-06-12T13:54:54","modified_gmt":"2012-06-12T13:54:54","slug":"ph-freiburg-feiert-50-jahre","status":"publish","type":"post","link":"https:\/\/www.freiburg-schwarzwald.de\/blog\/ph-freiburg-feiert-50-jahre\/","title":{"rendered":"PH Freiburg feiert 50 Jahre mit 4571 Studierenden"},"content":{"rendered":"<p>50 Jahre PH Freiburg\u00a0<strong>&#8211; <\/strong>Was bedeutet die P\u00e4dagogische Hochschule f\u00fcr Littenweiler? Die PH ist eines der gr\u00f6\u00dften Geb\u00e4ude in Littenweiler. Ist sie Fluch oder Segen f\u00fcr den Stadtteil? Manchmal f\u00fchlen sich Fu\u00dfg\u00e4nger behindert, wenn Fahrr\u00e4der auf dem Gehweg stehen, Stu\u00addenten auf der Stra\u00dfe sitzen, wenn kein Durchkommen ist und die Schlange am Heizmann bis auf die Stra\u00dfe geht. Abends h\u00f6rt man gelegentlich Musik der Partys auf dem Gel\u00e4nde durch den ganzen Stadtteil klingen. Studenten parken auf Gehwegen an\u00adstatt im Parkhaus und auch im Studentenwohnheim wird gerne gefeiert. Trotzdem sind die St\u00f6rungen im Vergleich zu den Studentenzahlen, es sind immerhin 4.571, relativ gering.<!--more--><\/p>\n<p>Studenten bringen Leben in den Stadtteil<br \/>\nAuf der anderen Seite helfen Studenten im Haus 197, unter\u00adst\u00fctzen die Reinhold-Schneider-Schule auch bei der Ganztages\u00adbe\u00adtreuung, machen Praktika in anderen Einrichtungen und sorgen im Stadtteil f\u00fcr Lebendigkeit. Manche Gastst\u00e4tte h\u00e4tte ein Problem ohne studentische Aushilfen. Die wenigsten Studen\u00adten lassen sich hier langfristig einbinden, so viele Arbeitspl\u00e4tze gibt es hier nicht, aber sch\u00f6n w\u00e4re es, das Potenzial der Studierenden noch besser f\u00fcr den Stadtteil zu nutzen.<\/p>\n<p>PH als wichtiger Standortfaktor<br \/>\nIn seiner Rede zum 50-j\u00e4hrigen Jubil\u00e4um der P\u00e4dagogischen Hochschule erw\u00e4hnte Rektor Ulrich Druwe die PH als herausra\u00adgenden Standortfaktor, es bestehen Kooperationen mit Hoch\u00adschulen in der ganzen Welt. Allerdings meint er auch: \u201eGute Hochschulen brauchen Partner vor Ort, wie die Uni, Mu\u00adsikhochschule, die Evangelische Hochschule . . .\u201c An der PH spielt die Kooperation mit Schulen eine gro\u00dfe Rolle, aber auch Partner aus Kultur, Medien und Wirtschaft. Regierungspr\u00e4sidentin B\u00e4rbel Sch\u00e4fer gibt zu, dass das Profil der PH sich ver\u00e4ndert hat. Das uneingeschr\u00e4nkte Habilitationsrecht gibt es erst seit 2005. Auch die Anforderungen an die Bil\u00addungs\u00adlandschaft haben sich ver\u00e4ndert. Es geht um eine fr\u00fchere in\u00addividuelle F\u00f6rderung, es geht darum, die Kinder fr\u00fcher wettbe\u00adwerbsf\u00e4hig zu machen. Oberb\u00fcrgermeister Salomon bringt den Grundgedanken der PH anschaulich auf den Punkt: \u201eMan kann ja nicht einfach Leute auf Kinder loslassen, aber zu akademisch sollte es auch nicht sein\u2026 Herzensbildung sollte noch dabei sein.\u201c Die Ausbildung der Lehrer vergleicht er noch mit dem Schweinezyklus aus der Volkswirtschaft. Aber nur inhaltlich, bezogen auf den Wech\u00adsel von Lehrermangel, Werbung f\u00fcr das Studium, erh\u00f6hte Studentenzahlen &#8211; was wiederum zur Lehrerschwemme gef\u00fchrt hat. Daher h\u00e4lt er es f\u00fcr sinnvoll, wenn die PH nicht zu sehr nur auf die Lehrerausbildung fixiert ist, sondern das, was die Bil\u00addungslandschaft ausmacht in der Breite abzubilden. F\u00fcr ihn ist die PH ein stabiles St\u00fcck Freiburg.<\/p>\n<p>Wir brauchen gute Lehrer\/innen<br \/>\nRektor Druwe formuliert die Gr\u00fcnde f\u00fcr die Gr\u00fcndung der PH etwas anders: \u201eWir brauchen gute Lehrer\/innen.\u201c Das Land ent\u00adwickelte die PH zu einer eigenst\u00e4ndigen Einrichtung. Der Ge\u00adsellschaftliche Wandel erfordert andere Kompetenzen. Die Schule bekommt einen gr\u00f6\u00dferen Erziehungsauftrag, die Anforderungen an die Schulen steigen und somit auch an die Lehrer\u00adaus\u00adbildung. Aus anderen L\u00e4ndern h\u00f6rt man mittlerweile, dass es ein Fehler war, die PH in die Uni zu integrieren. Es w\u00e4re sinn\u00advoll, die Ausbildung der Gymnasiallehrer\u00a0 in Kooperation mit der PH zu gestalten. Lehrer brauchen Fachdidaktik und Praxis. \u201eWir erwarten von der Politik nicht nur Worte, sondern Taten. Der Kern jedes Bildungssystems ist eine gelungene Lehrerausbildung.\u201c<\/p>\n<p>Wenige Pl\u00e4tze f\u00fcr viele Studierende?<br \/>\nIn der anschlie\u00dfenden Theaterauff\u00fchrung der Theatergruppe KA 101 wird das ganze aus Studentensicht noch szenisch dargestellt. Viele Studenten k\u00e4mpfen um wenige Pl\u00e4tze im Seminar, sitzen sich gegenseitig auf dem Scho\u00df und sind froh, \u00fcberhaupt einen Platz ergattert zu haben. Einige Studenten verteilen vor der T\u00fcre ihr kommentiertes Programm. Auf die Frage, wie er die Meinung einiger Studenten zu \u00fcberf\u00fcllten H\u00f6rs\u00e4len, komplizierten Anmeldeverfahren, unfertigen Pr\u00fcfungsordnung und verk\u00fcrzten \u00d6ffnungszeiten der Bibliothek sieht, meint\u00a0 Ulrich Druwe, dass die Realit\u00e4t und die Meinung aller Studierenden nur schwierig festzustellen sei, auch bei den Wahlen beteiligen sich nur 7 % der Studierenden: \u201eIm Prinzip sind f\u00fcr die Studenten gen\u00fcgend Pl\u00e4tze vorhanden, das Problem liegt darin, dass an der PH zu 70 % auf Lehramt studiert wird, bei Bewerbung und Zulassung aber die konkreten F\u00e4cher noch nicht angegeben werden m\u00fcssen. Das Land berechnet eine Durchschnittsbelegung. Derzeit beliebte F\u00e4cher wie Biologie, Mathe, Geographie, Englisch und Deutsch sind dann \u00fcberbelegt. Weniger beliebte F\u00e4cher wie Sport, Musik, Physik oder Chemie h\u00e4tten noch Platz. \u201eDort sind auch die Berufsaussichten besser\u201c, so Druwe. Trotz Beratung und Hinweisen entscheiden die Studierenden nat\u00fcrlich in erster Linie nach ihren Vorlieben. Der Antrag ans Land bei der Bewerbung gleich die F\u00e4cher mit anzugeben, kam leider nicht durch.<\/p>\n<p>Absolventen der PH geh\u00f6ren zu den Besten<br \/>\nAnsonsten findet Ulrich Druwe seine PH nat\u00fcrlich toll. In der Tat geh\u00f6ren hier die Absolventen zu den Besten im Land, die PH ist die forschungsaktivste und bei der Drittmitteleinwerbung die erfolgreichste Hochschule. \u201eDie Studierenden sind hier richtig nett, engagiert sozial und aktiv. Sie bringen Leben in den Stadtteil, das ist sch\u00f6n, auch im Hinblick auf die demografische Entwicklung\u201c. Doch selbst daf\u00fcr bietet die PH Veranstaltungen im Rahmen des Seniorenstudiums an. Viele andere Veranstaltungen, wie Theaterauff\u00fchrungen oder Musikprojekte sind f\u00fcr alle B\u00fcrger offen, so auch das vielf\u00e4ltige Programm in diesem Sommer zur Feier des Jubil\u00e4ums.<\/p>\n<p>Anja Lusch, 12.6.2012, Littenweiler Dorfblatt<\/p>\n<p><strong>Programm:\u00a0<br \/>\n<\/strong>50 Jahre P\u00e4dagogische Hochschule Freiburg \u2013 30 Jahre Gleichstellungsarbeit. Eine Ausstellung zusammengestellt von den Mitarbeiterinnen des Gleichstellungsb\u00fcros seit 9. Mai im Foyer des KG 3.<br \/>\nJubil\u00e4ums-Family Science Night veranstaltet von unterschiedlichen Instituten der Hochschule.<\/p>\n<p>Freitag, 22. Juni, ab 17 Uhr, auf dem Campus der Hochschule.<br \/>\nFrom Vintage to Retro \u2013 eine modische Zeitreise. Eine Modenschau und ein Mitmach-Ball veranstaltet vom Institut f\u00fcr Alltagskultur, Bewegung und Gesundheit.<\/p>\n<p>Samstag, 30. Juni, 20.00 Uhr, E-Werk, Ferdinand-Wei\u00df-Stra\u00dfe 6, Freiburg.<br \/>\nSommerfest der Hochschule veranstaltet von Studierenden und Mitarbeiter\/innen der Hochschule<\/p>\n<p>Donnerstag, 5. Juli, 14.00 \u2013 20.00 Uhr, Campus.<br \/>\nMusik in Gottes H\u00e4usern. Wandelkonzert mit Kammermusik und Liedern von Walter Arlen, Chormusik mit Alumni-Mu\u00adsi\u00adker\u00ad\/innen des Chores der P\u00e4dagogischen Hochschule Freiburg, Leitung: Christoph Schwartz.<\/p>\n<p>Sonntag, 8. Juli, 17.00 Uhr, Ehemaligen Synagoge Sulzburg und St. Cyriak Sulzburg<br \/>\nInto the Woods\/Ab in den Wald. Musical von Stephen Sondheim mit Solist\/innen, Chor und Orchester der P\u00e4dagogischen Hochschule Freiburg. Leitung: Georg Brunner, Stefan Weible<br \/>\nDienstag, 10. Juli, bis Sonntag, 15. Juli, Premiere: 10.7. um 20.00 Uhr, Schulauff\u00fchrung: 11.7. um 10.00 Uhr, sonstige Auff\u00fchrungen: 12.\/13.\/14.\/15.7. um 20.00 Uhr, Aula.<br \/>\nWeiter Infos unter <a href=\"https:\/\/www.ph-freiburg.de\/aktuell\/50-jahre-ph-freiburg.html\">www.ph-freiburg.de\/aktuell\/50-jahre-ph-freiburg.html<\/a>.<\/p>\n","protected":false},"excerpt":{"rendered":"<p>50 Jahre PH Freiburg\u00a0&#8211; Was bedeutet die P\u00e4dagogische Hochschule f\u00fcr Littenweiler? Die PH ist eines der gr\u00f6\u00dften Geb\u00e4ude in Littenweiler. Ist sie Fluch oder Segen f\u00fcr den Stadtteil? Manchmal f\u00fchlen sich Fu\u00dfg\u00e4nger behindert, wenn Fahrr\u00e4der auf dem Gehweg stehen, Stu\u00addenten &hellip; <a href=\"https:\/\/www.freiburg-schwarzwald.de\/blog\/ph-freiburg-feiert-50-jahre\/\">Weiterlesen <span class=\"meta-nav\">&rarr;<\/span><\/a><\/p>\n","protected":false},"author":2,"featured_media":0,"comment_status":"open","ping_status":"closed","sticky":false,"template":"","format":"standard","meta":{"footnotes":""},"categories":[18],"tags":[],"class_list":["post-4926","post","type-post","status-publish","format-standard","hentry","category-bildung"],"_links":{"self":[{"href":"https:\/\/www.freiburg-schwarzwald.de\/blog\/wp-json\/wp\/v2\/posts\/4926","targetHints":{"allow":["GET"]}}],"collection":[{"href":"https:\/\/www.freiburg-schwarzwald.de\/blog\/wp-json\/wp\/v2\/posts"}],"about":[{"href":"https:\/\/www.freiburg-schwarzwald.de\/blog\/wp-json\/wp\/v2\/types\/post"}],"author":[{"embeddable":true,"href":"https:\/\/www.freiburg-schwarzwald.de\/blog\/wp-json\/wp\/v2\/users\/2"}],"replies":[{"embeddable":true,"href":"https:\/\/www.freiburg-schwarzwald.de\/blog\/wp-json\/wp\/v2\/comments?post=4926"}],"version-history":[{"count":0,"href":"https:\/\/www.freiburg-schwarzwald.de\/blog\/wp-json\/wp\/v2\/posts\/4926\/revisions"}],"wp:attachment":[{"href":"https:\/\/www.freiburg-schwarzwald.de\/blog\/wp-json\/wp\/v2\/media?parent=4926"}],"wp:term":[{"taxonomy":"category","embeddable":true,"href":"https:\/\/www.freiburg-schwarzwald.de\/blog\/wp-json\/wp\/v2\/categories?post=4926"},{"taxonomy":"post_tag","embeddable":true,"href":"https:\/\/www.freiburg-schwarzwald.de\/blog\/wp-json\/wp\/v2\/tags?post=4926"}],"curies":[{"name":"wp","href":"https:\/\/api.w.org\/{rel}","templated":true}]}}