{"id":49114,"date":"2014-07-02T08:56:54","date_gmt":"2014-07-02T06:56:54","guid":{"rendered":"https:\/\/www.freiburg-schwarzwald.de\/blog\/?p=49114"},"modified":"2014-07-07T09:06:43","modified_gmt":"2014-07-07T07:06:43","slug":"nachhaltigkeitstage-am-uniplatz","status":"publish","type":"post","link":"https:\/\/www.freiburg-schwarzwald.de\/blog\/nachhaltigkeitstage-am-uniplatz\/","title":{"rendered":"Nachhaltigkeitstage am Uniplatz"},"content":{"rendered":"<p>Anl\u00e4sslich der <a title=\"Nachhaltigkeit\" href=\"https:\/\/www.freiburg-schwarzwald.de\/blog\/natur\/klima\/nachhaltigkeit\/\">Nachhaltigkeitstage<\/a> Baden-W\u00fcrttemberg gibt es am Freitag, 11.7.2014, ab 18 Uhr in der Uni, KG I bzw. am Uniplatz einen Infomarkt von Vereinen und Initiativen der B\u00fcrgerschaft zum Thema \u201eFreiburg macht Wandel. Wo und wie kann jede\/r mitmachen?\u201c sowie parallel dazu zwei Vortr\u00e4ge zur <a title=\"Energiewende\" href=\"https:\/\/www.freiburg-schwarzwald.de\/blog\/energie\/energiewende\/\">B\u00fcrgerEnergiewende<\/a> und zu <a title=\"AKW\" href=\"https:\/\/www.freiburg-schwarzwald.de\/blog\/energie\/akw\/\">Fessenheim<\/a>. Der Eintritt ist frei. <!--more--><\/p>\n<div>\u201eFessenheim &#8211; Atomkatastrophe in Mitteleuropa oder Freiburg als heimliche Hauptstadt f\u00fcr \u00d6kologie und Kultur?\u201c lautet das Thema des Vortrags mit Lesung von Prof. Dr. J\u00fcrgen Lodemann, Freiburg.<br \/>\nZu \u201eB\u00fcrger-Energie &#8211; die Kultur der nachhaltigen Energiewende in Gefahr?\u201c berichtet Ursula Sladek, Tr\u00e4gerin Deutscher Umweltpreis (DBU) 2013 und Stromrebellin, Sch\u00f6nau im Schwarzwald.<br \/>\n\u00dcber die \u201eB\u00fcrgerEnergieWende &#8211; Kulturwandel &#8211; Klimaschutz &#8211; verantwortlich Leben. Was tun?\u201c diskutieren anschlie\u00dfend auch mit dem Publikum Ursula Sladek, J\u00fcrgen Lodemann, die Soziologin Jenny Lay und der ECOtrinova-Vorsitzende und Energie\u00f6kologe Dr. Georg L\u00f6ser. Es moderiert Dr. Thomas Uhlendahl.<\/div>\n<div>Der Kultur- und Sozial-B\u00fcrgermeister der Stadt Freiburg, Ulrich von Kirchbach, er\u00f6ffnet offiziell um 18:45 Uhr. Die Veranstaltung beginnt um 18:00 Uhr ebenfalls in der Aula der Universit\u00e4t mit einem Infomarkt von Vereinen und Initiativen der B\u00fcrgerschaft zum Thema \u201eFreiburg macht Wandel. Wo und wie kann jede\/r mitmachen?\u201c.<\/div>\n<div>Der Eintritt ist frei. Schirmherrin ist die Freiburger Umweltb\u00fcrgermeisterin Gerda Stuchlik.<\/div>\n<div>Veranstalter Asta W\u00fcrtt. (LNV) eV, VCD Regionalverband\u00a0 eV, Wirtschaftsverband 100% Erneuerbare Energien Regio Freiburg, ZEE \u00a0Zentrum Erneuerbare Energien an Universit\u00e4t.<\/div>\n<div>B\u00fcrgerinnen und B\u00fcrger sind eine tragende S\u00e4ule der Energiewende hin zu Energieeinsparung und erneuerbaren Energien und weg von Atomenergie, Erd\u00f6l und Kohle. Anl\u00e4\u00dflich der Nachhaltigkeitstage 2014 engagieren sich zahlreiche Veranstalter des Samstags-Forums Regio Freiburg gemeinsam in der Universit\u00e4t Freiburg\u00a0f\u00fcr die Fortsetzung und den Ausbau der gef\u00e4hrdeten B\u00fcrger-Energiewende und f\u00fcr einen breit angelegten Kulturwandel. Dieser soll lokal und regional die Frage nach einer Kultur- und \u00d6kohauptstadt und Region Freiburg aufgreifen, sowie zu einer lokal und global verantwortbaren Lebensweise f\u00fchren. Eine akut notwendige Grundlage daf\u00fcr ist, die existentielle Gef\u00e4hrdung der Region durch Atomenergie, u.a. durch das AKW Fessenheim, zu stoppen.<br \/>\n2.7.2014, <a title=\"Ecotrinova\" href=\"https:\/\/www.freiburg-schwarzwald.de\/blog\/natur\/umwelt\/ecotrinova\/\">CECOtrinova<\/a><\/div>\n<div>\n<p align=\"LEFT\">\n<p><strong>Programm am Samstag 12.7.2014\u00a0auf der Kajo (n\u00f6rdlich der Baustelle), Rathausgasse, Gauchstrasse<br \/>\n<\/strong><\/p>\n<p align=\"LEFT\">Basar f\u00fcr gelebte Alltagskultur des Wandels &#8211; Samstag, 12. Juli 2014 &#8211; 10 &#8211; 16 h<br \/>\nInformations-, Mitmach- und Aktionstag von Vereine und Initiativen aus dem Eine Welt- und Umweltbereich<\/p>\n<p>Begegnung an Infost\u00e4nden der Freiburger entwicklungs- und umweltpolitischen Initiativen und Vereine<br \/>\nPlastik \u2013 nicht nur bei T\u00fcten ein Problem!<br \/>\nKaffeeklatsch an Fairer Kaffeetafel<br \/>\nKonsumkritischer Stadtrundgang<br \/>\nSpa\u00df bei der Tausch- und Verschenkeb\u00f6rse<br \/>\nMusikgenuss<\/p>\n<p>10:30 | 11:30 | 14:45 |15:30 | plattenlegermolotoxfeat. critical-mass-Fahrrad<br \/>\n12:30 | Henning Schmidt (singer \/ songwriter)<br \/>\n13:30 | Johannes B\u00fcttner (Pianist, S\u00e4nger, Posaunist)<br \/>\nGedankenaustausch bei Debatten und Podien<br \/>\n11:00 Info | Verkehrswende? Weniger Autos? Wie sieht denn das aus!<br \/>\nJ\u00f6rg Dengler, VCD-Landesvorstand Baden-W\u00fcrttemberg, Wolfgang Heinze, Autofreiverein Vauban (angefragt) und Weitere aus Politik und Kultur<br \/>\n12:00 Info | Weltweit Fair Handeln! Ist das umsetzbar oder romantische Utopie?<br \/>\nVertreter_innen der Weltl\u00e4den und der solidarischen Landwirtschaft<br \/>\n13:00 Info | TTIP &#8211; Gefahr f\u00fcr eine nachhaltige Zukunft ! Was ist zu tun? Vertreter_innen von Attac<br \/>\n14:00 Info | Abschied vom Wohlstand oder weniger ist mehr?<br \/>\nVertreter_innen des Eine Welt Forums und des Netzwerks Suffizienz<br \/>\n15:00 Info | B\u00fcrger-Energiewende &#8211; jede(r) kann mitmachen!<br \/>\nVertreter_innen der Fesa und des Klimab\u00fcndnisses Freiburg<\/p>\n<\/div>\n<div><\/div>\n<div><\/div>\n<div><\/div>\n","protected":false},"excerpt":{"rendered":"<p>Anl\u00e4sslich der Nachhaltigkeitstage Baden-W\u00fcrttemberg gibt es am Freitag, 11.7.2014, ab 18 Uhr in der Uni, KG I bzw. am Uniplatz einen Infomarkt von Vereinen und Initiativen der B\u00fcrgerschaft zum Thema \u201eFreiburg macht Wandel. Wo und wie kann jede\/r mitmachen?\u201c sowie &hellip; <a href=\"https:\/\/www.freiburg-schwarzwald.de\/blog\/nachhaltigkeitstage-am-uniplatz\/\">Weiterlesen <span class=\"meta-nav\">&rarr;<\/span><\/a><\/p>\n","protected":false},"author":2,"featured_media":0,"comment_status":"open","ping_status":"closed","sticky":false,"template":"","format":"standard","meta":{"footnotes":""},"categories":[164,18,355,135,6],"tags":[163,151,41,723],"class_list":["post-49114","post","type-post","status-publish","format-standard","hentry","category-akw","category-bildung","category-buergerinitiativen","category-energiepolitik","category-vereine","tag-atomkraft","tag-erneuerbare-energien","tag-nachhaltig","tag-strom"],"_links":{"self":[{"href":"https:\/\/www.freiburg-schwarzwald.de\/blog\/wp-json\/wp\/v2\/posts\/49114","targetHints":{"allow":["GET"]}}],"collection":[{"href":"https:\/\/www.freiburg-schwarzwald.de\/blog\/wp-json\/wp\/v2\/posts"}],"about":[{"href":"https:\/\/www.freiburg-schwarzwald.de\/blog\/wp-json\/wp\/v2\/types\/post"}],"author":[{"embeddable":true,"href":"https:\/\/www.freiburg-schwarzwald.de\/blog\/wp-json\/wp\/v2\/users\/2"}],"replies":[{"embeddable":true,"href":"https:\/\/www.freiburg-schwarzwald.de\/blog\/wp-json\/wp\/v2\/comments?post=49114"}],"version-history":[{"count":0,"href":"https:\/\/www.freiburg-schwarzwald.de\/blog\/wp-json\/wp\/v2\/posts\/49114\/revisions"}],"wp:attachment":[{"href":"https:\/\/www.freiburg-schwarzwald.de\/blog\/wp-json\/wp\/v2\/media?parent=49114"}],"wp:term":[{"taxonomy":"category","embeddable":true,"href":"https:\/\/www.freiburg-schwarzwald.de\/blog\/wp-json\/wp\/v2\/categories?post=49114"},{"taxonomy":"post_tag","embeddable":true,"href":"https:\/\/www.freiburg-schwarzwald.de\/blog\/wp-json\/wp\/v2\/tags?post=49114"}],"curies":[{"name":"wp","href":"https:\/\/api.w.org\/{rel}","templated":true}]}}