{"id":49110,"date":"2014-07-01T22:21:38","date_gmt":"2014-07-01T20:21:38","guid":{"rendered":"https:\/\/www.freiburg-schwarzwald.de\/blog\/?p=49110"},"modified":"2014-07-01T22:21:38","modified_gmt":"2014-07-01T20:21:38","slug":"gutmenschen-wohnungslose","status":"publish","type":"post","link":"https:\/\/www.freiburg-schwarzwald.de\/blog\/gutmenschen-wohnungslose\/","title":{"rendered":"Gutmenschen &#8211; Wohnungslose"},"content":{"rendered":"<p>Der Schlafplatz eines <a title=\"Obdachlos\" href=\"https:\/\/www.freiburg-schwarzwald.de\/blog\/selbsthilfe\/soziales\/obdachlos\/\">Wohnungslosen<\/a> unter der Leo-Wohleb-Br\u00fccke an der <a title=\"Dreisamuferweg\" href=\"https:\/\/www.freiburg-schwarzwald.de\/blog\/regio\/verkehr\/fahrradwege\/dreisamuferweg\/\">Dreisam<\/a> in der Oberau soll ger\u00e4umt werden &#8211; dies k\u00fcndigte das <a title=\"Stadtfreiburg\" href=\"https:\/\/www.freiburg-schwarzwald.de\/blog\/regio\/freiburg\/stadtfreiburg\/\">Amt f\u00fcr \u00f6ffentliche Ordnung<\/a> an mit Verweis auf den zunehmenden M\u00fcll und Unrat. Nun stellt sich heraus, dass vermeintliche <a title=\"Dagegen\" href=\"https:\/\/www.freiburg-schwarzwald.de\/blog\/engagement\/dagegen\/\">Gutmenschen<\/a> das Lager des bescheidenen\u00a0<a title=\"Pflasterstub\" href=\"https:\/\/www.freiburg-schwarzwald.de\/blog\/selbsthilfe\/soziales\/obdachlos\/pflasterstub\/\">Obdachlosen<\/a> gegen dessen Willen zugem\u00fcllt haben, um ihren <a title=\"Wegwerfkultur\" href=\"https:\/\/www.freiburg-schwarzwald.de\/blog\/kultur\/wegwerfkultur\/\">Abfall<\/a> bequem zu entsorgen bzw. den Weg zu <a title=\"Recycling\" href=\"https:\/\/www.freiburg-schwarzwald.de\/blog\/natur\/umwelt\/recycling\/\">Recyclinghof <\/a>und Remondis zu sparen. <a title=\"Obdachlos\" href=\"https:\/\/www.freiburg-schwarzwald.de\/blog\/selbsthilfe\/soziales\/obdachlos\/\">Mehr<\/a><\/p>\n","protected":false},"excerpt":{"rendered":"<p>Der Schlafplatz eines Wohnungslosen unter der Leo-Wohleb-Br\u00fccke an der Dreisam in der Oberau soll ger\u00e4umt werden &#8211; dies k\u00fcndigte das Amt f\u00fcr \u00f6ffentliche Ordnung an mit Verweis auf den zunehmenden M\u00fcll und Unrat. Nun stellt sich heraus, dass vermeintliche Gutmenschen &hellip; <a href=\"https:\/\/www.freiburg-schwarzwald.de\/blog\/gutmenschen-wohnungslose\/\">Weiterlesen <span class=\"meta-nav\">&rarr;<\/span><\/a><\/p>\n","protected":false},"author":2,"featured_media":0,"comment_status":"open","ping_status":"closed","sticky":false,"template":"","format":"standard","meta":{"footnotes":""},"categories":[379,157,91],"tags":[515,169,251,278],"class_list":["post-49110","post","type-post","status-publish","format-standard","hentry","category-dreisam","category-oeffentlicher-raum","category-wohnen","tag-konsum","tag-mull","tag-obdachlos","tag-wohnungslos"],"_links":{"self":[{"href":"https:\/\/www.freiburg-schwarzwald.de\/blog\/wp-json\/wp\/v2\/posts\/49110","targetHints":{"allow":["GET"]}}],"collection":[{"href":"https:\/\/www.freiburg-schwarzwald.de\/blog\/wp-json\/wp\/v2\/posts"}],"about":[{"href":"https:\/\/www.freiburg-schwarzwald.de\/blog\/wp-json\/wp\/v2\/types\/post"}],"author":[{"embeddable":true,"href":"https:\/\/www.freiburg-schwarzwald.de\/blog\/wp-json\/wp\/v2\/users\/2"}],"replies":[{"embeddable":true,"href":"https:\/\/www.freiburg-schwarzwald.de\/blog\/wp-json\/wp\/v2\/comments?post=49110"}],"version-history":[{"count":0,"href":"https:\/\/www.freiburg-schwarzwald.de\/blog\/wp-json\/wp\/v2\/posts\/49110\/revisions"}],"wp:attachment":[{"href":"https:\/\/www.freiburg-schwarzwald.de\/blog\/wp-json\/wp\/v2\/media?parent=49110"}],"wp:term":[{"taxonomy":"category","embeddable":true,"href":"https:\/\/www.freiburg-schwarzwald.de\/blog\/wp-json\/wp\/v2\/categories?post=49110"},{"taxonomy":"post_tag","embeddable":true,"href":"https:\/\/www.freiburg-schwarzwald.de\/blog\/wp-json\/wp\/v2\/tags?post=49110"}],"curies":[{"name":"wp","href":"https:\/\/api.w.org\/{rel}","templated":true}]}}