{"id":4911,"date":"2012-06-12T13:23:30","date_gmt":"2012-06-12T13:23:30","guid":{"rendered":"https:\/\/www.freiburg-schwarzwald.de\/blog\/?p=4911"},"modified":"2012-06-12T13:23:39","modified_gmt":"2012-06-12T13:23:39","slug":"dorfplatzfest-littenweiler-am-21-und-22-juli-2012","status":"publish","type":"post","link":"https:\/\/www.freiburg-schwarzwald.de\/blog\/dorfplatzfest-littenweiler-am-21-und-22-juli-2012\/","title":{"rendered":"Dorfplatzfest Littenweiler am 21. und 22.Juli 2012"},"content":{"rendered":"<p>Alle zwei Jahre ist es soweit, dann wird wieder das Dorfplatz\u00adfest rund um den B\u00fcrgersaal von Littenweiler gefeiert! Das Dorfplatzfest, zu dem die <a title=\"Littenweiler\" href=\"https:\/\/www.freiburg-schwarzwald.de\/blog\/regio\/freiburg\/littenweiler\/\">Littenweiler<\/a> Vereine und Pfarr\u00adgemeinden einladen,\u00a0 hat sich zu einer beliebten Veranstaltung ent\u00adwickelt, bei dem man sich trifft und gem\u00fctlich zusammen sitzt. Auch in diesem Jahr haben der Litten\u00adwei\u00adler Bauernmarktverein, der Musikverein, die Narrenzunft der W\u00fchlm\u00e4use, der B\u00fcrgerverein, der B\u00e4chlechor, der Gesangverein Frohsinn und viele weitere Aktive im Stadt\u00adteil ein abwechslungsreiches Programm zusammengestellt: <!--more-->Am Samstag, 21. Juli, um 16.00 Uhr wird der Schulchor der Rein\u00adhold-Schneider Schule unter Leitung von Raimund Koslik und die Tanzschule Br\u00f6nnimann in der Sporthalle den \u201eStruwwelpeter\u201c von Cesar Bresgen singend und tanzend umsetzen. Im Schulhof bieten die Pfadfinder der St. Barbara Gemeinde ein originelles Kistenstapeln an. Ab 17.30 Uhr spielt das Orchester des Littenweiler Musikvereins auf, das durch den legend\u00e4ren Fassanstich\u00a0 unterbrochen wird. Schwungvoll geht es dann um 20.00 Uhr mit den \u201eRed House Hot Six\u201c und Oldtime-Jazz der 20er und 30er Jahre weiter.<br \/>\nAm Sonntag, 22. Juli, beginnt das Fest um 10.00 Uhr mit einem \u00f6kumenischen Gottesdienst. Um 12.00 Uhr singt der Ge\u00adsangverein Frohsinn, dem sich ab 13.00 Uhr das Jugend\u00adorchester und die Percussiongruppe des Musikvereins anschlie\u00dfen. Um 15.00 Uhr tritt der\u00a0 B\u00e4chlechor im B\u00fcrgersaal auf und um 15.45 Uhr wird die PH-Bigband aufspielen. Die Ministranten der St. Barbara Gemeinde bieten bis 14.00 Uhr Spiele an und ab 17.00 Uhr wird das Spielmobil auf dem Schulhof der Reinhold- Schneider-Schule zu Gast sein.\u00a0<br \/>\nNat\u00fcrlich ist auch in diesem Jahr wieder f\u00fcr das leibliche Wohl gesorgt: Es werden W\u00fcrstchen gebraten, Kaffee und Kuchen verkauft und erfrischende Getr\u00e4nke angeboten. Hoffen wir beim Dorfplatzfest auf sommerliche Temperaturen, f\u00fcr die gute Stimmung sorgen sicherlich das reichhaltige Programm und ein reger Besuch!<br \/>\nBeate Kierey, Littenweiler Dorfblatt, 12.6.2012<\/p>\n","protected":false},"excerpt":{"rendered":"<p>Alle zwei Jahre ist es soweit, dann wird wieder das Dorfplatz\u00adfest rund um den B\u00fcrgersaal von Littenweiler gefeiert! Das Dorfplatzfest, zu dem die Littenweiler Vereine und Pfarr\u00adgemeinden einladen,\u00a0 hat sich zu einer beliebten Veranstaltung ent\u00adwickelt, bei dem man sich trifft &hellip; <a href=\"https:\/\/www.freiburg-schwarzwald.de\/blog\/dorfplatzfest-littenweiler-am-21-und-22-juli-2012\/\">Weiterlesen <span class=\"meta-nav\">&rarr;<\/span><\/a><\/p>\n","protected":false},"author":2,"featured_media":0,"comment_status":"open","ping_status":"closed","sticky":false,"template":"","format":"standard","meta":{"footnotes":""},"categories":[49,6],"tags":[],"class_list":["post-4911","post","type-post","status-publish","format-standard","hentry","category-freiburg","category-vereine"],"_links":{"self":[{"href":"https:\/\/www.freiburg-schwarzwald.de\/blog\/wp-json\/wp\/v2\/posts\/4911","targetHints":{"allow":["GET"]}}],"collection":[{"href":"https:\/\/www.freiburg-schwarzwald.de\/blog\/wp-json\/wp\/v2\/posts"}],"about":[{"href":"https:\/\/www.freiburg-schwarzwald.de\/blog\/wp-json\/wp\/v2\/types\/post"}],"author":[{"embeddable":true,"href":"https:\/\/www.freiburg-schwarzwald.de\/blog\/wp-json\/wp\/v2\/users\/2"}],"replies":[{"embeddable":true,"href":"https:\/\/www.freiburg-schwarzwald.de\/blog\/wp-json\/wp\/v2\/comments?post=4911"}],"version-history":[{"count":0,"href":"https:\/\/www.freiburg-schwarzwald.de\/blog\/wp-json\/wp\/v2\/posts\/4911\/revisions"}],"wp:attachment":[{"href":"https:\/\/www.freiburg-schwarzwald.de\/blog\/wp-json\/wp\/v2\/media?parent=4911"}],"wp:term":[{"taxonomy":"category","embeddable":true,"href":"https:\/\/www.freiburg-schwarzwald.de\/blog\/wp-json\/wp\/v2\/categories?post=4911"},{"taxonomy":"post_tag","embeddable":true,"href":"https:\/\/www.freiburg-schwarzwald.de\/blog\/wp-json\/wp\/v2\/tags?post=4911"}],"curies":[{"name":"wp","href":"https:\/\/api.w.org\/{rel}","templated":true}]}}