{"id":49019,"date":"2014-06-29T15:16:38","date_gmt":"2014-06-29T13:16:38","guid":{"rendered":"https:\/\/www.freiburg-schwarzwald.de\/blog\/?p=49019"},"modified":"2014-06-29T15:16:38","modified_gmt":"2014-06-29T13:16:38","slug":"was-bringt-uns-der-islam","status":"publish","type":"post","link":"https:\/\/www.freiburg-schwarzwald.de\/blog\/was-bringt-uns-der-islam\/","title":{"rendered":"Was bringt uns der Islam?"},"content":{"rendered":"<p>Was bringt und der <a title=\"Islam\" href=\"https:\/\/www.freiburg-schwarzwald.de\/blog\/religion\/islam\/\">Islam<\/a>? Nichts, sagen die einen. Komische Frage, die anderen. Zus\u00e4tzliche Feiertage, dritte. Wie auch immer &#8211; der Islam bringt uns dazu, \u00fcber die verkrusteten Strukturen im Verh\u00e4ltnis\u00a0<a title=\"Kirche-Staat\" href=\"https:\/\/www.freiburg-schwarzwald.de\/blog\/religion\/kirche-staat\/\">Kirche &#8211; Staat<\/a>\u00a0nachzudenken und dieses neu zu ordnen: <a title=\"Ethik\" href=\"https:\/\/www.freiburg-schwarzwald.de\/blog\/religion\/ethik\/\">Ethik<\/a> als Pflichtfach in der Schule, <a title=\"Religionsunterricht\" href=\"https:\/\/www.freiburg-schwarzwald.de\/blog\/religion\/religionsunterricht\/\">bekenntnisorientierter Religionsunterricht<\/a> in die <a title=\"Kirchen\" href=\"https:\/\/www.freiburg-schwarzwald.de\/blog\/religion\/kirchen\/\">Kirchen<\/a> und Moscheen, Kirchensteuerrecht kappen, strenge Trennung von <a title=\"Religion\" href=\"https:\/\/www.freiburg-schwarzwald.de\/blog\/religion\/\">Kirche<\/a> und Staat einf\u00fchren. <a title=\"Kirche-Staat\" href=\"https:\/\/www.freiburg-schwarzwald.de\/blog\/religion\/kirche-staat\/\">mehr<\/a><\/p>\n","protected":false},"excerpt":{"rendered":"<p>Was bringt und der Islam? Nichts, sagen die einen. Komische Frage, die anderen. Zus\u00e4tzliche Feiertage, dritte. Wie auch immer &#8211; der Islam bringt uns dazu, \u00fcber die verkrusteten Strukturen im Verh\u00e4ltnis\u00a0Kirche &#8211; Staat\u00a0nachzudenken und dieses neu zu ordnen: Ethik als &hellip; <a href=\"https:\/\/www.freiburg-schwarzwald.de\/blog\/was-bringt-uns-der-islam\/\">Weiterlesen <span class=\"meta-nav\">&rarr;<\/span><\/a><\/p>\n","protected":false},"author":2,"featured_media":0,"comment_status":"open","ping_status":"closed","sticky":false,"template":"","format":"standard","meta":{"footnotes":""},"categories":[267,89,19,95],"tags":[421,484,585,504],"class_list":["post-49019","post","type-post","status-publish","format-standard","hentry","category-hochschulen","category-kirchen","category-religion","category-schulen","tag-islam","tag-kommune","tag-schule","tag-weiterbildung"],"_links":{"self":[{"href":"https:\/\/www.freiburg-schwarzwald.de\/blog\/wp-json\/wp\/v2\/posts\/49019","targetHints":{"allow":["GET"]}}],"collection":[{"href":"https:\/\/www.freiburg-schwarzwald.de\/blog\/wp-json\/wp\/v2\/posts"}],"about":[{"href":"https:\/\/www.freiburg-schwarzwald.de\/blog\/wp-json\/wp\/v2\/types\/post"}],"author":[{"embeddable":true,"href":"https:\/\/www.freiburg-schwarzwald.de\/blog\/wp-json\/wp\/v2\/users\/2"}],"replies":[{"embeddable":true,"href":"https:\/\/www.freiburg-schwarzwald.de\/blog\/wp-json\/wp\/v2\/comments?post=49019"}],"version-history":[{"count":0,"href":"https:\/\/www.freiburg-schwarzwald.de\/blog\/wp-json\/wp\/v2\/posts\/49019\/revisions"}],"wp:attachment":[{"href":"https:\/\/www.freiburg-schwarzwald.de\/blog\/wp-json\/wp\/v2\/media?parent=49019"}],"wp:term":[{"taxonomy":"category","embeddable":true,"href":"https:\/\/www.freiburg-schwarzwald.de\/blog\/wp-json\/wp\/v2\/categories?post=49019"},{"taxonomy":"post_tag","embeddable":true,"href":"https:\/\/www.freiburg-schwarzwald.de\/blog\/wp-json\/wp\/v2\/tags?post=49019"}],"curies":[{"name":"wp","href":"https:\/\/api.w.org\/{rel}","templated":true}]}}