{"id":49004,"date":"2014-06-25T17:55:21","date_gmt":"2014-06-25T15:55:21","guid":{"rendered":"https:\/\/www.freiburg-schwarzwald.de\/blog\/?p=49004"},"modified":"2014-06-28T17:55:46","modified_gmt":"2014-06-28T15:55:46","slug":"radler-warten-auf-ultra-bike","status":"publish","type":"post","link":"https:\/\/www.freiburg-schwarzwald.de\/blog\/radler-warten-auf-ultra-bike\/","title":{"rendered":"Radler &#8211; Warten auf Ultra Bike"},"content":{"rendered":"<p>Viele warten auf den n\u00e4chsten <a title=\"Ultra-Bike\" href=\"https:\/\/www.freiburg-schwarzwald.de\/blog\/sport\/sportlern\/biken\/ultra-bike\/\">\u201eUltra-Bike\u201c<\/a>.\u00a0Zu \u201eGenusstouren mit Radler-Hock\u201c trafen sich \u00fcber 400 <a title=\"MTB-Kirchzarten\" href=\"https:\/\/www.freiburg-schwarzwald.de\/blog\/sport\/sportlern\/biken\/mtb-kirchzarten\/\">Mountainbiker<\/a> \u2013 Immer noch keine beh\u00f6rdliche Duldung f\u00fcr Trainingsbetrieb am <a title=\"Giersberg\" href=\"https:\/\/www.freiburg-schwarzwald.de\/blog\/regio\/berge\/giersberg\/\">Hexenw\u00e4ldle<\/a>. Eigentlich w\u00e4ren am letzten Sonntag in Kirchzarten \u00fcber <a title=\"Biken\" href=\"https:\/\/www.freiburg-schwarzwald.de\/blog\/sport\/sportlern\/biken\/\">5000 Mountainbiker aus ganz Europa<\/a> beim \u201eBlack Forest ULTRA Bike Marathon\u201c auf f\u00fcnf Strecken durch den S\u00fcdschwarzwald gefahren <!--more-->und h\u00e4tten am Nachmittag nach dem Zieleinlauf im Sportstadion an der Oberrieder Stra\u00dfe ein gro\u00dfes Fest der Begegnung gefeiert. Eigentlich. W\u00e4re da nicht vor \u00fcber einem Jahr der B\u00fcrgerentscheid gewesen. Dabei hatte sich die Mehrheit der Kirchzartener B\u00fcrger gegen Mountainbike am Giersberg ausgesprochen. F\u00fcr die seit \u00fcber f\u00fcnfundzwanzig Jahren im SV Kirchzarten verantwortlichen Organisatoren vom Ultra-Bike, aber auch von Weltcups und internationalen Meisterschaften, war das eine solch gro\u00dfe Entt\u00e4uschung, dass die OK-Leitung zur\u00fccktrat und die \u00fcbrigen Aktiven f\u00fcr 2014 eine \u201eUltra-Bike-Denkpause\u201c beschlossen. Doch so ganz ohne Mountainbike sollte das traditionelle Ultra-Bike-Wochenende nicht stattfinden. So fand am Samstag das Auftaktrennen der Nachwuchserie \u201eSchwarzw\u00e4lder Kids-Cup\u201c statt. Und am Sonntag hatten die Ultra-Bike-Aktivisten unter dem Motto \u201eKirchzarten + Mountainbike: na klar!\u201c zu MTB-Touren mit Radler-Hock eingeladen. Rund 300 Biker aus der Region, aber auch aus dem Schw\u00e4bischen, dem Elsass und Nordbaden, trafen sich morgens in Kirchzarten zu sechs unterschiedlichen Touren. Sie f\u00fchrten \u00fcber 30 bis 110 Kilometer ins Feldberggebiet, zum Schauinsland, Kandel und gar bis ins Simonsw\u00e4lder Tal. Dabei ging es diesmal nicht um Bestzeiten, sondern um den Genuss der herrlichen Schwarzwaldlandschaft.<br \/>\nAm Nachmittag trafen sich alle \u2013 und \u00fcber hundert weitere Mountainbike-Sympathisanten \u2013 zum \u201eRadler-Hock\u201c am Stadion. Hei\u00dfes Gespr\u00e4chsthema war dabei selbstverst\u00e4ndlich die Frage nach der Zukunft des \u201eUltra-Bike\u201c. Von den Veranstaltern wollte dazu am Sonntag immer noch keiner etwas Konkretes sagen. Schlie\u00dflich seien Themen wie Trainingsgel\u00e4nde f\u00fcr den Nachwuchs am Hexenw\u00e4ldle oder Beschluss der Erholungswaldsatzung immer noch nicht gekl\u00e4rt. Wohltuend war aber rundum die von den angereisten Bikern sp\u00fcrbare Solidarit\u00e4t mit den Ultra-Bike-Organisatoren. Thomas M\u00f6hringer aus Ettenheim-Altdorf, der bereits achtmal mitgefahren ist, war aus Sympathie und Tradition gekommen: \u201eDer Ultra-Bike hat Kultstatus. Und die Genussfahrt heute hat mit dem tollen Guide Eckhard viel Freude gemacht.\u201c Er habe unheimlich viel vom Schwarzwald gesehen. Aus Elzach war Leonhard L\u00e4ufer, sechsmal bisher gestartet und dabei einmal Deutscher Feuerwehrmeister im Team geworden, angereist: \u201eIch will den Verein hier unterst\u00fctzen, weil ich bei den Veranstaltungen sehr viel Menschlichkeit erlebt habe. Und wie die hier die Kids zum Sport f\u00fchren, ist fantastisch.\u201c Waldemar Malek aus Norsingen, zw\u00f6lfmal am Start, bedauerte: \u201eSchade, dass heute kein Ultra-Bike war. Ein solch gro\u00dfer Event in Mitteleuropa muss unbedingt fortgesetzt werden. Das ist doch auch eine riesige Werbung f\u00fcr Kirchzarten.\u201c Extra aus Albstadt angereist waren Bettina Haug, Markus Amann und Frank B\u00f6ttcher. Sie fuhren 70 Kilometer mit Thomas Zipfel und waren begeistert: \u201eWir hoffen sehr, dass das Rennen n\u00e4chstes Jahr wieder stattfindet. Aber auch die Tour heute hat sich f\u00fcr uns gelohnt.\u201c<br \/>\nDas sah auch der Gesch\u00e4ftsf\u00fchrer von Testo Industrial Services, J\u00fcrgen Hinn, einer der vielen hilfreichen Sponsoren, so: \u201eWir sind mit einem Team von zehn Mitarbeitenden heute vierzig Kilometer gefahren und viel Spa\u00df. F\u00fcr unser regelm\u00e4\u00dfiges Training war aber der Ultra-Bike immer besonderer Ansporn. Die Veranstaltung mit Leuchtturm-Charakter muss bleiben.\u201c Testo w\u00fcrde auch als Sponsor weiter dabei sein. Einige Mitglieder des Ultra-Bike-OKs nutzten den \u201efreien Sonntag\u201c, um selbst mitzufahren. Wie Manfred V\u00f6gtle, der sechzehn Jahre f\u00fcr den \u201eSchilderwald\u201c beim Ultra-Bike verantwortlich war: \u201eHeute bin ich in einer netten Gruppe drei\u00dfig Kilometer mit 700 H\u00f6henmetern gefahren. Das hat Spa\u00df gemacht.\u201c<\/p>\n<p><a href=\"https:\/\/www.freiburg-schwarzwald.de\/blog\/radler-warten-auf-ultra-bike\/radler1hock1406\/\" rel=\"attachment wp-att-49005\"><img loading=\"lazy\" decoding=\"async\" class=\"alignnone size-thumbnail wp-image-49005\" alt=\"radler1hock1406\" src=\"https:\/\/www.freiburg-schwarzwald.de\/blog\/wp-content\/uploads\/2014\/06\/radler1hock1406-180x119.jpg\" width=\"180\" height=\"119\" srcset=\"https:\/\/www.freiburg-schwarzwald.de\/blog\/wp-content\/uploads\/2014\/06\/radler1hock1406-180x119.jpg 180w, https:\/\/www.freiburg-schwarzwald.de\/blog\/wp-content\/uploads\/2014\/06\/radler1hock1406-640x425.jpg 640w, https:\/\/www.freiburg-schwarzwald.de\/blog\/wp-content\/uploads\/2014\/06\/radler1hock1406.jpg 641w\" sizes=\"auto, (max-width: 180px) 100vw, 180px\" \/><\/a>\u00a0(1)\u00a0\u00a0\u00a0\u00a0\u00a0\u00a0\u00a0\u00a0 <a href=\"https:\/\/www.freiburg-schwarzwald.de\/blog\/radler-warten-auf-ultra-bike\/radler-hock1406\/\" rel=\"attachment wp-att-49006\"><img loading=\"lazy\" decoding=\"async\" class=\"alignnone size-thumbnail wp-image-49006\" alt=\"radler-hock1406\" src=\"https:\/\/www.freiburg-schwarzwald.de\/blog\/wp-content\/uploads\/2014\/06\/radler-hock1406-180x119.jpg\" width=\"180\" height=\"119\" srcset=\"https:\/\/www.freiburg-schwarzwald.de\/blog\/wp-content\/uploads\/2014\/06\/radler-hock1406-180x119.jpg 180w, https:\/\/www.freiburg-schwarzwald.de\/blog\/wp-content\/uploads\/2014\/06\/radler-hock1406-640x425.jpg 640w, https:\/\/www.freiburg-schwarzwald.de\/blog\/wp-content\/uploads\/2014\/06\/radler-hock1406.jpg 641w\" sizes=\"auto, (max-width: 180px) 100vw, 180px\" \/><\/a>\u00a0(2)<\/p>\n<p>(1) Mountainbiker machten sich am Sonntagmorgen in \u00fcberschaubaren Gruppen in der Buswendeschleife zu wundersch\u00f6nen Touren durch den S\u00fcdschwarzwald auf.<br \/>\n(2)\u00a0Im Sportstadion Kirchzarten trafen sich die Biker nach ihren Touren zum Radler-Hock.\u00a0 Fotos: Gerhard L\u00fcck<\/p>\n<p>Auch B\u00fcrgermeister Andreas Hall, dem die Zukunft des Ultra-Bikes nicht gleichg\u00fcltig ist, begr\u00fc\u00dfte die Veranstaltung und kam auf einen Kaffee und Kuchen im Stadion vorbei: \u201eIch freue mich, dass die Organisatoren den Mut noch nicht verloren haben.\u201c Inst\u00e4ndig hofft er auf eine baldige Duldung seitens der Beh\u00f6rden f\u00fcr den Trainingsbetrieb am Hexenw\u00e4ldle: \u201eIch h\u00e4tte das so gerne heute mitgeteilt.\u201c Er freue sich, dass zumindest der notwendige Gel\u00e4ndetausch mit der Stadt Freiburg in trockenen T\u00fcchern sei. Halls Stellvertreter Franz Kromer bittet alle Biker um Vertrauen in die Arbeit des Gemeinderates: \u201eWir stehen zu der Veranstaltung und zum Mountainbikesport.\u201c Ob allerdings mit Worten die Zukunft des Ultra-Bikes zu retten ist, blieb am Sonntagabend offen.<br \/>\n25.6.2014, Gerhard L\u00fcck, <a href=\"https:\/\/www.dreisamtaeler.de\">www.dreisamtaeler.de<\/a><\/p>\n<p>&nbsp;<\/p>\n","protected":false},"excerpt":{"rendered":"<p>Viele warten auf den n\u00e4chsten \u201eUltra-Bike\u201c.\u00a0Zu \u201eGenusstouren mit Radler-Hock\u201c trafen sich \u00fcber 400 Mountainbiker \u2013 Immer noch keine beh\u00f6rdliche Duldung f\u00fcr Trainingsbetrieb am Hexenw\u00e4ldle. Eigentlich w\u00e4ren am letzten Sonntag in Kirchzarten \u00fcber 5000 Mountainbiker aus ganz Europa beim \u201eBlack Forest &hellip; <a href=\"https:\/\/www.freiburg-schwarzwald.de\/blog\/radler-warten-auf-ultra-bike\/\">Weiterlesen <span class=\"meta-nav\">&rarr;<\/span><\/a><\/p>\n","protected":false},"author":2,"featured_media":0,"comment_status":"open","ping_status":"closed","sticky":false,"template":"","format":"standard","meta":{"footnotes":""},"categories":[1],"tags":[],"class_list":["post-49004","post","type-post","status-publish","format-standard","hentry","category-allgemein"],"_links":{"self":[{"href":"https:\/\/www.freiburg-schwarzwald.de\/blog\/wp-json\/wp\/v2\/posts\/49004","targetHints":{"allow":["GET"]}}],"collection":[{"href":"https:\/\/www.freiburg-schwarzwald.de\/blog\/wp-json\/wp\/v2\/posts"}],"about":[{"href":"https:\/\/www.freiburg-schwarzwald.de\/blog\/wp-json\/wp\/v2\/types\/post"}],"author":[{"embeddable":true,"href":"https:\/\/www.freiburg-schwarzwald.de\/blog\/wp-json\/wp\/v2\/users\/2"}],"replies":[{"embeddable":true,"href":"https:\/\/www.freiburg-schwarzwald.de\/blog\/wp-json\/wp\/v2\/comments?post=49004"}],"version-history":[{"count":0,"href":"https:\/\/www.freiburg-schwarzwald.de\/blog\/wp-json\/wp\/v2\/posts\/49004\/revisions"}],"wp:attachment":[{"href":"https:\/\/www.freiburg-schwarzwald.de\/blog\/wp-json\/wp\/v2\/media?parent=49004"}],"wp:term":[{"taxonomy":"category","embeddable":true,"href":"https:\/\/www.freiburg-schwarzwald.de\/blog\/wp-json\/wp\/v2\/categories?post=49004"},{"taxonomy":"post_tag","embeddable":true,"href":"https:\/\/www.freiburg-schwarzwald.de\/blog\/wp-json\/wp\/v2\/tags?post=49004"}],"curies":[{"name":"wp","href":"https:\/\/api.w.org\/{rel}","templated":true}]}}