{"id":48883,"date":"2014-06-25T19:03:41","date_gmt":"2014-06-25T17:03:41","guid":{"rendered":"https:\/\/www.freiburg-schwarzwald.de\/blog\/?p=48883"},"modified":"2014-06-25T19:03:41","modified_gmt":"2014-06-25T17:03:41","slug":"kraeutermanufaktur-oberried","status":"publish","type":"post","link":"https:\/\/www.freiburg-schwarzwald.de\/blog\/kraeutermanufaktur-oberried\/","title":{"rendered":"Kraeutermanufaktur Oberried"},"content":{"rendered":"<p>Wir <a title=\"Frauen\" href=\"https:\/\/www.freiburg-schwarzwald.de\/blog\/selbsthilfe\/frauen\/\">Frauen<\/a> des Kr\u00e4uterland Baden-W\u00fcrttemberg e.V. sind stolz, Ihnen DIE KR\u00c4UTERMANUFAKTUR vorzustellen.\u00a0Aus einer einzigartigen Idee entstand ein ebenso einzigartiges Projekt mit \u00fcber 30 beteiligten <a title=\"Landfrauen\" href=\"https:\/\/www.freiburg-schwarzwald.de\/blog\/natur\/landwirt\/landfrauen\/\">Frauen<\/a> aus dem Schwarzwald, der Rheinebene und der Bodensee-Region. Die naturverbundenen <a title=\"Gaertnerei\" href=\"https:\/\/www.freiburg-schwarzwald.de\/blog\/natur\/landwirt\/gaertnerei\/\">Kr\u00e4uterfrauen<\/a> freuen sich, Ihnen die hochwertigen <a title=\"Heilkraeuter\" href=\"https:\/\/www.freiburg-schwarzwald.de\/blog\/business\/gesund\/heilkraeuter\/\">Kr\u00e4uterprodukte<\/a> f\u00fcr alle Sinne in <a title=\"Oberried\" href=\"https:\/\/www.freiburg-schwarzwald.de\/blog\/regio\/orte\/oberried\/\">Oberried<\/a> vorzustellen. Die duftende, vielfarbige Bl\u00fctenpracht <!--more-->wird von ihren kundigen H\u00e4nden gepflegt und geerntet. Der Erntezeitpunkt wird optimal gew\u00e4hlt, um m\u00f6glichst viele der wertvollen Inhaltsstoffe und Aromen einzufangen. Bereiten Sie Ihre Nase auf intensive Dufterlebnisse vor und genie\u00dfen Sie den Geschmack naturbelassener Kr\u00e4uter aus der Region.<\/p>\n<p>Wir laden Sie herzlich ein zur Er\u00f6ffnung der Kr\u00e4utermanufaktur am <b>Mittwoch, 2. Juli 2014 um 15.00 Uhr <\/b>in der Klosterscheune im Kr\u00e4uterdorf\u00a0 79254 Oberried, Klosterplatz 1<\/p>\n<p>Es erwarten Sie<br \/>\nKlaus Vosberg\u00a0\u00a0\u00a0\u00a0\u00a0\u00a0\u00a0\u00a0\u00a0\u00a0\u00a0\u00a0\u00a0 B\u00fcrgermeister der Gemeinde Oberried<br \/>\nEva-Maria Sch\u00fcle\u00a0\u00a0\u00a0\u00a0\u00a0\u00a0\u00a0\u00a0\u00a02. Vorsitzende Bauerngarten- und Wildkr\u00e4uterland Baden e.V.<br \/>\nFriedhilde Munz\u00a0\u00a0\u00a0\u00a0\u00a0\u00a0\u00a0\u00a0\u00a0\u00a0 Regierungspr\u00e4sidium Freiburg<br \/>\nRoland Sch\u00f6ttle\u00a0\u00a0\u00a0\u00a0\u00a0\u00a0\u00a0\u00a0\u00a0\u00a0\u00a0 Gesch\u00e4ftsf\u00fchrer Naturpark S\u00fcdschwarzwald<br \/>\nSusanne Kaufmann\u00a0\u00a0\u00a0\u00a0\u00a0 Gr\u00fcndungsberatung kaufmann-i.de, Efringen-Kirchen<br \/>\nRudi Beiser\u00a0\u00a0\u00a0\u00a0\u00a0\u00a0\u00a0\u00a0\u00a0\u00a0\u00a0\u00a0\u00a0\u00a0\u00a0\u00a0\u00a0\u00a0 Dozent der Freiburger Heilpflanzenschule und Autor, Friesenheim<br \/>\nTanja Sommer\u00a0\u00a0\u00a0\u00a0\u00a0\u00a0\u00a0\u00a0\u00a0\u00a0\u00a0\u00a0\u00a0 1. Vorsitzende Kr\u00e4uterland Baden-W\u00fcrttemberg e.V.<br \/>\nsowie tatkr\u00e4ftigen Kr\u00e4uterfrauen der KR\u00c4UTERMANUFAKTUR. Anschlie\u00dfend Ausklang mit regionalen Kr\u00e4uter-Leckereien. Damit wir besser planen k\u00f6nnen, bitten wir um Anmeldung bis 30. Juni 2014 mit Angabe der Personenzahl per E-Mail an: <a href=\"mailto:info@kraeuterland-bw.de\">info@kraeuterland-bw.de<\/a> oder telefonisch bei Hanna Heidemann 0781\/205 513 97.<br \/>\nMit duftenden Kr\u00e4utergr\u00fc\u00dfen<br \/>\nTanja Sommer, 1. Vorsitzende &amp; die Frauen des Kr\u00e4uterland Baden-W\u00fcrttemberg e.V.<br \/>\n<a href=\"https:\/\/www.kraeuterland-bw.de\">www.kraeuterland-bw.de<\/a><\/p>\n<p>25.6.2014, <a href=\"https:\/\/www.dreisamtaeler.de\">www.dreisamtaeler.de<\/a><\/p>\n","protected":false},"excerpt":{"rendered":"<p>Wir Frauen des Kr\u00e4uterland Baden-W\u00fcrttemberg e.V. sind stolz, Ihnen DIE KR\u00c4UTERMANUFAKTUR vorzustellen.\u00a0Aus einer einzigartigen Idee entstand ein ebenso einzigartiges Projekt mit \u00fcber 30 beteiligten Frauen aus dem Schwarzwald, der Rheinebene und der Bodensee-Region. Die naturverbundenen Kr\u00e4uterfrauen freuen sich, Ihnen die &hellip; <a href=\"https:\/\/www.freiburg-schwarzwald.de\/blog\/kraeutermanufaktur-oberried\/\">Weiterlesen <span class=\"meta-nav\">&rarr;<\/span><\/a><\/p>\n","protected":false},"author":2,"featured_media":0,"comment_status":"open","ping_status":"closed","sticky":false,"template":"","format":"standard","meta":{"footnotes":""},"categories":[1],"tags":[286,364,146],"class_list":["post-48883","post","type-post","status-publish","format-standard","hentry","category-allgemein","tag-bioland","tag-heilkrauter","tag-schulgarten"],"_links":{"self":[{"href":"https:\/\/www.freiburg-schwarzwald.de\/blog\/wp-json\/wp\/v2\/posts\/48883","targetHints":{"allow":["GET"]}}],"collection":[{"href":"https:\/\/www.freiburg-schwarzwald.de\/blog\/wp-json\/wp\/v2\/posts"}],"about":[{"href":"https:\/\/www.freiburg-schwarzwald.de\/blog\/wp-json\/wp\/v2\/types\/post"}],"author":[{"embeddable":true,"href":"https:\/\/www.freiburg-schwarzwald.de\/blog\/wp-json\/wp\/v2\/users\/2"}],"replies":[{"embeddable":true,"href":"https:\/\/www.freiburg-schwarzwald.de\/blog\/wp-json\/wp\/v2\/comments?post=48883"}],"version-history":[{"count":0,"href":"https:\/\/www.freiburg-schwarzwald.de\/blog\/wp-json\/wp\/v2\/posts\/48883\/revisions"}],"wp:attachment":[{"href":"https:\/\/www.freiburg-schwarzwald.de\/blog\/wp-json\/wp\/v2\/media?parent=48883"}],"wp:term":[{"taxonomy":"category","embeddable":true,"href":"https:\/\/www.freiburg-schwarzwald.de\/blog\/wp-json\/wp\/v2\/categories?post=48883"},{"taxonomy":"post_tag","embeddable":true,"href":"https:\/\/www.freiburg-schwarzwald.de\/blog\/wp-json\/wp\/v2\/tags?post=48883"}],"curies":[{"name":"wp","href":"https:\/\/api.w.org\/{rel}","templated":true}]}}