{"id":4881,"date":"2012-06-12T10:20:12","date_gmt":"2012-06-12T10:20:12","guid":{"rendered":"https:\/\/www.freiburg-schwarzwald.de\/blog\/?p=4881"},"modified":"2012-06-12T10:20:12","modified_gmt":"2012-06-12T10:20:12","slug":"lachen-lernen-auf-dem-jesuitenschloss-am-schonberg","status":"publish","type":"post","link":"https:\/\/www.freiburg-schwarzwald.de\/blog\/lachen-lernen-auf-dem-jesuitenschloss-am-schonberg\/","title":{"rendered":"Lachen lernen auf dem Jesuitenschloss am Sch\u00f6nberg"},"content":{"rendered":"<p>\u00dcber dem Jesuitenschloss lacht die Sonne, im Seminarraum dahinter <a title=\"Lachen\" href=\"https:\/\/www.freiburg-schwarzwald.de\/blog\/business\/gesund\/lachen\/\">B\u00e4rbel Hinz-K\u00e4fer<\/a>. In ihrem Kurs &#8222;150 Gl\u00fccksminuten&#8220; m\u00f6chte sie in die Theorie und Praxis von Lachen und Gl\u00fcck einf\u00fchren. Wer Lachen f\u00fcr eine spontane, nicht steuerbare Gef\u00fchls\u00e4u\u00dferung h\u00e4lt, der irrt. Dieser \u00dcberzeugung ist B\u00e4rbel Hinz-K\u00e4fer. Lachen kann man lernen, behauptet die Humor- und Lachyogatrainerin. &#8230;. Alles vom 12.6.2012 bitte lesen auf<br \/>\n<a href=\"https:\/\/www.badische-zeitung.de\/kreis-breisgau-hochschwarzwald\/lachen-kann-man-lernen--60492074.html\">https:\/\/www.badische-zeitung.de\/kreis-breisgau-hochschwarzwald\/lachen-kann-man-lernen&#8211;60492074.html<\/a><\/p>\n","protected":false},"excerpt":{"rendered":"<p>\u00dcber dem Jesuitenschloss lacht die Sonne, im Seminarraum dahinter B\u00e4rbel Hinz-K\u00e4fer. In ihrem Kurs &#8222;150 Gl\u00fccksminuten&#8220; m\u00f6chte sie in die Theorie und Praxis von Lachen und Gl\u00fcck einf\u00fchren. Wer Lachen f\u00fcr eine spontane, nicht steuerbare Gef\u00fchls\u00e4u\u00dferung h\u00e4lt, der irrt. Dieser &hellip; <a href=\"https:\/\/www.freiburg-schwarzwald.de\/blog\/lachen-lernen-auf-dem-jesuitenschloss-am-schonberg\/\">Weiterlesen <span class=\"meta-nav\">&rarr;<\/span><\/a><\/p>\n","protected":false},"author":2,"featured_media":0,"comment_status":"open","ping_status":"closed","sticky":false,"template":"","format":"standard","meta":{"footnotes":""},"categories":[36,158],"tags":[229],"class_list":["post-4881","post","type-post","status-publish","format-standard","hentry","category-engagement","category-gesund","tag-gluck"],"_links":{"self":[{"href":"https:\/\/www.freiburg-schwarzwald.de\/blog\/wp-json\/wp\/v2\/posts\/4881","targetHints":{"allow":["GET"]}}],"collection":[{"href":"https:\/\/www.freiburg-schwarzwald.de\/blog\/wp-json\/wp\/v2\/posts"}],"about":[{"href":"https:\/\/www.freiburg-schwarzwald.de\/blog\/wp-json\/wp\/v2\/types\/post"}],"author":[{"embeddable":true,"href":"https:\/\/www.freiburg-schwarzwald.de\/blog\/wp-json\/wp\/v2\/users\/2"}],"replies":[{"embeddable":true,"href":"https:\/\/www.freiburg-schwarzwald.de\/blog\/wp-json\/wp\/v2\/comments?post=4881"}],"version-history":[{"count":0,"href":"https:\/\/www.freiburg-schwarzwald.de\/blog\/wp-json\/wp\/v2\/posts\/4881\/revisions"}],"wp:attachment":[{"href":"https:\/\/www.freiburg-schwarzwald.de\/blog\/wp-json\/wp\/v2\/media?parent=4881"}],"wp:term":[{"taxonomy":"category","embeddable":true,"href":"https:\/\/www.freiburg-schwarzwald.de\/blog\/wp-json\/wp\/v2\/categories?post=4881"},{"taxonomy":"post_tag","embeddable":true,"href":"https:\/\/www.freiburg-schwarzwald.de\/blog\/wp-json\/wp\/v2\/tags?post=4881"}],"curies":[{"name":"wp","href":"https:\/\/api.w.org\/{rel}","templated":true}]}}