{"id":48772,"date":"2014-06-19T17:28:10","date_gmt":"2014-06-19T15:28:10","guid":{"rendered":"https:\/\/www.freiburg-schwarzwald.de\/blog\/?p=48772"},"modified":"2014-06-19T17:28:53","modified_gmt":"2014-06-19T15:28:53","slug":"uniplatz-online-petition-klima","status":"publish","type":"post","link":"https:\/\/www.freiburg-schwarzwald.de\/blog\/uniplatz-online-petition-klima\/","title":{"rendered":"Uniplatz &#8211; Online-Petition Klima"},"content":{"rendered":"<p>Wiese statt <a title=\"Oeffentlicher-Raum\" href=\"https:\/\/www.freiburg-schwarzwald.de\/blog\/kultur\/oeffentlicher-raum\/\">Steinw\u00fcste<\/a>. &#8222;Im ver\u00e4nderten Entwurf haben wir uns f\u00fcr mehr B\u00e4ume und 6 Wasserfontainen entschieden&#8220;, so Frank Uekermann, Leiter des <a title=\"Stadtfreiburg\" href=\"https:\/\/www.freiburg-schwarzwald.de\/blog\/regio\/freiburg\/stadtfreiburg\/\">Garten- und Tiefbauamts<\/a>, zur Anpassung\u00a0der <a title=\"Platz-der-Alten-Synagoge\" href=\"https:\/\/www.freiburg-schwarzwald.de\/blog\/regio\/freiburg\/platz-der-alten-synagoge\/\">Uniplatz-Planung<\/a> von 2006. Dies\u00a0wird als unzureichend angesehen, die Kritik h\u00e4lt an. &#8222;So eine gro\u00dfe, tote Fl\u00e4che zu schaffen, macht aus stadt\u00f6kologischer Sicht keinen Sinn&#8220;, so der Stadtklimaexperte Benjamin Bongardt\u00a0 vom <a title=\"Nabu\" href=\"https:\/\/www.freiburg-schwarzwald.de\/blog\/vereine\/nabu\/\">NABU<\/a> Deutschland.<!--more--><\/p>\n<p>Der Freiburger Meteorologe Helmut Mayer sieht in den Planungen des Uni-Platzes die &#8222;Schaffung eines lokalen Backofens&#8220;. Das st\u00e4dtische Klima ist vor weiterer \u00dcberhitzung zu bewahren.\u00a0&#8222;Gerade im stark versiegelten Innenstadtbereich wie am Platz der alten Synagoge br\u00e4uchte es mehr Gr\u00fcnfl\u00e4chen, um der gro\u00dfr\u00e4umigen Hitze lokal etwas entgegenzusetzen. Eine weitere Versiegelung ist hingegen v\u00f6llig kontraproduktiv.&#8220;<\/p>\n<p>Die Online-Petition &#8222;Wiese statt Steinw\u00fcste &#8211; Platz der Alten Synagoge mit Wiese erhalten!&#8220; hat am 19.6.2014 bereits 1700 Unterst\u00fctzer &#8211; machen Sie mit und unterschreiben Sie:<br \/>\n<a href=\"https:\/\/www.openpetition.de\/petition\/online\/wiese-statt-steinwueste-platz-der-alten-synagoge-mit-wiese-erhalten\">https:\/\/www.openpetition.de\/petition\/online\/wiese-statt-steinwueste-platz-der-alten-synagoge-mit-wiese-erhalten<\/a><\/p>\n","protected":false},"excerpt":{"rendered":"<p>Wiese statt Steinw\u00fcste. &#8222;Im ver\u00e4nderten Entwurf haben wir uns f\u00fcr mehr B\u00e4ume und 6 Wasserfontainen entschieden&#8220;, so Frank Uekermann, Leiter des Garten- und Tiefbauamts, zur Anpassung\u00a0der Uniplatz-Planung von 2006. Dies\u00a0wird als unzureichend angesehen, die Kritik h\u00e4lt an. &#8222;So eine gro\u00dfe, &hellip; <a href=\"https:\/\/www.freiburg-schwarzwald.de\/blog\/uniplatz-online-petition-klima\/\">Weiterlesen <span class=\"meta-nav\">&rarr;<\/span><\/a><\/p>\n","protected":false},"author":2,"featured_media":0,"comment_status":"open","ping_status":"closed","sticky":false,"template":"","format":"standard","meta":{"footnotes":""},"categories":[355,49,157],"tags":[715,484,576,611,338],"class_list":["post-48772","post","type-post","status-publish","format-standard","hentry","category-buergerinitiativen","category-freiburg","category-oeffentlicher-raum","tag-klima","tag-kommune","tag-offentlich","tag-spielplatz","tag-uni"],"_links":{"self":[{"href":"https:\/\/www.freiburg-schwarzwald.de\/blog\/wp-json\/wp\/v2\/posts\/48772","targetHints":{"allow":["GET"]}}],"collection":[{"href":"https:\/\/www.freiburg-schwarzwald.de\/blog\/wp-json\/wp\/v2\/posts"}],"about":[{"href":"https:\/\/www.freiburg-schwarzwald.de\/blog\/wp-json\/wp\/v2\/types\/post"}],"author":[{"embeddable":true,"href":"https:\/\/www.freiburg-schwarzwald.de\/blog\/wp-json\/wp\/v2\/users\/2"}],"replies":[{"embeddable":true,"href":"https:\/\/www.freiburg-schwarzwald.de\/blog\/wp-json\/wp\/v2\/comments?post=48772"}],"version-history":[{"count":0,"href":"https:\/\/www.freiburg-schwarzwald.de\/blog\/wp-json\/wp\/v2\/posts\/48772\/revisions"}],"wp:attachment":[{"href":"https:\/\/www.freiburg-schwarzwald.de\/blog\/wp-json\/wp\/v2\/media?parent=48772"}],"wp:term":[{"taxonomy":"category","embeddable":true,"href":"https:\/\/www.freiburg-schwarzwald.de\/blog\/wp-json\/wp\/v2\/categories?post=48772"},{"taxonomy":"post_tag","embeddable":true,"href":"https:\/\/www.freiburg-schwarzwald.de\/blog\/wp-json\/wp\/v2\/tags?post=48772"}],"curies":[{"name":"wp","href":"https:\/\/api.w.org\/{rel}","templated":true}]}}