{"id":48712,"date":"2014-06-17T14:05:23","date_gmt":"2014-06-17T12:05:23","guid":{"rendered":"https:\/\/www.freiburg-schwarzwald.de\/blog\/?p=48712"},"modified":"2014-06-17T14:15:24","modified_gmt":"2014-06-17T12:15:24","slug":"tag-der-altenvielfalt-oekostation","status":"publish","type":"post","link":"https:\/\/www.freiburg-schwarzwald.de\/blog\/tag-der-altenvielfalt-oekostation\/","title":{"rendered":"Tag der Altenvielfalt Oekostation"},"content":{"rendered":"<p>Ein beeindruckendes Bild davon, wie viele <a title=\"Flora\" href=\"https:\/\/www.freiburg-schwarzwald.de\/blog\/natur\/flora\/\">Pflanzen<\/a> und Tiere mitten in der Stadt leben, konnten sich am Sonntag die rund 350 Besucher des diesj\u00e4hrigen Freiburger Geo-Tags der <a title=\"Naturschutz\" href=\"https:\/\/www.freiburg-schwarzwald.de\/blog\/natur\/naturschutz\/\">Artenvielfalt<\/a> machen: In einem Umkreis von nur wenigen hundert Metern rund um die <a title=\"Oekostation\" href=\"https:\/\/www.freiburg-schwarzwald.de\/blog\/natur\/umwelt\/oekostation\/\">\u00d6kostation<\/a> im Seepark fanden und bestimmten sie unter Anleitung von Experten einer ersten Sch\u00e4tzung zufolge rund 320 Arten. <!--more-->Einige davon gelten als gef\u00e4hrdet \u2013 zum Beispiel die Braunschuppige Sandbiene, die auch Glockenblumen-Sandbiene hei\u00dft.<\/p>\n<p><a href=\"https:\/\/www.freiburg-schwarzwald.de\/blog\/tag-der-altenvielfalt-oekostation\/sandbiene140611\/\" rel=\"attachment wp-att-48714\"><img loading=\"lazy\" decoding=\"async\" class=\"alignnone size-thumbnail wp-image-48714\" alt=\"sandbiene140611\" src=\"https:\/\/www.freiburg-schwarzwald.de\/blog\/wp-content\/uploads\/2014\/06\/sandbiene140611-180x87.jpg\" width=\"180\" height=\"87\" srcset=\"https:\/\/www.freiburg-schwarzwald.de\/blog\/wp-content\/uploads\/2014\/06\/sandbiene140611-180x87.jpg 180w, https:\/\/www.freiburg-schwarzwald.de\/blog\/wp-content\/uploads\/2014\/06\/sandbiene140611.jpg 590w\" sizes=\"auto, (max-width: 180px) 100vw, 180px\" \/><\/a>\u00a0 Braunschuppige Sandbiene auf der roten Liste \u00a0&#8211; Bild: Andreas Braun<\/p>\n<p>Los ging\u2019s am Vormittag mit einer Bestandsaufnahme der Gew\u00e4chse auf dem Dach der \u00d6kostation: Peter Fr\u00e4\u00dfdorf von der Uni Freiburg zeigte, wie vielf\u00e4ltig die Flora auf solch einem vom Menschen geschaffenen, nur wenigen Quadratmeter gro\u00dfen Lebensraum sein kann. &#8222;Mindestens 50 bis 70 h\u00f6here Pflanzenarten gibt es hier&#8220;, erl\u00e4uterte der Botaniker und stellte zugleich einige markante Exemplare vor: Etwa die Kaukasus-Fetthenne, die ihre Spalt\u00f6ffnungen tags\u00fcber bei Hitze geschlossen h\u00e4lt und daher gut an trockene Standorte angepasst ist. Insgesamt wurden schlie\u00dflich 91 Arten bestimmt, darunter auch die Rapunzel-Glockenblume, an welcher der Biologe Klaus Rennwald vom Entomologischen (insektenkundlichen) Arbeitskreis eine Wildbiene fand. Um sie zu bestimmen, nahm er die Biene vor\u00fcbergehend vorsichtig zwischen seine Finger und betrachtete ihre Brustoberseite. Da diese auff\u00e4llig braun beschuppt ist, konnte das nur wenige Millimeter gro\u00dfe Insekt als Braunschuppige Sandbiene (wissenschaftlich: Andrena curvungula) identifiziert werden \u2013 eine eher seltene Art, die auf der Roten Liste steht. &#8222;Beim Pollensammeln ist sie auf Glockenblumen spezialisiert&#8220;, erkl\u00e4rte Rennwald. Insekten spielten auch bei der anschlie\u00dfenden Untersuchung des Teichs im Garten der \u00d6kostation eine gro\u00dfe Rolle, einem Projekt, an dem sich \u00fcber 40 Personen beteiligten, darunter etliche Kinder. Einer von ihnen war der achtj\u00e4hrige Joshua Barban aus Merzhausen, der sich mit seiner Mutter Sandra fast den ganzen Tag \u00fcber beteiligte. Kerstin Geigenbauer von der Schutzgemeinschaft Libellen erkl\u00e4rte ihm, dass es sich bei den vielen &#8222;blauen Nadeln&#8220;, die \u00fcber dem Wasser schwirrten, um Schlanklibellen handelte: &#8222;Sogar um zwei Arten, n\u00e4mlich die Hufeisen-Azurjungfer und die Gro\u00dfe Pechlibelle&#8220;, erl\u00e4uterte die Biologin. W\u00e4hrend man diese beiden Arten noch h\u00e4ufig antreffen k\u00f6nne, seien viele andere Libellen durch die Zerst\u00f6rung ihrer Lebensr\u00e4ume bedroht. Larvenh\u00e4ute dieser Flugk\u00fcnstler konnten die Teilnehmer anschlie\u00dfend im \u00d6komobil des Regierungspr\u00e4sidiums unter dem Mikroskop betrachten.<\/p>\n<p>Eigens zum Tag der Artenvielfalt gekommen war die Lehramtsstudentin Raphaela Brenke. Sie interessierte sich vor allem f\u00fcr die vielen Heilkr\u00e4uter im Garten der \u00d6kostation: &#8222;Als Erg\u00e4nzung zum Unterrichtsfach Alltagskultur und Gesundheit&#8220;, erl\u00e4uterte sie. Mehr oder weniger zuf\u00e4llig dort gelandet war indes Familie Brekalo aus Z\u00e4hringen: &#8222;Wir haben einen Ausflug gemacht und sind so zum Aktionstag gesto\u00dfen&#8220;, erl\u00e4uterte Mutter Daniela, die von den vielen Angeboten begeistert war: &#8222;Das ist ganz toll, weil Kinder hier die Natur sinnlich erfahren k\u00f6nnen&#8220;, meinte die Tagesmutter. Ihren T\u00f6chtern Elea (2) und Alma (8) machte es dann auch viel Spa\u00df, am Stand der J\u00e4gervereinigung Freiburg \u00fcber ein Fuchsfell zu streichen oder sich von Jugendreferent Ralph Hauser die in der Stadt lebenden Wildtiere erkl\u00e4ren zu lassen. Insgesamt waren es mehr als 200 Passanten, die den ganzen Tag \u00fcber am Stand der J\u00e4ger vorbeischauten.<br \/>\nAuswertung der Ergebnisse braucht noch etwas Zeit. Laufpublikum machte dann auch den gr\u00f6\u00dften Teil \u2013 sch\u00e4tzungsweise drei Viertel \u2013 der rund 350 Besucher des Freiburger Geo-Tags der Artenvielfalt aus. &#8222;Vor diesem Hintergrund war es ein Erfolg, ihn erstmals auf einen Sonntag zu legen, denn da sind mehr Leute unterwegs als samstags&#8220;, sagt Ralf Hufnagel vom &#8222;Netzwerk Artenvielfalt&#8220;, dem Organisatoren-Team des seit 2004 j\u00e4hrlich auch in Freiburg stattfindenden und vom Naturmagazin &#8222;Geo&#8220; deutschlandweit ins Leben gerufenen Aktionstags. Die genaue Auswertung brauche zwar noch einige Zeit, aber ein paar Eckdaten gebe es bereits: &#8222;Etwa 320 Arten wurden gefunden, darunter auch einige Besonderheiten wie zum Beispiel die Glockenblumen-Sandbiene oder die Gl\u00e4nzende Faulholz-Schwebfliege&#8220;, erl\u00e4uterte Hufnagel vom Leitungsteam der \u00d6kostation.<br \/>\n17.6.2014, Andreas Braun<\/p>\n","protected":false},"excerpt":{"rendered":"<p>Ein beeindruckendes Bild davon, wie viele Pflanzen und Tiere mitten in der Stadt leben, konnten sich am Sonntag die rund 350 Besucher des diesj\u00e4hrigen Freiburger Geo-Tags der Artenvielfalt machen: In einem Umkreis von nur wenigen hundert Metern rund um die &hellip; <a href=\"https:\/\/www.freiburg-schwarzwald.de\/blog\/tag-der-altenvielfalt-oekostation\/\">Weiterlesen <span class=\"meta-nav\">&rarr;<\/span><\/a><\/p>\n","protected":false},"author":2,"featured_media":0,"comment_status":"open","ping_status":"closed","sticky":false,"template":"","format":"standard","meta":{"footnotes":""},"categories":[136,12,101,68],"tags":[256,257,258],"class_list":["post-48712","post","type-post","status-publish","format-standard","hentry","category-flora","category-natur","category-tiere","category-umwelt","tag-artenvielfalt","tag-biotop","tag-oekologie"],"_links":{"self":[{"href":"https:\/\/www.freiburg-schwarzwald.de\/blog\/wp-json\/wp\/v2\/posts\/48712","targetHints":{"allow":["GET"]}}],"collection":[{"href":"https:\/\/www.freiburg-schwarzwald.de\/blog\/wp-json\/wp\/v2\/posts"}],"about":[{"href":"https:\/\/www.freiburg-schwarzwald.de\/blog\/wp-json\/wp\/v2\/types\/post"}],"author":[{"embeddable":true,"href":"https:\/\/www.freiburg-schwarzwald.de\/blog\/wp-json\/wp\/v2\/users\/2"}],"replies":[{"embeddable":true,"href":"https:\/\/www.freiburg-schwarzwald.de\/blog\/wp-json\/wp\/v2\/comments?post=48712"}],"version-history":[{"count":0,"href":"https:\/\/www.freiburg-schwarzwald.de\/blog\/wp-json\/wp\/v2\/posts\/48712\/revisions"}],"wp:attachment":[{"href":"https:\/\/www.freiburg-schwarzwald.de\/blog\/wp-json\/wp\/v2\/media?parent=48712"}],"wp:term":[{"taxonomy":"category","embeddable":true,"href":"https:\/\/www.freiburg-schwarzwald.de\/blog\/wp-json\/wp\/v2\/categories?post=48712"},{"taxonomy":"post_tag","embeddable":true,"href":"https:\/\/www.freiburg-schwarzwald.de\/blog\/wp-json\/wp\/v2\/tags?post=48712"}],"curies":[{"name":"wp","href":"https:\/\/api.w.org\/{rel}","templated":true}]}}