{"id":4862,"date":"2012-06-12T08:54:17","date_gmt":"2012-06-12T08:54:17","guid":{"rendered":"https:\/\/www.freiburg-schwarzwald.de\/blog\/?p=4862"},"modified":"2012-06-12T10:10:46","modified_gmt":"2012-06-12T10:10:46","slug":"in-afghanistan-sterben-mehr-soldaten-durch-suizid-als-im-kampf","status":"publish","type":"post","link":"https:\/\/www.freiburg-schwarzwald.de\/blog\/in-afghanistan-sterben-mehr-soldaten-durch-suizid-als-im-kampf\/","title":{"rendered":"In Afghanistan sterben mehr Soldaten durch Suizid als im Kampf"},"content":{"rendered":"<p>Im Jahr 2012 haben sich bis jetzt bereits 154 US-amerikanische Soldaten das Leben genommen. Das sind 18 Prozent mehr als 2011. In Afghanistan starben mehr G.I.\u2019s durch <a title=\"Selbstmord\" href=\"https:\/\/www.freiburg-schwarzwald.de\/blog\/selbsthilfe\/krise\/selbstmord\/\">Suizid<\/a> als bei K\u00e4mpfen. Je mehr Kampfeins\u00e4tze ein Soldat hatte, desto st\u00e4rker gef\u00e4hrdet ist er demnach. Selbstt\u00f6tungen von Veteranen wurden in der Statistik nicht ber\u00fccksichtigt. Laut Experten ist unter Soldaten die Ansicht verbreitet, dass jedes Ersuchen um Hilfe bei Rangh\u00f6heren als Schw\u00e4che ausgelegt werde und der Karriere schade.\u00a0&#8230; mehr auf<br \/>\n<a href=\"https:\/\/www.badische-zeitung.de\/nachrichten\/ausland\/der-beste-freund-des-soldaten--60493920.html\">https:\/\/www.badische-zeitung.de\/nachrichten\/ausland\/der-beste-freund-des-soldaten&#8211;60493920.html<\/a><\/p>\n<p>&nbsp;<\/p>\n","protected":false},"excerpt":{"rendered":"<p>Im Jahr 2012 haben sich bis jetzt bereits 154 US-amerikanische Soldaten das Leben genommen. Das sind 18 Prozent mehr als 2011. In Afghanistan starben mehr G.I.\u2019s durch Suizid als bei K\u00e4mpfen. Je mehr Kampfeins\u00e4tze ein Soldat hatte, desto st\u00e4rker gef\u00e4hrdet &hellip; <a href=\"https:\/\/www.freiburg-schwarzwald.de\/blog\/in-afghanistan-sterben-mehr-soldaten-durch-suizid-als-im-kampf\/\">Weiterlesen <span class=\"meta-nav\">&rarr;<\/span><\/a><\/p>\n","protected":false},"author":2,"featured_media":0,"comment_status":"open","ping_status":"closed","sticky":false,"template":"","format":"standard","meta":{"footnotes":""},"categories":[172],"tags":[],"class_list":["post-4862","post","type-post","status-publish","format-standard","hentry","category-zukunft"],"_links":{"self":[{"href":"https:\/\/www.freiburg-schwarzwald.de\/blog\/wp-json\/wp\/v2\/posts\/4862","targetHints":{"allow":["GET"]}}],"collection":[{"href":"https:\/\/www.freiburg-schwarzwald.de\/blog\/wp-json\/wp\/v2\/posts"}],"about":[{"href":"https:\/\/www.freiburg-schwarzwald.de\/blog\/wp-json\/wp\/v2\/types\/post"}],"author":[{"embeddable":true,"href":"https:\/\/www.freiburg-schwarzwald.de\/blog\/wp-json\/wp\/v2\/users\/2"}],"replies":[{"embeddable":true,"href":"https:\/\/www.freiburg-schwarzwald.de\/blog\/wp-json\/wp\/v2\/comments?post=4862"}],"version-history":[{"count":0,"href":"https:\/\/www.freiburg-schwarzwald.de\/blog\/wp-json\/wp\/v2\/posts\/4862\/revisions"}],"wp:attachment":[{"href":"https:\/\/www.freiburg-schwarzwald.de\/blog\/wp-json\/wp\/v2\/media?parent=4862"}],"wp:term":[{"taxonomy":"category","embeddable":true,"href":"https:\/\/www.freiburg-schwarzwald.de\/blog\/wp-json\/wp\/v2\/categories?post=4862"},{"taxonomy":"post_tag","embeddable":true,"href":"https:\/\/www.freiburg-schwarzwald.de\/blog\/wp-json\/wp\/v2\/tags?post=4862"}],"curies":[{"name":"wp","href":"https:\/\/api.w.org\/{rel}","templated":true}]}}