{"id":4859,"date":"2012-06-12T08:46:08","date_gmt":"2012-06-12T08:46:08","guid":{"rendered":"https:\/\/www.freiburg-schwarzwald.de\/blog\/?p=4859"},"modified":"2012-06-12T08:46:08","modified_gmt":"2012-06-12T08:46:08","slug":"fuswallfahrt-42-km-kirchhofen-horben-kirchzarten-st-peter","status":"publish","type":"post","link":"https:\/\/www.freiburg-schwarzwald.de\/blog\/fuswallfahrt-42-km-kirchhofen-horben-kirchzarten-st-peter\/","title":{"rendered":"Fu\u00dfwallfahrt 42 km Kirchhofen &#8211; Horben &#8211; Kirchzarten &#8211; St.Peter"},"content":{"rendered":"<p>&#8222;Mit Pilgerstab und Rucksack&#8220; lautet das Thema der diesj\u00e4hrigen <a title=\"Religion\" href=\"https:\/\/www.freiburg-schwarzwald.de\/blog\/religion\/\">Fu\u00dfwallfahrt<\/a> von Kirchhofen nach St. Peter am Samstag, 16. Juni. Start f\u00fcr die 42\u00a0km lange Strecke ist um 2.45 Uhr in Kirchhofen in der Wallfahrtskirche. Die erste Station ist um 4.30 Uhr in S\u00f6lden. Weitere Stationen sind dann in Horben um 6.20 Uhr und in Kirchzarten um 11 Uhr. Den Lindenberg erreicht die Gruppe gegen 14 Uhr. Der Abschlussgottesdienst wird um 15 Uhr in der Ursulakapelle St. Peter gefeiert. Die bisherige Leiterin der Wallfahrt, Rosa Guth, hat diese Aufgabe abgegeben, nunmehr wird die Wallfahrt von acht Personen mit unterschiedlichen Aufgabengebieten organisiert. &#8222;Wir suchen Menschen, die unsere Wallfahrt nicht nur als sportliche Herausforderung betrachten, sondern sich auch betend mit unseren Themen auseinandersetzen wollen&#8220;, sagen sie.\u00a0R\u00fcckfahrt\u00a0entweder mit eigenen Autos oder mit einem organisierten Bus. Abfahrt ist um 17.30 Uhr. Wer mit dem Bus fahren will, sollten sich bei Gabi Mayer, Tel\u00a007633\/82882, melden.<\/p>\n<p><!-- RSPEAK_STOP --><\/p>\n","protected":false},"excerpt":{"rendered":"<p>&#8222;Mit Pilgerstab und Rucksack&#8220; lautet das Thema der diesj\u00e4hrigen Fu\u00dfwallfahrt von Kirchhofen nach St. Peter am Samstag, 16. Juni. Start f\u00fcr die 42\u00a0km lange Strecke ist um 2.45 Uhr in Kirchhofen in der Wallfahrtskirche. Die erste Station ist um 4.30 &hellip; <a href=\"https:\/\/www.freiburg-schwarzwald.de\/blog\/fuswallfahrt-42-km-kirchhofen-horben-kirchzarten-st-peter\/\">Weiterlesen <span class=\"meta-nav\">&rarr;<\/span><\/a><\/p>\n","protected":false},"author":2,"featured_media":0,"comment_status":"open","ping_status":"closed","sticky":false,"template":"","format":"standard","meta":{"footnotes":""},"categories":[19,122],"tags":[],"class_list":["post-4859","post","type-post","status-publish","format-standard","hentry","category-religion","category-wandern"],"_links":{"self":[{"href":"https:\/\/www.freiburg-schwarzwald.de\/blog\/wp-json\/wp\/v2\/posts\/4859","targetHints":{"allow":["GET"]}}],"collection":[{"href":"https:\/\/www.freiburg-schwarzwald.de\/blog\/wp-json\/wp\/v2\/posts"}],"about":[{"href":"https:\/\/www.freiburg-schwarzwald.de\/blog\/wp-json\/wp\/v2\/types\/post"}],"author":[{"embeddable":true,"href":"https:\/\/www.freiburg-schwarzwald.de\/blog\/wp-json\/wp\/v2\/users\/2"}],"replies":[{"embeddable":true,"href":"https:\/\/www.freiburg-schwarzwald.de\/blog\/wp-json\/wp\/v2\/comments?post=4859"}],"version-history":[{"count":0,"href":"https:\/\/www.freiburg-schwarzwald.de\/blog\/wp-json\/wp\/v2\/posts\/4859\/revisions"}],"wp:attachment":[{"href":"https:\/\/www.freiburg-schwarzwald.de\/blog\/wp-json\/wp\/v2\/media?parent=4859"}],"wp:term":[{"taxonomy":"category","embeddable":true,"href":"https:\/\/www.freiburg-schwarzwald.de\/blog\/wp-json\/wp\/v2\/categories?post=4859"},{"taxonomy":"post_tag","embeddable":true,"href":"https:\/\/www.freiburg-schwarzwald.de\/blog\/wp-json\/wp\/v2\/tags?post=4859"}],"curies":[{"name":"wp","href":"https:\/\/api.w.org\/{rel}","templated":true}]}}