{"id":48523,"date":"2014-06-04T20:46:16","date_gmt":"2014-06-04T18:46:16","guid":{"rendered":"https:\/\/www.freiburg-schwarzwald.de\/blog\/?p=48523"},"modified":"2014-06-04T20:46:16","modified_gmt":"2014-06-04T18:46:16","slug":"kleinkunst-sucht-junge-kuenstler","status":"publish","type":"post","link":"https:\/\/www.freiburg-schwarzwald.de\/blog\/kleinkunst-sucht-junge-kuenstler\/","title":{"rendered":"Kleinkunst sucht junge Kuenstler"},"content":{"rendered":"<p>In der Tradition der offenen B\u00fchnen in New York, Mailand oder Berlin bietet das \u201eKleinkunst Festival Hochschwarzwald\u201c vom 19.-27.09.2014 <a title=\"Kunst\" href=\"https:\/\/www.freiburg-schwarzwald.de\/blog\/kultur\/kunst\/\">jungen K\u00fcnstlern<\/a> aus der Region eine Plattform, Erfahrungen vor Publikum zu sammeln. Ob Musik, <a title=\"Theater\" href=\"https:\/\/www.freiburg-schwarzwald.de\/blog\/kultur\/theater\/\">Kabarett<\/a>, Comedy, Zauberei, Stimmakrobatik oder Poetrie Slam&#8230; Gesucht sind Neu- und Quereinsteiger, Rampenprofis oder schr\u00e4ge V\u00f6gel, die ein Programm von ca. 20 Min. auf der B\u00fchne in <a title=\"Breitnau\" href=\"https:\/\/www.freiburg-schwarzwald.de\/blog\/regio\/orte\/breitnau\/\">Breitnau<\/a> pr\u00e4sentieren k\u00f6nnen. <!--more-->Die \u201eOffene B\u00fchne\u201c ist ein Forum, seine F\u00e4higkeiten zu zeigen und in Austausch mit dem Publikum und anderen K\u00fcnstlern zu kommen.<\/p>\n<p><a href=\"https:\/\/www.freiburg-schwarzwald.de\/blog\/kleinkunst-sucht-junge-kuenstler\/acoustic-five-breitnau140604\/\" rel=\"attachment wp-att-48524\"><img loading=\"lazy\" decoding=\"async\" class=\"alignnone size-thumbnail wp-image-48524\" alt=\"acoustic-five-breitnau140604\" src=\"https:\/\/www.freiburg-schwarzwald.de\/blog\/wp-content\/uploads\/2014\/06\/acoustic-five-breitnau140604-180x130.jpg\" width=\"180\" height=\"130\" srcset=\"https:\/\/www.freiburg-schwarzwald.de\/blog\/wp-content\/uploads\/2014\/06\/acoustic-five-breitnau140604-180x130.jpg 180w, https:\/\/www.freiburg-schwarzwald.de\/blog\/wp-content\/uploads\/2014\/06\/acoustic-five-breitnau140604.jpg 640w\" sizes=\"auto, (max-width: 180px) 100vw, 180px\" \/><\/a><\/p>\n<p>\u201eAcoustic Five\u201c um Conny Goldschmidt. Die mittlerweile \u00e4u\u00dferst erfolgreiche Formation aus Kirchzarten hatte beim Kleinkunstfestival 2012 in Breitnau einen ihrer ersten gro\u00dfen Auftritte.<\/p>\n<p>Die Veranstaltung findet am Mittwoch, 24.09.2014 um 20 Uhr im Pfarrhof in Breitnau statt. Wer interessiert ist, mitzumachen, meldet sich bis 31. Juli 2014 beim K\u00fcnstlerischen Leiter des Kleinkunst Festivals Martin Wangler unter Tel. 0172\/4354208 oder per Mail: <a href=\"mailto:martin.wangler@gmx.de\">martin.wangler@gmx.de<\/a><br \/>\n4.6.2014, <a href=\"https:\/\/www.dreisamtaeler.de\">www.dreisamtaeler.de<\/a><\/p>\n<p>Foto: privat<\/p>\n","protected":false},"excerpt":{"rendered":"<p>In der Tradition der offenen B\u00fchnen in New York, Mailand oder Berlin bietet das \u201eKleinkunst Festival Hochschwarzwald\u201c vom 19.-27.09.2014 jungen K\u00fcnstlern aus der Region eine Plattform, Erfahrungen vor Publikum zu sammeln. Ob Musik, Kabarett, Comedy, Zauberei, Stimmakrobatik oder Poetrie Slam&#8230; &hellip; <a href=\"https:\/\/www.freiburg-schwarzwald.de\/blog\/kleinkunst-sucht-junge-kuenstler\/\">Weiterlesen <span class=\"meta-nav\">&rarr;<\/span><\/a><\/p>\n","protected":false},"author":2,"featured_media":0,"comment_status":"open","ping_status":"closed","sticky":false,"template":"","format":"standard","meta":{"footnotes":""},"categories":[13,119,214],"tags":[248,568,392,733],"class_list":["post-48523","post","type-post","status-publish","format-standard","hentry","category-kultur","category-kunst","category-theater","tag-feste","tag-jugend-2","tag-kleinkunst","tag-theater"],"_links":{"self":[{"href":"https:\/\/www.freiburg-schwarzwald.de\/blog\/wp-json\/wp\/v2\/posts\/48523","targetHints":{"allow":["GET"]}}],"collection":[{"href":"https:\/\/www.freiburg-schwarzwald.de\/blog\/wp-json\/wp\/v2\/posts"}],"about":[{"href":"https:\/\/www.freiburg-schwarzwald.de\/blog\/wp-json\/wp\/v2\/types\/post"}],"author":[{"embeddable":true,"href":"https:\/\/www.freiburg-schwarzwald.de\/blog\/wp-json\/wp\/v2\/users\/2"}],"replies":[{"embeddable":true,"href":"https:\/\/www.freiburg-schwarzwald.de\/blog\/wp-json\/wp\/v2\/comments?post=48523"}],"version-history":[{"count":0,"href":"https:\/\/www.freiburg-schwarzwald.de\/blog\/wp-json\/wp\/v2\/posts\/48523\/revisions"}],"wp:attachment":[{"href":"https:\/\/www.freiburg-schwarzwald.de\/blog\/wp-json\/wp\/v2\/media?parent=48523"}],"wp:term":[{"taxonomy":"category","embeddable":true,"href":"https:\/\/www.freiburg-schwarzwald.de\/blog\/wp-json\/wp\/v2\/categories?post=48523"},{"taxonomy":"post_tag","embeddable":true,"href":"https:\/\/www.freiburg-schwarzwald.de\/blog\/wp-json\/wp\/v2\/tags?post=48523"}],"curies":[{"name":"wp","href":"https:\/\/api.w.org\/{rel}","templated":true}]}}