{"id":48506,"date":"2014-06-04T14:23:07","date_gmt":"2014-06-04T12:23:07","guid":{"rendered":"https:\/\/www.freiburg-schwarzwald.de\/blog\/?p=48506"},"modified":"2014-06-04T14:23:07","modified_gmt":"2014-06-04T12:23:07","slug":"wm-mit-fuenf-akteuren-des-sc","status":"publish","type":"post","link":"https:\/\/www.freiburg-schwarzwald.de\/blog\/wm-mit-fuenf-akteuren-des-sc\/","title":{"rendered":"WM mit fuenf Akteuren des SC"},"content":{"rendered":"<p>Seit 2.6.2014 ist es offiziell, der 20-j\u00e4hrige <a title=\"SCfreiburg\" href=\"https:\/\/www.freiburg-schwarzwald.de\/blog\/sport\/sportvereine\/scfreiburg\/\">SC Spieler<\/a> Matthias Ginter geh\u00f6rt zu Jogi L\u00f6ws Aufgebot f\u00fcr die WM in Brasilien. Ginter ist damit der erste Sportclub-Spieler, der f\u00fcr Deutschland zu einer WM f\u00e4hrt und der j\u00fcngste <a title=\"Fussball\" href=\"https:\/\/www.freiburg-schwarzwald.de\/blog\/sport\/sportlern\/fussball\/\">Spieler<\/a> im 23-Mann-Aufgebot der deutschen Nationalmannschaft. Matthias Ginter erfuhr nach dem Fr\u00fchst\u00fcck im Kreis der\u00a0 Nationalmannschaft, dass er im 23-Mann-Aufgebot dabei ist.<!--more--> &#8222;Seither habe ich schon ein paarmal die Frage geh\u00f6rt, wie sehr ich mich freue&#8220;, so Ginter auf der SC Homepage, &#8222;die Antwort lautet: sehr.&#8220; &#8222;Wir haben in der Abwehr, im Mittelfeld und im Sturm jede Position doppelt besetzt und einen sehr ausgewogenen Kader&#8220;, sagte der Bundestrainer zu seiner Entscheidung, die Spieler Marcel Schmelzer, Kevin Volland und Shkodran Mustafi aus dem vorl\u00e4ufigen Kader zu streichen.\u00a0F\u00fcr Matthias Ginter geht es nach drei Tagen Kurzurlaub zu Hause morgen bereits wieder zur Nationalmannschaft, die am Freitagabend in Mainz gegen Armenien zu ihrem letzten Test vor der Weltmeisterschaft antritt (20.45 Uhr, live im ZDF). Weitere Freiburger WM-Fahrer sind Admir Mehmedi und Gelson Fernandes f\u00fcr die Schweiz, sowie Mensur Mujdza f\u00fcr Bosnien-Herzogowina. Der F\u00fcnfte SC-Akteur im Bunde ist der in Kirchzarten lebende Physiotherapeut Uwe Vetter, den der ehemalige SC Trainer und heutige Kamerun-Coach Volker Finke f\u00fcr die \u201eunbez\u00e4hmbaren L\u00f6wen\u201c gewinnen konnte.<br \/>\n4.6.2014, Gisela Heizler-Ries, <a href=\"https:\/\/www.dreisamtaeler.de\">www.dreisamtaeler.de<\/a><\/p>\n","protected":false},"excerpt":{"rendered":"<p>Seit 2.6.2014 ist es offiziell, der 20-j\u00e4hrige SC Spieler Matthias Ginter geh\u00f6rt zu Jogi L\u00f6ws Aufgebot f\u00fcr die WM in Brasilien. Ginter ist damit der erste Sportclub-Spieler, der f\u00fcr Deutschland zu einer WM f\u00e4hrt und der j\u00fcngste Spieler im 23-Mann-Aufgebot &hellip; <a href=\"https:\/\/www.freiburg-schwarzwald.de\/blog\/wm-mit-fuenf-akteuren-des-sc\/\">Weiterlesen <span class=\"meta-nav\">&rarr;<\/span><\/a><\/p>\n","protected":false},"author":2,"featured_media":0,"comment_status":"open","ping_status":"closed","sticky":false,"template":"","format":"standard","meta":{"footnotes":""},"categories":[72,124],"tags":[366,70],"class_list":["post-48506","post","type-post","status-publish","format-standard","hentry","category-sportlern","category-sportvereine-vereine","tag-fussball","tag-jugendsport"],"_links":{"self":[{"href":"https:\/\/www.freiburg-schwarzwald.de\/blog\/wp-json\/wp\/v2\/posts\/48506","targetHints":{"allow":["GET"]}}],"collection":[{"href":"https:\/\/www.freiburg-schwarzwald.de\/blog\/wp-json\/wp\/v2\/posts"}],"about":[{"href":"https:\/\/www.freiburg-schwarzwald.de\/blog\/wp-json\/wp\/v2\/types\/post"}],"author":[{"embeddable":true,"href":"https:\/\/www.freiburg-schwarzwald.de\/blog\/wp-json\/wp\/v2\/users\/2"}],"replies":[{"embeddable":true,"href":"https:\/\/www.freiburg-schwarzwald.de\/blog\/wp-json\/wp\/v2\/comments?post=48506"}],"version-history":[{"count":0,"href":"https:\/\/www.freiburg-schwarzwald.de\/blog\/wp-json\/wp\/v2\/posts\/48506\/revisions"}],"wp:attachment":[{"href":"https:\/\/www.freiburg-schwarzwald.de\/blog\/wp-json\/wp\/v2\/media?parent=48506"}],"wp:term":[{"taxonomy":"category","embeddable":true,"href":"https:\/\/www.freiburg-schwarzwald.de\/blog\/wp-json\/wp\/v2\/categories?post=48506"},{"taxonomy":"post_tag","embeddable":true,"href":"https:\/\/www.freiburg-schwarzwald.de\/blog\/wp-json\/wp\/v2\/tags?post=48506"}],"curies":[{"name":"wp","href":"https:\/\/api.w.org\/{rel}","templated":true}]}}