{"id":4849,"date":"2012-06-11T20:43:49","date_gmt":"2012-06-11T20:43:49","guid":{"rendered":"https:\/\/www.freiburg-schwarzwald.de\/blog\/?p=4849"},"modified":"2012-06-11T20:44:05","modified_gmt":"2012-06-11T20:44:05","slug":"baumpflegeschule-busemann-seilkletterkurs","status":"publish","type":"post","link":"https:\/\/www.freiburg-schwarzwald.de\/blog\/baumpflegeschule-busemann-seilkletterkurs\/","title":{"rendered":"Baumpflegeschule Busemann &#8211; Seilkletterkurs"},"content":{"rendered":"<p>Im Innenhof des Gel\u00e4ndes am Recyclingeck\/Schnaitweg in<a title=\"Littenweiler\" href=\"https:\/\/www.freiburg-schwarzwald.de\/blog\/regio\/freiburg\/littenweiler\/\"> Littenweiler\u00a0<\/a>steht nur ein Container. Kein Laden, kein Aufenthaltsraum, aber wertvoller Stauraum f\u00fcr Klettergurte, Seile, Haken und andere Ausr\u00fcstungsgegen\u00adst\u00ad\u00e4nde, die Kay Busemann f\u00fcr seine Baumpflegeschule ben\u00f6tigt. \u201eWir haben keine Baumschule, wir pflanzen keine B\u00e4ume, es geht darum, alten Baumbestand zu erhalten und B\u00e4ume fachgerecht zu schneiden\u201c, so Kay Busemann. Auch in Littenweiler ist er viel unterwegs, denn dort gibt es einige alte B\u00e4ume, die manchen Bewohnern das Licht nehmen, oder bei denen Gefahr besteht, dass \u00c4ste abbrechen. <!--more-->\u201eEs ist manchmal schwierig den Leuten klar zu machen, dass \u00a0man den Baum nicht einfach oben abschneiden kann, wenn er zu hoch wird. Er w\u00fcrde mehrere Spitzen austreiben und dann in der Breite noch mehr Schatten werfen. Der Baum fault au\u00dferdem im Laufe der Zeit durch die Verletzungen an den gro\u00dfen Schnittstellen ein. Wir nehmen stattdessen\u00a0 oft von unten \u00c4ste weg, und lichten ihn gezielt aus\u201c, so Busemann. Das bringt mehr Licht und erh\u00e4lt den Baum.<\/p>\n<div id=\"attachment_4850\" style=\"width: 190px\" class=\"wp-caption alignnone\"><a href=\"https:\/\/www.freiburg-schwarzwald.de\/blog\/2012\/06\/11\/baumpflegeschule-busemann-seilkletterkurs\/baumpfleger-busemann\/\" rel=\"attachment wp-att-4850\"><img loading=\"lazy\" decoding=\"async\" aria-describedby=\"caption-attachment-4850\" class=\"size-thumbnail wp-image-4850\" title=\"baumpfleger-busemann\" src=\"https:\/\/www.freiburg-schwarzwald.de\/blog\/wp-content\/uploads\/2012\/06\/baumpfleger-busemann-180x139.jpg\" alt=\"\" width=\"180\" height=\"139\" srcset=\"https:\/\/www.freiburg-schwarzwald.de\/blog\/wp-content\/uploads\/2012\/06\/baumpfleger-busemann-180x139.jpg 180w, https:\/\/www.freiburg-schwarzwald.de\/blog\/wp-content\/uploads\/2012\/06\/baumpfleger-busemann.jpg 640w\" sizes=\"auto, (max-width: 180px) 100vw, 180px\" \/><\/a><p id=\"caption-attachment-4850\" class=\"wp-caption-text\">Kay Busemann - Baumpflegeschule<\/p><\/div>\n<p>Einem fachgerecht geschnittenen Baum sieht man an seiner Form nicht an, dass er bearbeitet wurde. Wie das dann technisch geht, davon bekomme ich einen Eindruck vor Ort im Wald bei G\u00fcnterstal. Zwei Sch\u00fcler aus dem Seilkletterkurs h\u00e4ngen schon im Baum und ziehen sich hoch. \u201eSchon um kleinere B\u00e4ume zu schneiden ist es sicherer zu klettern. Nach der Unfallstatistik passieren viele schwere Ver\u00adletzungen bei dem Versuch, die B\u00e4ume von der Leiter aus zu schneiden. Bei einer H\u00f6he von drei Metern f\u00e4llt man meistens genau aufs Genick, das kann t\u00f6dlich sein. Ein Fall aus sechs Metern ist oft ungef\u00e4hrlicher, man dreht sich noch einmal, landet auf den F\u00fc\u00dfen und bricht sich \u201anur\u2019 Arme oder Beine\u201c, so Kay Busemann.<br \/>\nAuch der erste Aufstieg geht ohne Leiter. Die Kletterer werfen einen Wurfbeutel an einer Wurfschnur \u2013 mit der Hand &#8211; bis zu 30 Meter hoch \u00fcber einen Ast, dann wird ein Seil daran hochgezogen und es geht aufw\u00e4rts. Im Baum h\u00e4ngen gut gesichert ein Forstwirt und ein Landschaftsg\u00e4rtner. Es kommen aber reine Baumpfleger zu den Kursen. Kay Busemann ist nicht nur selbst in Sachen Baumpflege unterwegs, er bildet auch aus. Die angehenden Baumpfleger lernen zun\u00e4chst grundlegende Klettertechniken. Daf\u00fcr bekommen sie noch alle Materialien geliehen. Wenn sie dann fachkundig sind und selbst gut ausgestattet, folgt Kurs zwei, mit der Motors\u00e4ge in den Baum, dann die\u00a0 Fachkenntnisse f\u00fcr den richtigen Schnitt. Bei Kay Busemann k\u00f6nnen sich erfahrene Baumpfleger zum European Treeworker ausbilden lassen. Er bietet aber auch gelegentlich Freizeit-Kletterkurse an, zum Beispiel f\u00fcr Geocacher, oder Kurse f\u00fcr Firmen, im Rahmen von Teamtrainings und sogar \u201e\u00dcbernachtung in B\u00e4umen\u201c. Auch Kinderklettern in Zusammenarbeit mit dem Waldhaus gab es schon sowie die erlebnisp\u00e4dagogische Aktion mit dem \u201eLun\u00adgenbaum\u201c an der Staudinger Gesamtschule, im Rahmen der Raucherpr\u00e4vention. Bei seiner Arbeit geht es aber auch oft darum, alte B\u00e4ume als \u201eNaturdenkm\u00e4ler\u201c zu erhalten, davon gibt es einige in Littenweiler. Kay Busemann lebt schon seit 17 Jahren mit seiner Familie im Stadtteil. Das Lager im Recyclingeck hat er seit 15 Jahren gemietet. Ab Juli will er einen etwas gr\u00f6\u00dferen Raum auf dem Gel\u00e4nde anmieten, eventuell um auch Schulungen vor Ort anbieten zu k\u00f6nnen. Schon als Kind ist er gerne auf B\u00e4ume geklettert und die Liebe zur Natur ist bis heute geblieben. \u00dcber einen Freund, der Baumpfleger war, ist er zu seinem Traumberuf gekommen. Als Fachagrar\u00adwirt ist er seit 1987 in der Baumpflege t\u00e4tig und nimmt auch an internationalen Kletterwettk\u00e4mpfen teil. Kay Busemann zeigt mir noch, wo ungef\u00e4hr in Freiburg der h\u00f6chste Baum Deutschlands w\u00e4chst. Eine Douglasie mit\u00a0 64 m H\u00f6he, von Insidern liebevoll \u201eWaltraud\u201c genannt.\u00a0 Zuletzt entl\u00e4sst er noch zwei \u201eTr\u00f6ndlem\u00e4use\u201c aus dem angew\u00e4rmten Seilsack in die freie Natur.<br \/>\nAnja Lusch, Littenweiler Dorfblatt<\/p>\n<p>Baumpflegeschule Busemann, Ferdinand-Kopf-Stra\u00dfe 6, Tel 6 24 99,<br \/>\n<a href=\"https:\/\/www.baumpflegeschule.de\/\">www.baumpflegeschule.de<\/a><\/p>\n","protected":false},"excerpt":{"rendered":"<p>Im Innenhof des Gel\u00e4ndes am Recyclingeck\/Schnaitweg in Littenweiler\u00a0steht nur ein Container. Kein Laden, kein Aufenthaltsraum, aber wertvoller Stauraum f\u00fcr Klettergurte, Seile, Haken und andere Ausr\u00fcstungsgegen\u00adst\u00ad\u00e4nde, die Kay Busemann f\u00fcr seine Baumpflegeschule ben\u00f6tigt. \u201eWir haben keine Baumschule, wir pflanzen keine B\u00e4ume, &hellip; <a href=\"https:\/\/www.freiburg-schwarzwald.de\/blog\/baumpflegeschule-busemann-seilkletterkurs\/\">Weiterlesen <span class=\"meta-nav\">&rarr;<\/span><\/a><\/p>\n","protected":false},"author":2,"featured_media":0,"comment_status":"open","ping_status":"closed","sticky":false,"template":"","format":"standard","meta":{"footnotes":""},"categories":[21,140],"tags":[],"class_list":["post-4849","post","type-post","status-publish","format-standard","hentry","category-dienste","category-garten"],"_links":{"self":[{"href":"https:\/\/www.freiburg-schwarzwald.de\/blog\/wp-json\/wp\/v2\/posts\/4849","targetHints":{"allow":["GET"]}}],"collection":[{"href":"https:\/\/www.freiburg-schwarzwald.de\/blog\/wp-json\/wp\/v2\/posts"}],"about":[{"href":"https:\/\/www.freiburg-schwarzwald.de\/blog\/wp-json\/wp\/v2\/types\/post"}],"author":[{"embeddable":true,"href":"https:\/\/www.freiburg-schwarzwald.de\/blog\/wp-json\/wp\/v2\/users\/2"}],"replies":[{"embeddable":true,"href":"https:\/\/www.freiburg-schwarzwald.de\/blog\/wp-json\/wp\/v2\/comments?post=4849"}],"version-history":[{"count":0,"href":"https:\/\/www.freiburg-schwarzwald.de\/blog\/wp-json\/wp\/v2\/posts\/4849\/revisions"}],"wp:attachment":[{"href":"https:\/\/www.freiburg-schwarzwald.de\/blog\/wp-json\/wp\/v2\/media?parent=4849"}],"wp:term":[{"taxonomy":"category","embeddable":true,"href":"https:\/\/www.freiburg-schwarzwald.de\/blog\/wp-json\/wp\/v2\/categories?post=4849"},{"taxonomy":"post_tag","embeddable":true,"href":"https:\/\/www.freiburg-schwarzwald.de\/blog\/wp-json\/wp\/v2\/tags?post=4849"}],"curies":[{"name":"wp","href":"https:\/\/api.w.org\/{rel}","templated":true}]}}