{"id":48465,"date":"2014-06-03T14:36:16","date_gmt":"2014-06-03T12:36:16","guid":{"rendered":"https:\/\/www.freiburg-schwarzwald.de\/blog\/?p=48465"},"modified":"2014-06-03T14:47:55","modified_gmt":"2014-06-03T12:47:55","slug":"europa-jugendparlament-eyp","status":"publish","type":"post","link":"https:\/\/www.freiburg-schwarzwald.de\/blog\/europa-jugendparlament-eyp\/","title":{"rendered":"Europa-Jugendparlament EYP"},"content":{"rendered":"<p>Das Europ\u00e4ische Jugendparlament in Deutschland e.V. ist eines von 36 nationalen Komitees des <a title=\"Demokratie\" href=\"https:\/\/www.freiburg-schwarzwald.de\/blog\/engagement\/zukunft\/demokratie\/\">European Youth Parliament (EYP)<\/a>, dem europ\u00e4ischen Dachverband. Seit 1990 bietet EYP Jugendlichen zwischen 16 und 22 Jahren eine Plattform, um ihre Meinungen zu europapolitischen Themen zu \u00e4u\u00dfern. Das EYP soll die verlorengegangene Begeisterung f\u00fcr ein <a title=\"EU\" href=\"https:\/\/www.freiburg-schwarzwald.de\/blog\/global\/eu\/\">gemeinsames Europa<\/a> wieder erwecken. <!--more--><\/p>\n<p>Das EYP f\u00fchrt als gemeinn\u00fctziger, \u00fcberparteilicher und unabh\u00e4ngiger Verein die B\u00fcrger von Morgen zusammen.<br \/>\n<a href=\"https:\/\/www.eyp.de\">www.eyp.de<\/a><br \/>\n<a href=\"https:\/\/www.eypej.org\">www.eypej.org<\/a><\/p>\n<p>&nbsp;<\/p>\n<p><strong>Junge Europ\u00e4er &#8211; auch aus Breisach &#8211;\u00a0vereint in Frankfurt<\/strong><br \/>\nMariel Wendel und Sebastian Scheffel, Sch\u00fcler des Breisacher Martin-Schongauer-Gymnasiums (MSG), haben in Frankfurt am Main an der regionalen Auswahlsitzung des Europ\u00e4ischen Jugendparlaments (EYP) teilgenommen. F\u00fcr die Veranstaltung hatten sie sich mit einer Resolution zum Thema Jugendarbeitslosigkeit beworben.\u00a0&#8230;<br \/>\nAlles vom 3.6.2014 bitte lesen auf<br \/>\n<a href=\"https:\/\/www.badische-zeitung.de\/kreis-breisgau-hochschwarzwald\/junge-europaeer-vereint-in-frankfurt--85733811.html\">https:\/\/www.badische-zeitung.de\/kreis-breisgau-hochschwarzwald\/junge-europaeer-vereint-in-frankfurt&#8211;85733811.html<\/a><\/p>\n","protected":false},"excerpt":{"rendered":"<p>Das Europ\u00e4ische Jugendparlament in Deutschland e.V. ist eines von 36 nationalen Komitees des European Youth Parliament (EYP), dem europ\u00e4ischen Dachverband. Seit 1990 bietet EYP Jugendlichen zwischen 16 und 22 Jahren eine Plattform, um ihre Meinungen zu europapolitischen Themen zu \u00e4u\u00dfern. &hellip; <a href=\"https:\/\/www.freiburg-schwarzwald.de\/blog\/europa-jugendparlament-eyp\/\">Weiterlesen <span class=\"meta-nav\">&rarr;<\/span><\/a><\/p>\n","protected":false},"author":2,"featured_media":0,"comment_status":"open","ping_status":"closed","sticky":false,"template":"","format":"standard","meta":{"footnotes":""},"categories":[36,195,60],"tags":[489,568,525],"class_list":["post-48465","post","type-post","status-publish","format-standard","hentry","category-engagement","category-eu","category-jugend","tag-european-union","tag-jugend-2","tag-politik"],"_links":{"self":[{"href":"https:\/\/www.freiburg-schwarzwald.de\/blog\/wp-json\/wp\/v2\/posts\/48465","targetHints":{"allow":["GET"]}}],"collection":[{"href":"https:\/\/www.freiburg-schwarzwald.de\/blog\/wp-json\/wp\/v2\/posts"}],"about":[{"href":"https:\/\/www.freiburg-schwarzwald.de\/blog\/wp-json\/wp\/v2\/types\/post"}],"author":[{"embeddable":true,"href":"https:\/\/www.freiburg-schwarzwald.de\/blog\/wp-json\/wp\/v2\/users\/2"}],"replies":[{"embeddable":true,"href":"https:\/\/www.freiburg-schwarzwald.de\/blog\/wp-json\/wp\/v2\/comments?post=48465"}],"version-history":[{"count":0,"href":"https:\/\/www.freiburg-schwarzwald.de\/blog\/wp-json\/wp\/v2\/posts\/48465\/revisions"}],"wp:attachment":[{"href":"https:\/\/www.freiburg-schwarzwald.de\/blog\/wp-json\/wp\/v2\/media?parent=48465"}],"wp:term":[{"taxonomy":"category","embeddable":true,"href":"https:\/\/www.freiburg-schwarzwald.de\/blog\/wp-json\/wp\/v2\/categories?post=48465"},{"taxonomy":"post_tag","embeddable":true,"href":"https:\/\/www.freiburg-schwarzwald.de\/blog\/wp-json\/wp\/v2\/tags?post=48465"}],"curies":[{"name":"wp","href":"https:\/\/api.w.org\/{rel}","templated":true}]}}