{"id":4846,"date":"2012-06-11T20:28:08","date_gmt":"2012-06-11T20:28:08","guid":{"rendered":"https:\/\/www.freiburg-schwarzwald.de\/blog\/?p=4846"},"modified":"2023-12-01T16:40:53","modified_gmt":"2023-12-01T15:40:53","slug":"gegen-strassenbahnverlaengerung-littenweiler","status":"publish","type":"post","link":"https:\/\/www.freiburg-schwarzwald.de\/blog\/gegen-strassenbahnverlaengerung-littenweiler\/","title":{"rendered":"Gegen Strassenbahnverlaengerung Littenweiler"},"content":{"rendered":"<p>Endhaltestelle Lassbergstra\u00dfe soll bleiben &#8211; Befragung zur <a href=\"https:\/\/www.freiburg-schwarzwald.de\/blog\/regio\/freiburg\/vag\/strassenbahn\/\">Stra\u00dfenbahnverl\u00e4ngerung<\/a>: Zur Berichterstattung \u201eStra\u00dfenbahnverl\u00e4ngerung\u201c in <a title=\"Littenweiler\" href=\"https:\/\/www.freiburg-schwarzwald.de\/blog\/regio\/freiburg\/littenweiler\/\">Litten\u00ad\u00adweiler<\/a> in unserer letzten Ausgabe nahmen einige Leser die M\u00f6glichkeit war, ihre Meinung im Kontaktformular unter <a href=\"https:\/\/www.freiburg-dreisamtal.de\/strassenbahnverlaengerung.htm\">www.freiburg-dreisamtal.de\/strassenbahnverlaengerung.htm<\/a>\u00a0kund zu tun. Wenn auch die Resonanz etwas entt\u00e4uscht hat, ist das Ergebnis jedoch eindeutig.<br \/>\nDie doppelte Anzahl an Zuschriften sprach sich daf\u00fcr aus, die Stra\u00dfenbahnendhaltestelle an der Lassbergstra\u00dfe zu belassen. Au\u00dferdem wurde mehrfach gew\u00fcnscht, die Buslinie 17 A, also der Rundkurs \u00fcber die Kapplerstra\u00dfe, \u00f6fters und auch abends fahren zu lassen. Stimmen, die <a title=\"Strassenbahn\" href=\"https:\/\/www.freiburg-schwarzwald.de\/blog\/regio\/freiburg\/vag\/strassenbahn\/\">Stra\u00dfenbahn<\/a> bis zum Kapp\u00adler Knoten zu verl\u00e4ngern und dort einen Park &amp; Ride-Platz einzurichten, kamen ausschlie\u00dflich aus Kirchzarten.<br \/>\nGisela Heizler-Ries, 11.6.2012, Littenweiler Dorfblatt<\/p>\n","protected":false},"excerpt":{"rendered":"<p>Endhaltestelle Lassbergstra\u00dfe soll bleiben &#8211; Befragung zur Stra\u00dfenbahnverl\u00e4ngerung: Zur Berichterstattung \u201eStra\u00dfenbahnverl\u00e4ngerung\u201c in Litten\u00ad\u00adweiler in unserer letzten Ausgabe nahmen einige Leser die M\u00f6glichkeit war, ihre Meinung im Kontaktformular unter www.freiburg-dreisamtal.de\/strassenbahnverlaengerung.htm\u00a0kund zu tun. Wenn auch die Resonanz etwas entt\u00e4uscht hat, ist das &hellip; <a href=\"https:\/\/www.freiburg-schwarzwald.de\/blog\/gegen-strassenbahnverlaengerung-littenweiler\/\">Weiterlesen <span class=\"meta-nav\">&rarr;<\/span><\/a><\/p>\n","protected":false},"author":2,"featured_media":0,"comment_status":"open","ping_status":"closed","sticky":false,"template":"","format":"standard","meta":{"footnotes":""},"categories":[118],"tags":[],"class_list":["post-4846","post","type-post","status-publish","format-standard","hentry","category-verkehr"],"_links":{"self":[{"href":"https:\/\/www.freiburg-schwarzwald.de\/blog\/wp-json\/wp\/v2\/posts\/4846","targetHints":{"allow":["GET"]}}],"collection":[{"href":"https:\/\/www.freiburg-schwarzwald.de\/blog\/wp-json\/wp\/v2\/posts"}],"about":[{"href":"https:\/\/www.freiburg-schwarzwald.de\/blog\/wp-json\/wp\/v2\/types\/post"}],"author":[{"embeddable":true,"href":"https:\/\/www.freiburg-schwarzwald.de\/blog\/wp-json\/wp\/v2\/users\/2"}],"replies":[{"embeddable":true,"href":"https:\/\/www.freiburg-schwarzwald.de\/blog\/wp-json\/wp\/v2\/comments?post=4846"}],"version-history":[{"count":1,"href":"https:\/\/www.freiburg-schwarzwald.de\/blog\/wp-json\/wp\/v2\/posts\/4846\/revisions"}],"predecessor-version":[{"id":117909,"href":"https:\/\/www.freiburg-schwarzwald.de\/blog\/wp-json\/wp\/v2\/posts\/4846\/revisions\/117909"}],"wp:attachment":[{"href":"https:\/\/www.freiburg-schwarzwald.de\/blog\/wp-json\/wp\/v2\/media?parent=4846"}],"wp:term":[{"taxonomy":"category","embeddable":true,"href":"https:\/\/www.freiburg-schwarzwald.de\/blog\/wp-json\/wp\/v2\/categories?post=4846"},{"taxonomy":"post_tag","embeddable":true,"href":"https:\/\/www.freiburg-schwarzwald.de\/blog\/wp-json\/wp\/v2\/tags?post=4846"}],"curies":[{"name":"wp","href":"https:\/\/api.w.org\/{rel}","templated":true}]}}