{"id":48457,"date":"2014-06-03T11:26:53","date_gmt":"2014-06-03T09:26:53","guid":{"rendered":"https:\/\/www.freiburg-schwarzwald.de\/blog\/?p=48457"},"modified":"2014-06-03T14:26:36","modified_gmt":"2014-06-03T12:26:36","slug":"freiburg-rad-fuer-stadtverkehr","status":"publish","type":"post","link":"https:\/\/www.freiburg-schwarzwald.de\/blog\/freiburg-rad-fuer-stadtverkehr\/","title":{"rendered":"Freiburg-Rad fuer Stadtverkehr"},"content":{"rendered":"<div id=\"id630825\">\n<div>\n<div id=\"cc_630825\">\n<div>\n<p>Das <a title=\"Fahrrad\" href=\"https:\/\/www.freiburg-schwarzwald.de\/blog\/business\/handel\/fahrrad\/\">Freiburg-Rad<\/a>\u00a0in limitierter Auflage von 111 giftgr\u00fcnen Velos soll als\u00a0<a title=\"Tourismus\" href=\"https:\/\/www.freiburg-schwarzwald.de\/blog\/tourismus\/\">Werbebotschafter<\/a> f\u00fcr <a title=\"Fahrradwege\" href=\"https:\/\/www.freiburg-schwarzwald.de\/blog\/regio\/verkehr\/fahrradwege\/\">400 km Radwege<\/a>\u00a0und <a title=\"Radfahren\" href=\"https:\/\/www.freiburg-schwarzwald.de\/blog\/regio\/verkehr\/radfahren\/\">30% Radleranteil<\/a> am Verkehrsaufkommen durch Freiburg rollen. Der Gro\u00dfteil der Teile stammt aus EU-Herstellung, Pulverbeschichtung und Montage erfolgen in Freiburg &#8211; deshalb hei\u00dft es &#8222;Made in der <a title=\"Radwanderwege\" href=\"https:\/\/www.freiburg-schwarzwald.de\/blog\/sport\/sportlern\/biken\/radwanderwege\/\">Regio<\/a>&#8222;. Auch im Freiburger Radfachhandel ist es erh\u00e4ltlich f\u00fcr stolze 1600 Euro.\u00a0\u00a0\u00a0\u00a0\u00a0<!--more--><br \/>\nSeine hochwertige technische Ausstattung wurde gemeinsam von Stadt und den Fachleuten von Polizei und dem ADFC \u00fcberlegt, um ein vorbildliches Rad in Sachen Sicherheit, Langlebigkeit und Alltagstauglichkeit zu gew\u00e4hrleisten. Das Freiburg-Rad wird von der Stadt Freiburg\u00a0und Ihren Partnern zu verschiedenen Aktionen als Preis oder Gewinn vergeben.<br \/>\nWeitere Infos zum Freiburg-Rad:\u00a0<a href=\"https:\/\/www.freiburg.de\/freiburg-rad\" target=\"_blank\">www.freiburg.de\/freiburg-rad<\/a><br \/>\nInfos zum Radverkehr in Freiburg:\u00a0<a href=\"https:\/\/www.freiburg.de\/pb\/,Lde\/231524.html\" target=\"_blank\">www.freiburg.de\/radverkehr\u00a0<\/a><br \/>\nHersteller: <a href=\"https:\/\/www.tout-terrain.de\/freiburg-rad\">https:\/\/www.tout-terrain.de\/freiburg-rad<\/a><br \/>\n<strong>&#8222;Freiburg-Rad&#8220; wirbt nun f\u00fcr die Stadt<\/strong><br \/>\nViele Partner haben der Stadt geholfen, das Freiburg-Rad zu erfinden \u2013 nun wurde es vorgestellt. &#8230;.<br \/>\nAlles vom 21.5.2014 bitte lesen auf<br \/>\n<a href=\"https:\/\/www.badische-zeitung.de\/freiburg\/freiburg-rad-wirbt-nun-fuer-die-stadt--85131315.html\">https:\/\/www.badische-zeitung.de\/freiburg\/freiburg-rad-wirbt-nun-fuer-die-stadt&#8211;85131315.html<\/a><\/p>\n<p><strong>Ein 1600 Euro-\u00a0Fahrrad\u00a0subventioniert?<\/strong><br \/>\n1600 Euro&#8230; das ist viel zu teuer. Was wird hier mit 50.000 Euro von der Stadt bezuschusst?&#8230; ein Fahrrad f\u00fcr wenige, die es sich leisten k\u00f6nnen&#8230; kein Alltagsrad f\u00fcr jedermensch! Typisch Freiburg?!<br \/>\n21.5.2014, Gregory Mohlberg<\/p>\n<p><strong>Welche Botschaft soll das Radl verbreiten?<\/strong><br \/>\nKann mir mal jemand bisschen helfen? Hat die Entwicklung des Freiburg Fahrrades 50.000 \u20ac verschlungen? Kostet das Marketing diese Summe? Handelt es sich um eine unverwechselbare Neuentwicklung? Geht es um Rechte daf\u00fcr, oder f\u00fcr andere Rechte? Oder steckt doch ein sozialer Plan dahinter: 35 Fahrr\u00e4der gehen an die Studenten, die sich f\u00fcr die 1600,00 \u20ac &#8211; Drahtesel begeistern sollen. Fahrrad statt Wohnung? Im Ernst &#8211; welche Botschaft soll das Radl verbreiten? Sicherheit ist teuer und nur was f\u00fcr familienfinanzierte Karrierestudis? Ich kann einfach nichts finden, was zu Freiburg wie ich es liebe passt.<br \/>\n21.5.2014, J\u00f6rg Stegmann<\/p>\n<\/div>\n<\/div>\n<\/div>\n<\/div>\n","protected":false},"excerpt":{"rendered":"<p>Das Freiburg-Rad\u00a0in limitierter Auflage von 111 giftgr\u00fcnen Velos soll als\u00a0Werbebotschafter f\u00fcr 400 km Radwege\u00a0und 30% Radleranteil am Verkehrsaufkommen durch Freiburg rollen. Der Gro\u00dfteil der Teile stammt aus EU-Herstellung, Pulverbeschichtung und Montage erfolgen in Freiburg &#8211; deshalb hei\u00dft es &#8222;Made in &hellip; <a href=\"https:\/\/www.freiburg-schwarzwald.de\/blog\/freiburg-rad-fuer-stadtverkehr\/\">Weiterlesen <span class=\"meta-nav\">&rarr;<\/span><\/a><\/p>\n","protected":false},"author":2,"featured_media":0,"comment_status":"open","ping_status":"closed","sticky":false,"template":"","format":"standard","meta":{"footnotes":""},"categories":[49,23],"tags":[113,116],"class_list":["post-48457","post","type-post","status-publish","format-standard","hentry","category-freiburg","category-handel","tag-fahrrad","tag-radwege"],"_links":{"self":[{"href":"https:\/\/www.freiburg-schwarzwald.de\/blog\/wp-json\/wp\/v2\/posts\/48457","targetHints":{"allow":["GET"]}}],"collection":[{"href":"https:\/\/www.freiburg-schwarzwald.de\/blog\/wp-json\/wp\/v2\/posts"}],"about":[{"href":"https:\/\/www.freiburg-schwarzwald.de\/blog\/wp-json\/wp\/v2\/types\/post"}],"author":[{"embeddable":true,"href":"https:\/\/www.freiburg-schwarzwald.de\/blog\/wp-json\/wp\/v2\/users\/2"}],"replies":[{"embeddable":true,"href":"https:\/\/www.freiburg-schwarzwald.de\/blog\/wp-json\/wp\/v2\/comments?post=48457"}],"version-history":[{"count":0,"href":"https:\/\/www.freiburg-schwarzwald.de\/blog\/wp-json\/wp\/v2\/posts\/48457\/revisions"}],"wp:attachment":[{"href":"https:\/\/www.freiburg-schwarzwald.de\/blog\/wp-json\/wp\/v2\/media?parent=48457"}],"wp:term":[{"taxonomy":"category","embeddable":true,"href":"https:\/\/www.freiburg-schwarzwald.de\/blog\/wp-json\/wp\/v2\/categories?post=48457"},{"taxonomy":"post_tag","embeddable":true,"href":"https:\/\/www.freiburg-schwarzwald.de\/blog\/wp-json\/wp\/v2\/tags?post=48457"}],"curies":[{"name":"wp","href":"https:\/\/api.w.org\/{rel}","templated":true}]}}