{"id":47986,"date":"2014-05-21T11:53:24","date_gmt":"2014-05-21T09:53:24","guid":{"rendered":"https:\/\/www.freiburg-schwarzwald.de\/blog\/?p=47986"},"modified":"2014-05-25T20:35:08","modified_gmt":"2014-05-25T18:35:08","slug":"erdogan-und-die-demokratie","status":"publish","type":"post","link":"https:\/\/www.freiburg-schwarzwald.de\/blog\/erdogan-und-die-demokratie\/","title":{"rendered":"Erdogan und die Demokratie"},"content":{"rendered":"<p>Einerseits sollen drei Viertel der <a title=\"Integration\" href=\"https:\/\/www.freiburg-schwarzwald.de\/blog\/global\/integration\/\">in Deutschland lebenden<\/a>\u00a0und in der <a title=\"Tuerkei\" href=\"https:\/\/www.freiburg-schwarzwald.de\/blog\/global\/tuerkei\/\">T\u00fcrkei<\/a> wahlberechtigten T\u00fcrken\u00a0Tayyip Erdogans Regierungspartei AKP nahestehen. Anderseits bek\u00e4mpft Erdogan\u00a0im eigenen Land die Demokratie &#8211; er darf in D reden, verwehrt seinen B\u00fcrgern in der T\u00fcrkei jedoch das gleiche Recht.\u00a0Logische Folgerung: Die \u00fcberw\u00e4ltigende Mehrheit der T\u00fcrken in Deutschland\u00a0lehnt die <a title=\"Demokratie\" href=\"https:\/\/www.freiburg-schwarzwald.de\/blog\/engagement\/zukunft\/demokratie\/\">Demokratie<\/a> ab,\u00a0genie\u00dft aber gerne in D und <a title=\"EU\" href=\"https:\/\/www.freiburg-schwarzwald.de\/blog\/global\/eu\/\">EU<\/a> die Vorz\u00fcge dieser Staatsform?\u00a0<img decoding=\"async\" title=\"Weiterlesen \u2026\" alt=\"\" src=\"https:\/\/www.freiburg-schwarzwald.de\/blog\/wp-includes\/js\/tinymce\/plugins\/wordpress\/img\/trans.gif\" \/><!--more--><\/p>\n<p>Ist die Statistik unkorrekt, d.h. wird die demokratiefeindliche AKP von den T\u00fcrken\u00a0\u00fcberhaupt nicht zu 75% unterst\u00fctzt? Oder ist eine demokratisch-freiheitliche Grundordnung f\u00fcr Deutschland die ad\u00e4quate Staatsform, nicht aber f\u00fcr die T\u00fcrkei? Oder gilt die o.a.\u00a0logische Folgerung nicht, da es verschiedene Auspr\u00e4gungen von Logik gibt, also sozusagen &#8222;Logiken&#8220;? Oder sollte wird mit der Folgerung gar die Ausl\u00e4nderfeinlichkeitskeule geschwungen werden? Zur Erinnerung:\u00a0<strong><em>\u201eDie Demokratie ist nur der Zug, auf den wir aufsteigen, bis wir am Ziel sind. Die Moscheen sind unsere Kasernen, die Minarette unsere Bajonette, die Kuppeln unsere Helme und die Gl\u00e4ubigen unsere Soldaten\u201c<\/em><\/strong> &#8211; so Erdogan zu seinem Verh\u00e4ltnis zur Demokratie in <a href=\"https:\/\/www.welt.de\/print-welt\/article341831\/Reformer-oder-Wolf-im-Schafspelz.html\" target=\"_blank\">https:\/\/www.welt.de\/print-welt\/article341831\/Reformer-oder-Wolf-im-Schafspelz.html<\/a><br \/>\n21.5.2014<br \/>\n.<br \/>\n<strong>Das ist nicht Europa &#8211; Erdogans Auftritt in K\u00f6ln<\/strong><br \/>\nDarf ein solcher Mann, der sich inzwischen vorz\u00fcglich aufs Spalten, Polarisieren und Radikalisieren versteht, in Deutschland eine Rede vor seinen Landsleuten halten? Ja, er darf. Darf er auch eine Rede halten wie vor vier Jahren in der gleichen Stadt, als er die in Deutschland lebenden T\u00fcrken dazu aufrief, sich der Anpassung zu widersetzen (&#8222;Denn Assimilation ist ein Verbrechen gegen die Menschlichkeit&#8220;). Auch das darf er. Denn in Deutschland herrschen Demokratie, Meinungs- und Pressefreiheit. &#8230;.<br \/>\nAlles von Karl-Heinz Fesenmeier vom 21.5.2014 bitte lesen auf <a href=\"https:\/\/www.badische-zeitung.de\/meinung\/kommentare\/leitartikel-das-ist-nicht-europa--85132776.html\">https:\/\/www.badische-zeitung.de\/meinung\/kommentare\/leitartikel-das-ist-nicht-europa&#8211;85132776.html<\/a><br \/>\n.<br \/>\n<strong>T\u00fcrkische Wahlkampftour durch den deutschen Steuerzahler bezahlt<\/strong><br \/>\nSchon beachtlich wie die Demokratie sich hier verh\u00e4lt. Sicherlich kann hier jeder seine Meinung \u00e4u\u00dfern aber muss man es zulassen das ein egomanischer Regierungspr\u00e4sident, der die T\u00fcrkei spaltet wie kein anderer zuvor, hier in Deutschland seine Wahlkampftour durch den Steuerzahler bezahlt bekommt. Wenn sich dann noch angeblich 60000 Demonstranten gegen\u00fcber stehen und unsere Polizisten hier verheizt werden hat unsere Demokratie die verdammte Pflicht &#8220;Nein&#8220; zu seinem Auftritt zu sagen. Auch wenn man sich als Kanzlerin unbeliebt machen muss&#8230;das aber w\u00fcrde Gr\u00f6\u00dfe zeigen. Ich hoffe das Erdogan die Sch\u00e4den aus eigener Tasche bezahlen wird die entstehen werden bzw. den Polizeieinsatz bezahlen wird. Geld dazu hat er ja gen\u00fcgend beiseite geschafft.<br \/>\n24.5.2014, Egbert<\/p>\n<div><strong>Stellvertreter-Kriege der T\u00fcrken in Deutschland<\/strong><br \/>\nAbgesehen davon, dass Erdogan schon ein Autokrat feinster Sorte ist, regt mich noch mehr auf, dass es hier in Deutschland quasi &#8222;Stellvertreter-Kriege&#8220; zwischen den Gruppen gibt. Ich bin Ungar, also zumindest in der VR Ungarn geboren. Aber ich lebe schon sehr lange in Deutschland, was interessiert mich z.B. Orb\u00e1n Viktor speziell? Nichts. Nicht mehr zumindest, als andere EU-B\u00fcrger, die einen autorit\u00e4ren Staat \u00e0 la Russe im Aufbau sehen. Deswegen wirft er sich ja auch Putin in die Arme. Ein intensiveres oder spezielles Interesse habe ich jedoch nicht. Ich w\u00fcrde aber einen Teufel tun und mich mit anderen &#8222;Auslands-Ungarn&#8220; herumpr\u00fcgeln oder auch nur herumbr\u00fcllen. Weil man zuf\u00e4llig vor X Jahren dort geboren ist? Und schon X-mal l\u00e4nger in Deutschland, als in seinem Geburtsland lebt? Sehr merkw\u00fcrdig. Ich bin mindestens genauso viel, wenn nicht noch mehr Ungar, wie diese Menschen T\u00fcrken sind. Bei der sog. 3. Generation ist ja nur der Opa Made in Turkey, selbst der Papa ist schon hier geboren. Und diese Leute pr\u00fcgeln sich hier, als wenn sie blo\u00df zuf\u00e4llig hier im Urlaub w\u00e4ren?<br \/>\n24.5.2014, Mitt<\/div>\n<div><strong><br \/>\nEhrlich, aber b\u00f6se &#8230;.<\/strong><\/div>\n<div>Freuen wir uns doch, dass Erdogan Ministerpr\u00e4sident der T\u00fcrkei ist und wahrscheinlich bald Staatspr\u00e4sident am Bosporus wird! So lange er auf dem politischen Parkett ist, bleiben wir wenigstens von einer EU-Mitgliedschaft der T\u00fcrkei verschont. Also:Hadi bakal\u0131m, Herr Erdogan!<br \/>\n25.5.2014, K. Fall<\/div>\n","protected":false},"excerpt":{"rendered":"<p>Einerseits sollen drei Viertel der in Deutschland lebenden\u00a0und in der T\u00fcrkei wahlberechtigten T\u00fcrken\u00a0Tayyip Erdogans Regierungspartei AKP nahestehen. Anderseits bek\u00e4mpft Erdogan\u00a0im eigenen Land die Demokratie &#8211; er darf in D reden, verwehrt seinen B\u00fcrgern in der T\u00fcrkei jedoch das gleiche Recht.\u00a0Logische &hellip; <a href=\"https:\/\/www.freiburg-schwarzwald.de\/blog\/erdogan-und-die-demokratie\/\">Weiterlesen <span class=\"meta-nav\">&rarr;<\/span><\/a><\/p>\n","protected":false},"author":2,"featured_media":0,"comment_status":"open","ping_status":"closed","sticky":false,"template":"","format":"standard","meta":{"footnotes":""},"categories":[195,155],"tags":[26,489,725],"class_list":["post-47986","post","type-post","status-publish","format-standard","hentry","category-eu","category-integration","tag-deutsch","tag-european-union","tag-integration"],"_links":{"self":[{"href":"https:\/\/www.freiburg-schwarzwald.de\/blog\/wp-json\/wp\/v2\/posts\/47986","targetHints":{"allow":["GET"]}}],"collection":[{"href":"https:\/\/www.freiburg-schwarzwald.de\/blog\/wp-json\/wp\/v2\/posts"}],"about":[{"href":"https:\/\/www.freiburg-schwarzwald.de\/blog\/wp-json\/wp\/v2\/types\/post"}],"author":[{"embeddable":true,"href":"https:\/\/www.freiburg-schwarzwald.de\/blog\/wp-json\/wp\/v2\/users\/2"}],"replies":[{"embeddable":true,"href":"https:\/\/www.freiburg-schwarzwald.de\/blog\/wp-json\/wp\/v2\/comments?post=47986"}],"version-history":[{"count":0,"href":"https:\/\/www.freiburg-schwarzwald.de\/blog\/wp-json\/wp\/v2\/posts\/47986\/revisions"}],"wp:attachment":[{"href":"https:\/\/www.freiburg-schwarzwald.de\/blog\/wp-json\/wp\/v2\/media?parent=47986"}],"wp:term":[{"taxonomy":"category","embeddable":true,"href":"https:\/\/www.freiburg-schwarzwald.de\/blog\/wp-json\/wp\/v2\/categories?post=47986"},{"taxonomy":"post_tag","embeddable":true,"href":"https:\/\/www.freiburg-schwarzwald.de\/blog\/wp-json\/wp\/v2\/tags?post=47986"}],"curies":[{"name":"wp","href":"https:\/\/api.w.org\/{rel}","templated":true}]}}