{"id":47753,"date":"2014-05-15T20:00:41","date_gmt":"2014-05-15T18:00:41","guid":{"rendered":"https:\/\/www.freiburg-schwarzwald.de\/blog\/?p=47753"},"modified":"2014-05-15T20:02:50","modified_gmt":"2014-05-15T18:02:50","slug":"bettensteuer-kommunalwahl","status":"publish","type":"post","link":"https:\/\/www.freiburg-schwarzwald.de\/blog\/bettensteuer-kommunalwahl\/","title":{"rendered":"Bettensteuer &#8211; Kommunalwahl"},"content":{"rendered":"<p>Freiburg gilt als <a title=\"Energiewende\" href=\"https:\/\/www.freiburg-schwarzwald.de\/blog\/energie\/energiewende\/\">&#8222;gr\u00fcne Stadt&#8220;<\/a>, gut so. Oder als &#8222;<a title=\"Greencity\" href=\"https:\/\/www.freiburg-schwarzwald.de\/blog\/regio\/freiburg\/greencity\/\">Green City<\/a>&#8222;, fine. Mit <a title=\"Vauban\" href=\"https:\/\/www.freiburg-schwarzwald.de\/blog\/regio\/freiburg\/vauban\/\">Vauban<\/a>, <a title=\"Fahrrad\" href=\"https:\/\/www.freiburg-schwarzwald.de\/blog\/business\/handel\/fahrrad\/\">Fahrr\u00e4dern<\/a>,\u00a0<a title=\"Baechle\" href=\"https:\/\/www.freiburg-schwarzwald.de\/blog\/regio\/freiburg\/baechle\/\">B\u00e4chle<\/a>,\u00a0<a title=\"Muenstermarkt\" href=\"https:\/\/www.freiburg-schwarzwald.de\/blog\/business\/markt\/muenstermarkt\/\">M\u00fcnstermarkt<\/a>, <a title=\"Kanonenplatz\" href=\"https:\/\/www.freiburg-schwarzwald.de\/blog\/regio\/freiburg\/kanonenplatz\/\">Kanonenplatz<\/a> und <a title=\"Tourismus\" href=\"https:\/\/www.freiburg-schwarzwald.de\/blog\/tourismus\/\">Touristen<\/a>, gut so. Aber auch mit \u00fcber 100.000 Autos bei\u00a0200.000 Einwohnern, <a title=\"Uni-Bibliothek\" href=\"https:\/\/www.freiburg-schwarzwald.de\/blog\/bildung\/hochschulen\/universitaet\/uni-bibliothek\/\">Uni-Bibliothek<\/a>, <a title=\"Platz-der-Alten-Synagoge\" href=\"https:\/\/www.freiburg-schwarzwald.de\/blog\/regio\/freiburg\/platz-der-alten-synagoge\/\">Betonversiegelung<\/a>, Altstadt-<a title=\"Gewalt\" href=\"https:\/\/www.freiburg-schwarzwald.de\/blog\/selbsthilfe\/krise\/gewalt\/\">Gewalt<\/a>\u00a0&#8211; zur <a title=\"Kommunalwahl\" href=\"https:\/\/www.freiburg-schwarzwald.de\/blog\/engagement\/zukunft\/demokratie\/kommunalwahl\/\">Gemeinderatswahl<\/a> stimmt das schon nachdenklich. Auch Paul Busse als Gastronom im M\u00f6sle macht sich\u00a0so seine Gedanken &#8211; nicht nur zur\u00a0<a title=\"Green City Fee \u2013 Bettensteuer\" href=\"https:\/\/www.freiburg-schwarzwald.de\/blog\/green-city-fee-bettensteuer\/\">Green City Fee (Bettensteuer)<\/a>.<!--more--><\/p>\n<p>&nbsp;<\/p>\n<p><b>Parteineutrale\u00a0 Entscheidungshilfe <\/b>zur Gemeinderatswahl 2014 in Freiburg<b><i><\/i><\/b><\/p>\n<p><b><i>Freiburg-Tourismus braucht dringend Klimawechsel<br \/>\n<\/i><\/b>Freiburg w\u00e4hlte sich als erste Gro\u00dfstadt einen \u00bbgr\u00fcnen\u00ab OB; seine Wiederwahl gelang schwer besch\u00e4digt knapp und nur mit den Stimmen der kandidatenlosen CDU. Nicht ohne Grund; denn fortschreitend mit dem seit Jahren unter OB Salomon zunehmend fremdenverkehrfeindlichen Verhalten der Verwaltung geht auch dank \u00fcberbordender Ideologisierung viel anderes in Freiburg den Krebsgang.\u00a0Wer in den 60er bis 90er Jahren die Verkehrsdirektoren Philipp Ernst und dessen brillianten Nachfolger Karl Gro\u00dfmann erleben durfte, denkt wehm\u00fctig an diese Zeiten und Pers\u00f6nlichkeiten des Tourismus in Freiburg zur\u00fcck.<br \/>\n\u00a0\u00a0\u00a0<br \/>\n<b>Politik der Stadt: Tagestouristen rein <\/b><b>\u2014<\/b><b> \u00dcbernachtungstouristen raus<br \/>\n<\/b>Wer im zunehmend g\u00e4stefeindlichen Freiburg \u00fcbernachtet, wird schon l\u00e4nger von der Verwaltung verh\u00f6hnt. So wirbt die Stadt zwar mit den Segnungen der KONUS-Karte (<b>KO<\/b>stenlose <b>NU<\/b>tzung des \u00d6PNV im <b>S<\/b>chwarzwald) um den Tagestourismus, was in erster Linie dem Einzelhandel und der Gastronomie Geld in die Kassen sp\u00fclt. In der Stadt \u00fcbernachtenden G\u00e4ste wird diese attraktive Verg\u00fcnstigung nicht gew\u00e4hrt. Ausw\u00e4rtig \u00fcbernachtende G\u00e4ste erhalten in Freiburg weitere Verg\u00fcnstigungen (z.B. Offizieller Stadtf\u00fchrer f\u00fcr 4,90 \u20ac gratis), in Freiburg \u00fcbernachtende G\u00e4ste erhalten nichts etc. etc.<br \/>\n<b>Oder:<\/b> G\u00e4ste m\u00fcssen ihren Weg zum idyllisch, etwas abseits gelegenen Hostel &amp; Spa Waldkurbad ohne Hilfe einer Beschilderung finden, wobei sich besonders Fu\u00dfwanderer mit oft schweren Rucks\u00e4cken wiederholt verlaufen. Das l\u00e4\u00dft die Stadt gleichg\u00fcltig: sie lehnte Wegweiser ab! Aktuelle Begr\u00fcndung: ein Wegweiser w\u00e4re \u201aunzul\u00e4ssige Werbung\u2018. Zum anderen Hostel, der Jugendherberge des DJH, gibt es im Stadtteil Waldsee \u00fcber 16 (!) Wegweiser.<br \/>\n<b>Oder:<\/b> Seit Herbst 2013 werden durch die Verwaltung auch europaweit reisende Wohnmobilisten vergrault, die in Freiburg ohne Feinstaub-Plakette nicht einfahren und keinen der offiziellen \u00dcbernachtungspl\u00e4tze mehr straffrei anfahren d\u00fcrfen.<br \/>\n<b>Und jetzt<\/b> wird die <b>\u00dcbernachtungssteuer,<\/b> eine Touristen-Maut f\u00fcr privat Reisende \u00fcber 18, draufgesetzt! Mit diesem Schritt \u00fcberschreitet die Stadt auf Betreiben von EBM Neideck und OB Dr. Salomon mit Unterst\u00fctzung der genannten Gemeinder\u00e4te eine \u00bbrote Linie\u00ab an Arroganz und Zumutung. Ganz zu schweigen von dem f\u00fcr Gast und Gastgeber peinlichen sowie Betriebe\/Beh\u00f6rden\/Uni etc. etc., die Freistellungsbescheinigungen f\u00fcr ihre beruflichen G\u00e4ste ausstellen m\u00fcssen, belastenden uns\u00e4glichen B\u00fcrokratismus. Und sie ist asozial wie manch andere gefeierte Entscheidung: Begleiten bspw. Eltern ihr Kind zu einer Operation und m\u00fcssen \u00fcbernachten, ist die Steuer f\u00e4llig<br \/>\n\u00a0\u00a0<br \/>\n<b>Schlechtere Zust\u00e4nde als zu Preu\u00dfens Zeiten<br \/>\n<\/b>F\u00fcr die \u00dcbernachtungssteuer kippen die umseitig Genannten die im Wesentlichen heute noch geltenden, gegen\u00fcber dem Preu\u00dfischen Recht vereinfachten Meldevorschriften aus 1938 und stellen Preu\u00dfen in den Schatten (siehe auch Kasten \u201aVerwaltungsfurz\u2018). Gastgeber werden strafbewehrt gen\u00f6tigt, \u00fcber das Meldegesetz hinaus Daten zu sammeln. \u00dcber die Hintert\u00fcr zum \u00dcberwachungsstaat?<\/p>\n<p><b>Freiburg sackt ab<br \/>\n<\/b>Amtliche \u00dcbernachtungsstatistik Jan\/Feb 2014 (Stat. Landesamt Stuttgart 2014): Stuttgart +10,2%; Karlsruhe +8,4%; Heidelberg +9,3%; Mannheim +4,2%; Freiburg <b>-1,9%.<\/b><\/p>\n<p><b>Verwaltungsfurz<br \/>\n<\/b>Erg\u00e4nzend zur \u00dcbernachtungssteuersatzung gibt die Stadt eine 33 Punkte umfassende Handreichung mit dem Titel \u00bbH\u00e4ufige Fragen zur \u00dcbernachtungsteuer\u00ab heraus. In Punkt 5 verspricht sie dem Gast: \u00bbW\u00fcrden &#8230; die Satzung gerichtlich aufgehoben, h\u00e4tte die Stadt dem steuerpflichtigen Beherbergungsbetrieb die Steuer zu erstatten, damit diese dann dem Gast erstattet werden kann.\u00bb Um diese Auskunft mit Leben erf\u00fcllen zu k\u00f6nnen, mu\u00df der Gastgeber zwangsl\u00e4ufig auch die Bank- oder Kontoverbindungen seiner betroffenen G\u00e4ste aus aller Herren L\u00e4nder erfassen und f\u00fcr ungewisse Zeit speichern . . .\u00a0 Geht es realit\u00e4tsfremder?<\/p>\n<p><b>So nicht!<br \/>\n<\/b>Statt daf\u00fcr zu sorgen, da\u00df insbesondere die \u00dcbernachtungsdauer zum Wohle der Stadt steigt, l\u00e4\u00dft sie keine Gelegenheit aus, die touristische Abwanderung ins unmittelbar angrenzende Umland zu for\u00e7ieren \u2014 ein brillantes Eigentor ohne Gegner! Die Nachbarn wie Kirchzarten, Gundelfingen, Merzhausen u.a. freut`s. Freiburg braucht <span style=\"text-decoration: underline;\">keine<\/span> G\u00e4ste- und Fremdenfeindlichen im Gemeinderat! F\u00fcr die \u00dcbernachtungssteuer haben lt. Protokoll der namentlichen Abstimmung u.a. folgende Stadtr\u00e4te gestimmt. Setzen Sie Zeichen: <b><i>&#8222;Nein&#8220; <\/i><\/b>zu:<br \/>\n<b>B\u00fcndnis 90\/DIE GR\u00dcNEN: <\/b>105 Woelki, Birgit; 106 Friebis, Eckart; 107 Federer, Pia; 108 Frey, Gerhard; 110 Sarialtin, Ibrahim; 112 Thoma, Helmut; 114 Buchholz, Tilo; 147 Grammelspacher, Lioba;<br \/>\n<b>SPD: <\/b>301 Buchen, Renate; 305 Queitsch, Margot; 306 Schillinger, Stefan; 308 Prof. Dr. Dr. hc\u00a0\u00a0\u00a0\u00a0 Hans E\u00dfmann; 311 Seebacher, Karin;<br \/>\n<b>Linke Liste &#8211; Solidarische Stadt (LiSST):<\/b> 501<b> <\/b>Moos, Michael; 502 Schubert, Ulrike; 503 Guzzoni, Hendrijk; 505 Prof. Dr. Lothar Schuchmann;<br \/>\n<b>Kulturliste Freiburg:<\/b> 701 Keller, Atai;<br \/>\n<b>Gr\u00fcne Alternative: <\/b>801 Coinneach, McCabe; 802 Stein, Monika;<br \/>\n<b>Unabh\u00e4ngige Frauen:<\/b> 901 Vogel, Irene;<br \/>\n<b>Junges Freiburg: <\/b>1248 M\u00fcller, Sebastian.<br \/>\nUnter diesen Bedingungen ist es im Grunde besch\u00e4mend, in Freiburg Gastgeber zu sein. Doch die Freiburger als solche sind traditionell gern und mit Freude Gastgeber. Setzen Sie ein Signal f\u00fcr ein positives Freiburg-Image und w\u00e4hlen Sie Stadtr\u00e4te mit echten Gastgeberqualit\u00e4ten \u2014 die genannten sind es ausweislich nicht!<\/p>\n<p>15.5.2014, Paul Busse,<br \/>\nWaldseestr. 77, 79117 Freiburg, <a href=\"https:\/\/www.waldkurbad.de\/\">www.waldkurbad.de<\/a><\/p>\n","protected":false},"excerpt":{"rendered":"<p>Freiburg gilt als &#8222;gr\u00fcne Stadt&#8220;, gut so. Oder als &#8222;Green City&#8222;, fine. Mit Vauban, Fahrr\u00e4dern,\u00a0B\u00e4chle,\u00a0M\u00fcnstermarkt, Kanonenplatz und Touristen, gut so. Aber auch mit \u00fcber 100.000 Autos bei\u00a0200.000 Einwohnern, Uni-Bibliothek, Betonversiegelung, Altstadt-Gewalt\u00a0&#8211; zur Gemeinderatswahl stimmt das schon nachdenklich. Auch Paul Busse &hellip; <a href=\"https:\/\/www.freiburg-schwarzwald.de\/blog\/bettensteuer-kommunalwahl\/\">Weiterlesen <span class=\"meta-nav\">&rarr;<\/span><\/a><\/p>\n","protected":false},"author":2,"featured_media":0,"comment_status":"open","ping_status":"closed","sticky":false,"template":"","format":"standard","meta":{"footnotes":""},"categories":[21,49,60,7],"tags":[281,568,484,500],"class_list":["post-47753","post","type-post","status-publish","format-standard","hentry","category-dienste","category-freiburg","category-jugend","category-tourismus","tag-burgerinitiativen","tag-jugend-2","tag-kommune","tag-wahl"],"_links":{"self":[{"href":"https:\/\/www.freiburg-schwarzwald.de\/blog\/wp-json\/wp\/v2\/posts\/47753","targetHints":{"allow":["GET"]}}],"collection":[{"href":"https:\/\/www.freiburg-schwarzwald.de\/blog\/wp-json\/wp\/v2\/posts"}],"about":[{"href":"https:\/\/www.freiburg-schwarzwald.de\/blog\/wp-json\/wp\/v2\/types\/post"}],"author":[{"embeddable":true,"href":"https:\/\/www.freiburg-schwarzwald.de\/blog\/wp-json\/wp\/v2\/users\/2"}],"replies":[{"embeddable":true,"href":"https:\/\/www.freiburg-schwarzwald.de\/blog\/wp-json\/wp\/v2\/comments?post=47753"}],"version-history":[{"count":0,"href":"https:\/\/www.freiburg-schwarzwald.de\/blog\/wp-json\/wp\/v2\/posts\/47753\/revisions"}],"wp:attachment":[{"href":"https:\/\/www.freiburg-schwarzwald.de\/blog\/wp-json\/wp\/v2\/media?parent=47753"}],"wp:term":[{"taxonomy":"category","embeddable":true,"href":"https:\/\/www.freiburg-schwarzwald.de\/blog\/wp-json\/wp\/v2\/categories?post=47753"},{"taxonomy":"post_tag","embeddable":true,"href":"https:\/\/www.freiburg-schwarzwald.de\/blog\/wp-json\/wp\/v2\/tags?post=47753"}],"curies":[{"name":"wp","href":"https:\/\/api.w.org\/{rel}","templated":true}]}}