{"id":47750,"date":"2014-05-15T19:14:47","date_gmt":"2014-05-15T17:14:47","guid":{"rendered":"https:\/\/www.freiburg-schwarzwald.de\/blog\/?p=47750"},"modified":"2014-05-15T19:15:53","modified_gmt":"2014-05-15T17:15:53","slug":"turmgespraeche-im-turenne","status":"publish","type":"post","link":"https:\/\/www.freiburg-schwarzwald.de\/blog\/turmgespraeche-im-turenne\/","title":{"rendered":"Turmgespraeche im Turenne"},"content":{"rendered":"<p>Die <a title=\"Feld \u2013 Turmgespraeche Turenne\" href=\"https:\/\/www.freiburg-schwarzwald.de\/blog\/feld-turmgespraeche-turenne\/\">Turmgespr\u00e4che<\/a> werden einmal im Jahr vom F\u00f6rderkreis f\u00fcr das Walter-Eucken-Gymnasium und der KS I e.V. organisiert.\u00a0Am Dienstag, den 20.05.2014 um 19:30 Uhr im <a title=\"Oberwiehre\" href=\"https:\/\/www.freiburg-schwarzwald.de\/blog\/regio\/freiburg\/oberwiehre\/\">Lyc\u00e9e Turenne<\/a>, Sch\u00fctzenallee 31, referiert\u00a0Prof. Dr. phil. Stefan Selke zum Thema \u201eSchamland Deutschland? <a title=\"Armut\" href=\"https:\/\/www.freiburg-schwarzwald.de\/blog\/selbsthilfe\/soziales\/armut\/\">Armutsbek\u00e4mpfung<\/a> zwischen inszenierter Solidarit\u00e4t und politischer Notwendigkeit\u201c. Die Veranstaltung wird <!--more-->in Zusammenarbeit mit dem Projekt \u201eSCHWARZ WALD STRASSE \u2013 Ein Parcours\u201c des Theater Freiburg, durchgef\u00fchrt. Der Eintritt ist frei, Spenden sind erw\u00fcnscht. Aufgrund der begrenzten Platzanzahl ist eine Anmeldung per E-Mail (<a href=\"mailto:foerderkreis.weg@weg-freiburg.de\">foerderkreis.weg@weg-freiburg.de<\/a> ) unbedingt erforderlich.<br \/>\nAb 18:00 Uhr besteht die M\u00f6glichkeit in Kleingruppen, max. 12 Personen, den Turm zu besteigen. Anmeldungen hierf\u00fcr ebenfalls bis zum Vortag bitte per E-Mail.<\/p>\n<p>.\u00a0<\/p>\n<p>\u00a0<b>\u201eSchamland Deutschland? Armutsbek\u00e4mpfung zwischen inszenierter Solidarit\u00e4t und politischer Notwendigkeit\u201c \u2013 Ein Vortrag von Prof. Dr. phil. Stefan Selke im Rahmen \u201eTurmgespr\u00e4che im Turenne\u201c<br \/>\n<\/b>\u201eTurmgespr\u00e4che im Turenne\u201c ist der Titel einer Vortragsreihe, die einmal im Jahr vom F\u00f6rderkreis f\u00fcr das Walter-Eucken-Gymnasium und der Kaufm\u00e4nnischen Schulen I e.V. organisiert wird und sich an Lehrer, Sch\u00fcler und alle wirtschaftlich Interessierten richtet. In diesem Jahr referiert Prof. Dr. phil. Stefan Selke zum Thema \u201eSchamland Deutschland? Armutsbek\u00e4mpfung zwischen inszenierter Solidarit\u00e4t und politischer Notwendigkeit\u201c.<br \/>\nStefan Selke, der sich selbst als \u00f6ffentlicher Soziologe und Klartexter bezeichnet, ist seit 2008 Professor an der Hochschule Furtwangen. Er wurde f\u00fcr das Lehrgebiet \u201eMediensoziologie\u201c berufen und vertritt dort seit 2011 das Lehrgebiet \u201eGesellschaftlicher Wandel\u201c.<br \/>\nSeine Forschungsgebiete sind: Tafeln und Foodbanks, soziale Nachhaltigkeit, ehrenamtliches Engagement, schleichender Wandel (Shifting Baselines), digitale Ged\u00e4chtnisse sowie technische Assistenzsysteme f\u00fcr \u00e4ltere Menschen.<br \/>\nSeit 2006 besch\u00e4ftigt er sich umfassend mit dem Ph\u00e4nomen der Lebensmitteltafeln. Bekannt wurde er mit der ethnografischen Studie \u201eFast ganz unten\u201c. Zu seinen weiteren Aktivit\u00e4ten geh\u00f6ren das Online-Portal <a href=\"https:\/\/www.tafelforum.de\/\">https:\/\/www.tafelforum.de<\/a> \u00a0und das \u201eKritische Aktionsb\u00fcndnis 20 Jahre Tafeln\u201c. Aktuell erschienen: Selke, Stefan (2013): Schamland. Die Armut mitten unter uns. Berlin: Econ.<\/p>\n<p>Die Veranstaltung, die in Zusammenarbeit mit dem Projekt \u201eSCHWARZ WALD STRASSE \u2013 Ein Parcours\u201c des Theater Freiburg, durchgef\u00fchrt wird, findet am Dienstag, den 20.05.2014 um 19:30 Uhr im Lyc\u00e9e Turenne, Sch\u00fctzenallee 31, 79102 Freiburg statt. Der Eintritt ist frei, Spenden sind erw\u00fcnscht. Aufgrund der begrenzten Platzanzahl ist eine Anmeldung per E-Mail (<a href=\"mailto:foerderkreis.weg@weg-freiburg.de\">foerderkreis.weg@weg-freiburg.de<\/a> ) unbedingt erforderlich.<br \/>\nAb 18:00 Uhr besteht die M\u00f6glichkeit in Kleingruppen, max. 12 Personen, den Turm zu besteigen. Anmeldungen hierf\u00fcr ebenfalls bis zum Vortag bitte per E-Mail.<br \/>\n15.5.2014, Hans Homlicher<\/p>\n","protected":false},"excerpt":{"rendered":"<p>Die Turmgespr\u00e4che werden einmal im Jahr vom F\u00f6rderkreis f\u00fcr das Walter-Eucken-Gymnasium und der KS I e.V. organisiert.\u00a0Am Dienstag, den 20.05.2014 um 19:30 Uhr im Lyc\u00e9e Turenne, Sch\u00fctzenallee 31, referiert\u00a0Prof. Dr. phil. Stefan Selke zum Thema \u201eSchamland Deutschland? Armutsbek\u00e4mpfung zwischen inszenierter &hellip; <a href=\"https:\/\/www.freiburg-schwarzwald.de\/blog\/turmgespraeche-im-turenne\/\">Weiterlesen <span class=\"meta-nav\">&rarr;<\/span><\/a><\/p>\n","protected":false},"author":2,"featured_media":0,"comment_status":"open","ping_status":"closed","sticky":false,"template":"","format":"standard","meta":{"footnotes":""},"categories":[18,49],"tags":[409,301,443],"class_list":["post-47750","post","type-post","status-publish","format-standard","hentry","category-bildung","category-freiburg","tag-armut","tag-culture","tag-termin"],"_links":{"self":[{"href":"https:\/\/www.freiburg-schwarzwald.de\/blog\/wp-json\/wp\/v2\/posts\/47750","targetHints":{"allow":["GET"]}}],"collection":[{"href":"https:\/\/www.freiburg-schwarzwald.de\/blog\/wp-json\/wp\/v2\/posts"}],"about":[{"href":"https:\/\/www.freiburg-schwarzwald.de\/blog\/wp-json\/wp\/v2\/types\/post"}],"author":[{"embeddable":true,"href":"https:\/\/www.freiburg-schwarzwald.de\/blog\/wp-json\/wp\/v2\/users\/2"}],"replies":[{"embeddable":true,"href":"https:\/\/www.freiburg-schwarzwald.de\/blog\/wp-json\/wp\/v2\/comments?post=47750"}],"version-history":[{"count":0,"href":"https:\/\/www.freiburg-schwarzwald.de\/blog\/wp-json\/wp\/v2\/posts\/47750\/revisions"}],"wp:attachment":[{"href":"https:\/\/www.freiburg-schwarzwald.de\/blog\/wp-json\/wp\/v2\/media?parent=47750"}],"wp:term":[{"taxonomy":"category","embeddable":true,"href":"https:\/\/www.freiburg-schwarzwald.de\/blog\/wp-json\/wp\/v2\/categories?post=47750"},{"taxonomy":"post_tag","embeddable":true,"href":"https:\/\/www.freiburg-schwarzwald.de\/blog\/wp-json\/wp\/v2\/tags?post=47750"}],"curies":[{"name":"wp","href":"https:\/\/api.w.org\/{rel}","templated":true}]}}