{"id":47647,"date":"2014-05-01T17:44:41","date_gmt":"2014-05-01T15:44:41","guid":{"rendered":"https:\/\/www.freiburg-schwarzwald.de\/blog\/?p=47647"},"modified":"2014-05-01T17:44:41","modified_gmt":"2014-05-01T15:44:41","slug":"maibaum-stellen-in-kirchzarten","status":"publish","type":"post","link":"https:\/\/www.freiburg-schwarzwald.de\/blog\/maibaum-stellen-in-kirchzarten\/","title":{"rendered":"Maibaum stellen in Kirchzarten"},"content":{"rendered":"<p>Bereits zum dreizehnten Mal richteten am Samstagmorgen <a title=\"Kirchzarten\" href=\"https:\/\/www.freiburg-schwarzwald.de\/blog\/regio\/orte\/kirchzarten\/\">Kirchzartener<\/a> Handwerksbetriebe und die Tourist-Info Dreisamtal am Narrenbrunnen in der Fu\u00dfg\u00e4ngerzone einen <a title=\"Fruehling\" href=\"https:\/\/www.freiburg-schwarzwald.de\/blog\/natur\/fruehling\/\">Maibaum<\/a> auf. Mit einem Umzug wurde der mit bunten B\u00e4ndern und den Handwerkerschildern geschm\u00fcckte Baum vom Hotel L\u00f6wen in der Bahnhofstra\u00dfe auf einem Karren, den die pr\u00e4chtigen <a title=\"Schwarzwaelder-Fuechse\" href=\"https:\/\/www.freiburg-schwarzwald.de\/blog\/natur\/tiere\/pferde\/schwarzwaelder-fuechse\/\">Schwarzw\u00e4lder F\u00fcchse<\/a> der Familie Rombach zogen, <!--more-->durch den Innerort gefahren. Mit musikalischen Fr\u00fchlingskl\u00e4ngen f\u00fchrte der Musikverein Buchenbach den Umzug an. Beim Spritzenhaus gab es eine kleine St\u00e4rkung. Dann richteten die erfahrenen Handwerker den Baum unter dem Beifall zahlreicher Zuschauer am Eingang zur Fu\u00dfg\u00e4ngerzone auf. Zimmermeister Walter Fischer pr\u00e4sentierte ein Maibaum-Gedicht und B\u00fcrgermeister Andreas Hall freute sich \u00fcber die inzwischen gewachsene Tradition, die auch dem Tourismus gut tue. Das Hotel Sonne verw\u00f6hnte mit Getr\u00e4nken und kleinen Speisen. Und in der B\u00e4ckerei Steimle gab es zu diesem Anlass ein besonderes Maibaum-Angebot.<\/p>\n<p>\u00a0<a href=\"https:\/\/www.freiburg-schwarzwald.de\/blog\/maibaum-stellen-in-kirchzarten\/maibaum-kirchzarten140430\/\" rel=\"attachment wp-att-47648\"><img loading=\"lazy\" decoding=\"async\" class=\"alignnone size-thumbnail wp-image-47648\" alt=\"maibaum-kirchzarten140430\" src=\"https:\/\/www.freiburg-schwarzwald.de\/blog\/wp-content\/uploads\/2014\/05\/maibaum-kirchzarten140430-112x180.jpg\" width=\"112\" height=\"180\" srcset=\"https:\/\/www.freiburg-schwarzwald.de\/blog\/wp-content\/uploads\/2014\/05\/maibaum-kirchzarten140430-112x180.jpg 112w, https:\/\/www.freiburg-schwarzwald.de\/blog\/wp-content\/uploads\/2014\/05\/maibaum-kirchzarten140430-401x640.jpg 401w, https:\/\/www.freiburg-schwarzwald.de\/blog\/wp-content\/uploads\/2014\/05\/maibaum-kirchzarten140430.jpg 402w\" sizes=\"auto, (max-width: 112px) 100vw, 112px\" \/><\/a><\/p>\n<p>gl\u00fc\/Foto: Gerhard L\u00fcck<\/p>\n","protected":false},"excerpt":{"rendered":"<p>Bereits zum dreizehnten Mal richteten am Samstagmorgen Kirchzartener Handwerksbetriebe und die Tourist-Info Dreisamtal am Narrenbrunnen in der Fu\u00dfg\u00e4ngerzone einen Maibaum auf. Mit einem Umzug wurde der mit bunten B\u00e4ndern und den Handwerkerschildern geschm\u00fcckte Baum vom Hotel L\u00f6wen in der Bahnhofstra\u00dfe &hellip; <a href=\"https:\/\/www.freiburg-schwarzwald.de\/blog\/maibaum-stellen-in-kirchzarten\/\">Weiterlesen <span class=\"meta-nav\">&rarr;<\/span><\/a><\/p>\n","protected":false},"author":2,"featured_media":0,"comment_status":"open","ping_status":"closed","sticky":false,"template":"","format":"standard","meta":{"footnotes":""},"categories":[50,139],"tags":[511,717],"class_list":["post-47647","post","type-post","status-publish","format-standard","hentry","category-dreisamtal","category-heimat","tag-brauchtum","tag-ehrenamt"],"_links":{"self":[{"href":"https:\/\/www.freiburg-schwarzwald.de\/blog\/wp-json\/wp\/v2\/posts\/47647","targetHints":{"allow":["GET"]}}],"collection":[{"href":"https:\/\/www.freiburg-schwarzwald.de\/blog\/wp-json\/wp\/v2\/posts"}],"about":[{"href":"https:\/\/www.freiburg-schwarzwald.de\/blog\/wp-json\/wp\/v2\/types\/post"}],"author":[{"embeddable":true,"href":"https:\/\/www.freiburg-schwarzwald.de\/blog\/wp-json\/wp\/v2\/users\/2"}],"replies":[{"embeddable":true,"href":"https:\/\/www.freiburg-schwarzwald.de\/blog\/wp-json\/wp\/v2\/comments?post=47647"}],"version-history":[{"count":0,"href":"https:\/\/www.freiburg-schwarzwald.de\/blog\/wp-json\/wp\/v2\/posts\/47647\/revisions"}],"wp:attachment":[{"href":"https:\/\/www.freiburg-schwarzwald.de\/blog\/wp-json\/wp\/v2\/media?parent=47647"}],"wp:term":[{"taxonomy":"category","embeddable":true,"href":"https:\/\/www.freiburg-schwarzwald.de\/blog\/wp-json\/wp\/v2\/categories?post=47647"},{"taxonomy":"post_tag","embeddable":true,"href":"https:\/\/www.freiburg-schwarzwald.de\/blog\/wp-json\/wp\/v2\/tags?post=47647"}],"curies":[{"name":"wp","href":"https:\/\/api.w.org\/{rel}","templated":true}]}}