{"id":47628,"date":"2014-05-01T12:38:57","date_gmt":"2014-05-01T10:38:57","guid":{"rendered":"https:\/\/www.freiburg-schwarzwald.de\/blog\/?p=47628"},"modified":"2014-05-01T12:41:24","modified_gmt":"2014-05-01T10:41:24","slug":"pfarrer-cabral-weg-von-oberried","status":"publish","type":"post","link":"https:\/\/www.freiburg-schwarzwald.de\/blog\/pfarrer-cabral-weg-von-oberried\/","title":{"rendered":"Pfarrer Cabral weg von Oberried"},"content":{"rendered":"<p>Weggang von <a title=\"Oberried-Peru 20 Jahre Partner\" href=\"https:\/\/www.freiburg-schwarzwald.de\/blog\/oberried-peru-20-jahre-partner\/\">Pfarrer Jos\u00e9 Cabral<\/a> beendet eine \u00c4ra &#8211;\u00a0Nach Verschlechterung der Gesundheit lebt der Geistliche jetzt im Pflegeheim in Portugal.\u00a0Das war in den Tagen vor Ostern f\u00fcr die Menschen in <a title=\"Oberried\" href=\"https:\/\/www.freiburg-schwarzwald.de\/blog\/regio\/orte\/oberried\/\">Oberried<\/a> ein Schock. Rapide schnell hatte sich der Gesundheitszustand von Pfarrer Jos\u00e9 Cabral verschlechtert. Am Freitag vor Palmsonntag wurde er kurz in einer Klinik behandelt. <!--more-->Nach einem kurzen Pflegeaufenthalt in Bischoffingen holte ihn seine Familie in seine portugiesische Heimat, wo er selbst in den 1980er Jahren in Guarda ein Pflegeheim initiiert hatte. \u201eWir sind tief betroffen und traurig\u201c, schrieb Pfarrer Werner M\u00fchlherr an die Pfarrgemeinden Oberried und Hofsgrund, \u201edass wir von Pfarrer Cabral nicht pers\u00f6nlich Abschied nehmen konnten, respektieren aber die Entscheidung seiner Familie zum Wohle unseres gesch\u00e4tzten Pfarrers Jos\u00e9 Cabral.\u201c Es solle jetzt \u00fcberlegt werden, wie eine Br\u00fccke zwischen Oberried und Portugal gebaut werden k\u00f6nne.\u00a0<br \/>\nPater Jos\u00e9 Salvador Cabral da Costa MSJ, so sein vollst\u00e4ndiger Name, wurde am 1. Juni 1936 in Fiaes\/Trancoso (Portugal) als \u00c4ltester von neun Geschwistern geboren. Zun\u00e4chst studierte Cabral in Guarda (Portugal) Philosophie, um dann nach dem Ordenseintritt bei den Missionaren vom Hl. Johannes in Leutesdorf an der Johannes Gutenberg-Universit\u00e4t in Mainz Theologie zu studieren. Am 29. Juli 1962 weihte ihn Hermann Kardinal Volk im Mainzer Dom zum Priester. Verschiedene seelsorgliche Aufgaben, u.a. auch f\u00fcr seine portugiesischen Landsleute f\u00fchrten ihn in die Di\u00f6zesen Mainz, Trier, Speyer und Limburg. Von 1975 bis 1983 war er Pfarrer in Offenbach. Dann erhielt er einen Ruf als Caritasdirektor in die Heimat nach Guarda sowie von der EU in Br\u00fcssel. Nach einem kurzen Engagement in Afrika kam Jos\u00e9 Cabral am 11. November 1995 als Pfarrer nach Oberried und Hofsgrund.<br \/>\nWas zun\u00e4chst wohl nur f\u00fcr drei Monate geplant war, wurde f\u00fcr den lebensfrohen und kommunikativen S\u00fcdl\u00e4nder zu einem fast zwanzigj\u00e4hrigen Seelsorgeeinsatz, der ihn den Menschen im Schwarzwald immer vertrauter werden lie\u00df. \u201eEr hat hier bei uns eine Seelsorge mit Herz verwirklicht\u201c, erinnert sich Stiftungsratsvorsitzende Lioba Fre\u00dfle vom Gemeindeteam. Und Ursula Steiert, die Sprecherin des Gemeindeteams Oberried erg\u00e4nzt: \u201eStets brachte er sich mit seiner s\u00fcdlichen Lebensart ein. Er hatte eine lockere Offenheit, nicht streng nach dem Protokoll.\u201c Besonders dankbar sind die beiden in der Gemeinde engagierten Frauen, dass er sich immer nach den W\u00fcnschen der Gemeinde gerichtet habe und f\u00fcr die Anliegen der Vereine immer offen gewesen sei.<\/p>\n<p>\u00a0<a href=\"https:\/\/www.freiburg-schwarzwald.de\/blog\/pfarrer-cabral-weg-von-oberried\/cabral-oberried1404\/\" rel=\"attachment wp-att-47630\"><img loading=\"lazy\" decoding=\"async\" class=\"alignnone size-thumbnail wp-image-47630\" alt=\"cabral-oberried1404\" src=\"https:\/\/www.freiburg-schwarzwald.de\/blog\/wp-content\/uploads\/2014\/05\/cabral-oberried1404-140x180.jpg\" width=\"140\" height=\"180\" srcset=\"https:\/\/www.freiburg-schwarzwald.de\/blog\/wp-content\/uploads\/2014\/05\/cabral-oberried1404-140x180.jpg 140w, https:\/\/www.freiburg-schwarzwald.de\/blog\/wp-content\/uploads\/2014\/05\/cabral-oberried1404.jpg 498w\" sizes=\"auto, (max-width: 140px) 100vw, 140px\" \/><\/a>\u00a0\u00a0\u00a0 Pfarrer Jos\u00e9 Carbral im M\u00e4rz 2014<\/p>\n<p>Als im M\u00e4rz die renovierte Sparkasse in Oberried eingeweiht wurde, war Pfarrer Jos\u00e9 Cabral noch dabei und gab den neuen R\u00e4umen seinen Segen. Foto: Gerhard L\u00fcck<\/p>\n<p>Pfarrer Cabral war seit November 1998 auch f\u00fcr die Seelsorge der Portugiesen in Freiburg und S\u00fcdbaden verantwortlich. Diese Aufgabe habe er wunderbar mit seiner Pfarrarbeit verbunden und manches portugiesische Fest gemeinsam mit den Oberriedern gefeiert. Bundesweit kam Jos\u00e9 Cabral in die Medien, als er mit interessierten Menschen aus dem Dreisamtal die Oberrieder Klosterbibliothek mit der weltweit gr\u00f6\u00dften F\u00fcrstabt-Gerber-Sammlung \u00f6ffnete und den Verein der Freunde der Klosterbibliothek erm\u00f6glichte. Aber auch seine Lamas, mit denen er besonders Kindern gro\u00dfe Freude bereitete, machten den gro\u00dfen Tierfreund \u00fcbers Dreisamtal hinaus \u201eber\u00fchmt\u201c. Kommunikation mit den Menschen war seine gro\u00dfe Leidenschaft und so k\u00fcmmerte sich Cabral um Orte der Begegnung, baute eine Grillstelle und initiierte den Minikeller und den Begegnungsraum in der Pfarrscheune. Cabral unterst\u00fctzte die Peru-Partnerschaft und besuchte selbst einmal die Partnerpfarrei in Mollende. Bei der Caritas-Solidarit\u00e4tsaktion \u201eEine Million Sterne\u201c war er von Anfang an dabei, ganz nah dran an seinem Primizspruch: \u201eNot sehen und handeln\u201c.<br \/>\nPfarrer Werner M\u00fchlherr, der gemeinsam mit Lioba Fre\u00dfle und Ursula Steiert vom Gemeindeteam mit dem \u201eDreisamt\u00e4ler\u201c \u00fcber den pl\u00f6tzlichen Weggang von Pfarrer Cabral sprach, stellte fest: \u201eDamit ist eine \u00c4ra zu Ende gegangen. Hier in Oberried wird zuk\u00fcnftig kein Pfarrer mehr wohnen. Das ist eine epochale Ver\u00e4nderung.\u201c Dank der konzeptionellen Planung der neuen Seelsorgeeinheit Dreisamtal w\u00e4ren die Gottesdienste gesichert und auch das weitere seelsorgliche Tun. Aber wenn auch das Gemeindeteam eine wichtige Anlaufstation f\u00fcr die Fragen und Anliegen der Gemeindemitglieder sei, stellen Fre\u00dfle und Steiert klar fest, k\u00f6nnten sie dennoch die blo\u00dfe Anwesenheit und Offenheit des im sch\u00f6nen Klosterpfarrhaus wohnenden Pfarrers nicht ersetzen. Sie dankten allen, die sich in all den Jahren um Pfarrer Cabral gek\u00fcmmert hatten und ihm mit mancher Hilfe zur Seite standen: \u201eWir hoffen, dass es unserem Pfarrer jetzt in Portugal wieder besser geht und w\u00fcnschen uns bald ein Lebenszeichen von ihm.\u201c<br \/>\n30.4.2014, Gerhard L\u00fcck, <a href=\"https:\/\/www.dreisamtaeler.de\/\">www.dreisamtaeler.de<\/a><\/p>\n","protected":false},"excerpt":{"rendered":"<p>Weggang von Pfarrer Jos\u00e9 Cabral beendet eine \u00c4ra &#8211;\u00a0Nach Verschlechterung der Gesundheit lebt der Geistliche jetzt im Pflegeheim in Portugal.\u00a0Das war in den Tagen vor Ostern f\u00fcr die Menschen in Oberried ein Schock. Rapide schnell hatte sich der Gesundheitszustand von &hellip; <a href=\"https:\/\/www.freiburg-schwarzwald.de\/blog\/pfarrer-cabral-weg-von-oberried\/\">Weiterlesen <span class=\"meta-nav\">&rarr;<\/span><\/a><\/p>\n","protected":false},"author":2,"featured_media":0,"comment_status":"open","ping_status":"closed","sticky":false,"template":"","format":"standard","meta":{"footnotes":""},"categories":[36,89],"tags":[323,94,503,175],"class_list":["post-47628","post","type-post","status-publish","format-standard","hentry","category-engagement","category-kirchen","tag-dorf","tag-gemeinnuetzig","tag-church","tag-ortsgeschichte"],"_links":{"self":[{"href":"https:\/\/www.freiburg-schwarzwald.de\/blog\/wp-json\/wp\/v2\/posts\/47628","targetHints":{"allow":["GET"]}}],"collection":[{"href":"https:\/\/www.freiburg-schwarzwald.de\/blog\/wp-json\/wp\/v2\/posts"}],"about":[{"href":"https:\/\/www.freiburg-schwarzwald.de\/blog\/wp-json\/wp\/v2\/types\/post"}],"author":[{"embeddable":true,"href":"https:\/\/www.freiburg-schwarzwald.de\/blog\/wp-json\/wp\/v2\/users\/2"}],"replies":[{"embeddable":true,"href":"https:\/\/www.freiburg-schwarzwald.de\/blog\/wp-json\/wp\/v2\/comments?post=47628"}],"version-history":[{"count":0,"href":"https:\/\/www.freiburg-schwarzwald.de\/blog\/wp-json\/wp\/v2\/posts\/47628\/revisions"}],"wp:attachment":[{"href":"https:\/\/www.freiburg-schwarzwald.de\/blog\/wp-json\/wp\/v2\/media?parent=47628"}],"wp:term":[{"taxonomy":"category","embeddable":true,"href":"https:\/\/www.freiburg-schwarzwald.de\/blog\/wp-json\/wp\/v2\/categories?post=47628"},{"taxonomy":"post_tag","embeddable":true,"href":"https:\/\/www.freiburg-schwarzwald.de\/blog\/wp-json\/wp\/v2\/tags?post=47628"}],"curies":[{"name":"wp","href":"https:\/\/api.w.org\/{rel}","templated":true}]}}