{"id":47615,"date":"2014-04-30T22:18:21","date_gmt":"2014-04-30T20:18:21","guid":{"rendered":"https:\/\/www.freiburg-schwarzwald.de\/blog\/?p=47615"},"modified":"2014-05-03T18:50:27","modified_gmt":"2014-05-03T16:50:27","slug":"junge-fluechtlinge-deal-gewalt","status":"publish","type":"post","link":"https:\/\/www.freiburg-schwarzwald.de\/blog\/junge-fluechtlinge-deal-gewalt\/","title":{"rendered":"Junge Fluechtlinge: Deal Gewalt"},"content":{"rendered":"<p>St\u00fchlinger Kirchplatz als <a title=\"No-Go-Area\" href=\"https:\/\/www.freiburg-schwarzwald.de\/blog\/business\/dienste\/immobilien\/wohnen\/no-go-area\/\">No-Go-Area<\/a>: <a title=\"Gewalt\" href=\"https:\/\/www.freiburg-schwarzwald.de\/blog\/selbsthilfe\/krise\/gewalt\/\">\u00dcberf\u00e4lle<\/a>, <a title=\"Drogen\" href=\"https:\/\/www.freiburg-schwarzwald.de\/blog\/selbsthilfe\/sucht\/drogen\/\">Drogenhandel<\/a>. Dass die <a title=\"Mit beiden Beinen auf den Kopf\" href=\"https:\/\/www.freiburg-schwarzwald.de\/blog\/mit-beiden-beinen-auf-den-kopf\/\">Taten<\/a> zunehmend\u00a0von minderj\u00e4hrigen, unbegleiteten Fl\u00fcchtlingen aus Nordafrika begangen werden, darf die Presse nicht mitteilen, da sonst <a title=\"Migration\" href=\"https:\/\/www.freiburg-schwarzwald.de\/blog\/global\/migration\/\">Fl\u00fcchtlinge<\/a> unter Generalverdacht gestellt w\u00fcrden. Die <a title=\"Polizei\" href=\"https:\/\/www.freiburg-schwarzwald.de\/blog\/selbsthilfe\/soziales\/justiz\/polizei\/\">Polizei<\/a> ist machtlos. Sorge, Betroffenheit und Ratlosigkeit: Ein Runder Tisch will den Platz mit Initiativen und <a title=\"Ordnungsdienst\" href=\"https:\/\/www.freiburg-schwarzwald.de\/blog\/selbsthilfe\/soziales\/justiz\/ordnungsdienst\/\">B\u00fcrgerwache<\/a> f\u00fcr die im\u00a0<a title=\"Stuehlinger\" href=\"https:\/\/www.freiburg-schwarzwald.de\/blog\/regio\/freiburg\/stuehlinger\/\">St\u00fchlinger<\/a> Wohnenden zur\u00fcckgewinnen. <!--more--><\/p>\n<p><strong>Polizei best\u00e4tigt weiteren \u00dcberfall im St\u00fchlinger<\/strong><br \/>\nUnd noch ein \u00dcberfall: Die Polizei hat nun best\u00e4tigt, dass am Gr\u00fcndonnerstag ein 15-j\u00e4hriger Junge im St\u00fchlinger von einer Gruppe niedergeschlagen wurde. Der mutma\u00dfliche Hauptt\u00e4ter sitzt in U-Haft. \u00dcber diesen Zwischenfall hatte eine B\u00fcrgerin aus dem St\u00fchlinger beim Runden Tisch zum St\u00fchlinger Kirchplatz berichtet. Am Gr\u00fcndonnerstag gegen 23.15 Uhr war der 15-J\u00e4hrige an der Stadtbahnbr\u00fccke nahe dem St\u00fchlinger Kirchplatz von sechs jungen M\u00e4nnern angegangen und \u00fcberfallen worden. Dies wurde offenbar von Zeugen beobachtet. Die alarmierte Polizei war schnell am Einsatzort und konnte die insgesamt sechs mutma\u00dflichen T\u00e4ter fassen. Der Hauptt\u00e4ter kam laut Polizeisprecher in Untersuchungshaft, gegen einen zweiten Verd\u00e4chtigen wird noch ermittelt. Von den vier weiteren Beteiligten wurden die Personalien erhoben. Es soll sich bei all diesen jungen M\u00e4nnern laut Polizei um unbegleitete minderj\u00e4hrige Fl\u00fcchtlinge handeln. Die Polizei hatte diesen Angriff bislang noch nicht \u00f6ffentlich gemacht. &#8230;.<br \/>\nAlles vom 30.4.2014 bitte lesen auf<br \/>\n<a href=\"https:\/\/www.badische-zeitung.de\/freiburg\/polizei-bestaetigt-weiteren-ueberfall-im-stuehlinger\">https:\/\/www.badische-zeitung.de\/freiburg\/polizei-bestaetigt-weiteren-ueberfall-im-stuehlinger<\/a><br \/>\n\u00a0\u00a0\u00a0\u00a0\u00a0 .<br \/>\n<strong>Angst, Wut, Ratlosigkeit: Freiburg hat ein Kriminalit\u00e4tsproblem<\/strong><br \/>\nIn Freiburg h\u00e4ufen sich gewaltsame \u00dcberf\u00e4lle, an Schulh\u00f6fen wird mit Heroin gedealt: Polizei, Politiker und B\u00fcrger wissen nicht wirklich, wie sie das Problem anpacken sollen. &#8230;. Alles vom 30.4.2014 bitte lesen auf<br \/>\n<a href=\"https:\/\/www.badische-zeitung.de\/freiburg\/angst-wut-ratlosigkeit-freiburg-hat-ein-kriminalitaetsproblem\">https:\/\/www.badische-zeitung.de\/freiburg\/angst-wut-ratlosigkeit-freiburg-hat-ein-kriminalitaetsproblem<\/a>\u00a0<br \/>\n\u00a0\u00a0\u00a0 .<br \/>\n<strong>Asyl und Asylrecht\u00a0deutlich von Kriminalit\u00e4t trennen<br \/>\n<\/strong>Das Gewaltmonopol beansprucht der Staat. Das ist gut so, er muss es aber auch aus\u00fcben. B\u00fcrgerwehren geh\u00f6ren nicht in unsere Zeit. Ich pl\u00e4diere dringend f\u00fcr eine Kamera\u00fcberwachung des Platzes. Sonst hat am Ende ein aufgebrachter B\u00fcrger riesen \u00c4rger am Hals, weil irgend ein krimineller Jugendlicher behauptet er h\u00e4tte eine auf die M\u00fctze bekommen.\u00a0 Es geht nicht, dass B\u00fcrger die Aufgaben der Polizei \u00fcbernehmen! Wer Blitzer f\u00fcr friedliche B\u00fcrger finanzieren kann, hat auch das Geld f\u00fcr eine Kamera gegen Drogendealer. Bereichern tun uns friedliche Menschen, die sich integrieren. Seit wann bereichern einen R\u00e4uber und Gewaltt\u00e4ter?&#8230;&#8230;<br \/>\nGenauso wie wir die einen Willkommen hei\u00dfen und uns freuen, dass sie da sind, sagen wir den anderen, dass sie hier nicht willkommen sind, wenn sie sich nicht an unsere Gesetze halten. Das sind im \u00fcbrigen auch die Gesetze in den anderen Staaten und Religionen. Unseren Politikern egal welcher Partei sollten wir sagen, dass die Exekutive ausreichend Mittel ben\u00f6tigt, um unseren Staat und seine Gesellschaft zu sch\u00fctzen. Nur dann bekennen wir Menschen uns zu diesem Staat und seiner Gesellschaft. &#8222;Polizeibashing&#8220; ist vollkommener Unsinn. Unsere Polizei macht im Rahmen der ihr zur Verf\u00fcgung gestellten Mittel eine sehr gute Arbeit. Politiker aller Ebenen m\u00fcssen sp\u00fcren, das wir in jeder Stadt auch abends noch nach Hause laufen wollen ohne \u00fcberfallen zu werden. Wir werden die Politiker w\u00e4hlen, die das sicherstellen und nicht nur dar\u00fcber reden. Das ist nicht rechts und nicht links, sondern einfache Vernunft. &#8230;..<br \/>\nDann m\u00fcssen sich eben z.B. in diesem Forum sehr viele B\u00fcrger auf die Seite der Polizei stellen und sagen, dass es keine &#8222;blo\u00dfen Vermutung von polizeilichen Beh\u00f6rden&#8220; ist und eben nicht &#8222;alle unbegleiteten Fl\u00fcchtlinge unter Generalverdacht gestellt werden.&#8220;\u00a0Unsere Gesellschaft gibt selbstverst\u00e4ndlich Asyl und hilft traumatisierten Kriegsopfern. Wir haben aber Null Verst\u00e4ndnis f\u00fcr Kriminelle und Gewaltt\u00e4ter! Wir wenden auf diesen Menschenkreis unsere Gesetze an und setzen diese durch. Pauschales Gutmenschentum gef\u00e4hrdet unsere Gesellschaft. Es ist wichtig am Anfang gegenzusteuern und nicht wenn das Problem eskaliert ist. Dann kann man auch noch mit geringerem Aufwand etwas erreichen. Man sollte sich auch klar machen, dass man gegen Gewaltt\u00e4ter nur mit Gewalt ankommt. Diese kann und soll bei uns nur die Polizei anwenden, damit ist auch klar, dass B\u00fcrgerwehren der falsche Weg sind. Hier helfen nur R\u00fcckendeckung f\u00fcr die Polizei durch die B\u00fcrger und ausreichend Mittel f\u00fcr die Polizei durch die Politik.<br \/>\n&#8230;.<br \/>\nWas interessiert, ob mitten in der Nacht ein Jugendlicher deutsch spricht oder nicht? Es interessiert, dass er als Jugendlicher um 4 Uhr nachts dort nichts zu suchen hat. Was interessiert, ob er traumatisiert ist oder nicht, wenn er muslimische M\u00e4dchen bel\u00e4stigt? Seit wann rechtfertigt die Traumatisierung das Handeln mit Drogen oder einen \u00dcberfall? Was interessiert, ob jemand mit Pass oder ohne aus einem anderen Land zu uns gekommen ist, wenn er jetzt mit Drogen im St\u00fchlinger steht? F\u00fcr mich ist das Problem nach dem Recht unseres Landes zu l\u00f6sen. Ich habe auch zu keiner Zeit unser Asylrecht in Frage gestellt.<br \/>\n&#8230;&#8230;<br \/>\nIch halte es f\u00fcr extrem wichtig an allen Stellen unserer Polizei den R\u00fccken zu st\u00e4rken. Auch in diesem Forum und selbstverst\u00e4ndlich auch an anderen Stellen. Warum? Weil unsere Polizei oft genug von Richtern und Politikern im Regen stehen gelassen wird. Weil unsere Polizisten oft mit schr\u00e4gen, \u00f6ffentlich \u00fcberrepr\u00e4sentierten Meinungen konfrontiert werden, w\u00e4hrend sie f\u00fcr uns die Kohlen aus dem Feuer holen sollen und dabei f\u00fcr einen Hungerlohn ihre Gesundheit risikieren. Weil es wichtig ist, dass sie echten R\u00fcckhalt, Anerkennung und Dank aus der Bev\u00f6lkerung sp\u00fcren und h\u00f6ren. Ich verstehe, dass Sie das Asylthema als Teil des Problems sehen. Es ist meines Erachtens nicht notwendig, die Problematik in Freiburg (und vielen anderen unserer St\u00e4dte) mit der europ\u00e4ischen \/ deutschen Asylpolitik zu verbinden.\u00a0Asyl und Asylrecht sollten in meinen Augen deutlich von Kriminalit\u00e4t, Drogenhandel oder sexueller Bel\u00e4stigung getrennt werden. Es ist in meinen Augen vollkommen egal, ob deutsche oder ausl\u00e4ndische Jugendliche (oder Erwachsene) mit Drogen handeln, \u00fcberfallen oder sexuell bel\u00e4stigen. Das Verhalten ist nicht akzeptabel, unabh\u00e4ngig von der Person. Gesetze gelten in unserem Land f\u00fcr alle und sch\u00fctzen auch alle. Sie werden auch gegen alle durchgesetzt. Eine Diskussion die dies nicht klar zum Ausdruck bringt, halte ich f\u00fcr ungl\u00fccklich. Kriminellen begegnet man nach meinem Verst\u00e4ndnis mit der Polizei und zwar immer, nicht nur vor Wahlen.<br \/>\n30.4.2014, Martin Synowzik<br \/>\n\u00a0\u00a0\u00a0 .<br \/>\n<strong>Offener Brief an Innenminster Gall &#8211; 35,6% Ausl\u00e4nderanteil bei Kriminalit\u00e4t im Raum Karlsruhe<\/strong><br \/>\nIn ihrer Sorge um die Zunahme von Gewalt und Einbr\u00fcchen durch Ausl\u00e4nder wenden sich Pforzheimer B\u00fcrger\u00a0\u00fcber die Pforzheimer Zeitung mit einem offenen Brief an den Innenminister des Landes Baden-W\u00fcrttemberg. Darin hei\u00dft es: &#8222;Der Anteil nichtdeutscher Tatverd\u00e4chtiger im Bereich des Polizeipr\u00e4sidiums Karlsruhe stieg 2013 um 22,6% auf 9800 Personen und nahm mit 35,6% aller Tatverd\u00e4chtigen &#8222;ein Ausma\u00df an, das bei allen Besonderheiten im Deliktsfeld der Kriminalit\u00e4t durch Nichtdeutsche erheblichen Anlass zum Nachdenken gibt&#8220;, so der Kripo-Chef des Poilzeipr\u00e4sidiums Karlsruhe, Karl-Heinz Ruff&#8220;.<br \/>\n<a href=\"https:\/\/www.pz-news.de\/cms_media\/module_ob\/11\/5696_1_brief_gall.pdf\" target=\"_blank\">https:\/\/www.pz-news.de\/cms_media\/module_ob\/11\/5696_1_brief_gall.pdf<\/a>.<\/p>\n<p>77% der Leser von <a href=\"https:\/\/www.pz-news.de\/\">www.pz-news.de<\/a> (entspricht dem Forum der BZ) trauen den staatl. Institutionen derzeit nicht zu, der Gewaltwelle von Personen mit Migrationshintergrund Herr zu werden.<br \/>\n\u00a0\u00a0 .\u00a0\u00a0\u00a0<br \/>\nEndlich &#8230; so langsam traut sich mal jemand die Dinge beim Namen zu nennen. Wenn die meisten Straftaten von Ausl\u00e4ndern begangen werden muss das auch gesagt werden d\u00fcrfen. Dass die Pool-Liegen meist von DEUTSCHEN Urlaubern mit Handt\u00fcchern reserviert werden, darf mann ja auch sagen&#8230;.<br \/>\n21.4.2014, Marc Bangert<br \/>\n\u00a0\u00a0\u00a0\u00a0<\/p>\n<p><strong>Wer kriminell ist, verliert Asyl- und Aufenthaltsrecht<\/strong><br \/>\nEs sollte eben die Rechtslage angepasst werden. Wer kriminell ist, verliert Asyl- und Aufenthaltsrecht. Die grossen Parteien werden sich des Themas erst annehmen, wenn die Probleme nirgends mehr \u00fcbersehen werden k\u00f6nnen. Wer wissen m\u00f6chte, wie es in ein paar Jahren in Deutschland aussehen wird, soll einfach mal nach S\u00fcdfrankreich schauen.<br \/>\n2.5.2014, Michael M\u00fcller<br \/>\n\u00a0\u00a0 .<\/p>\n<div><strong>Erneut zwei Zwischenf\u00e4lle auf dem Kirchplatz mit unbegleiteten Minderj\u00e4hrigen<\/strong><br \/>\nAm Mittwoch und am Donnerstagmorgen 1.5.2014 hat es erneut zwei Zwischenf\u00e4lle mit jungen Straft\u00e4tern auf dem St\u00fchlinger Kirchplatz gegeben. Dabei konnte auch ein T\u00e4ter nach einer Verfolgungsjagd zu Fu\u00df in der Engelbergerstra\u00dfe gestellt werden. Bei dem zweiten Fall handelt es sich um eine Messerattacke. Hier kamen das verletzte Opfer und \u2013 nach Aussage der Polizei \u2013 auch der T\u00e4ter aus den Reihen der unbegleiteten Minderj\u00e4hrigen. &#8230;.. Alles vom 2.5.2014 lesen auf<br \/>\n<a href=\"https:\/\/www.badische-zeitung.de\/ob-salomon-sicherheitslage-hat-sich-nicht-veraendert\">https:\/\/www.badische-zeitung.de\/ob-salomon-sicherheitslage-hat-sich-nicht-veraendert<\/a>\u00a0<br \/>\n\u00a0\u00a0\u00a0\u00a0 .<\/div>\n","protected":false},"excerpt":{"rendered":"<p>St\u00fchlinger Kirchplatz als No-Go-Area: \u00dcberf\u00e4lle, Drogenhandel. Dass die Taten zunehmend\u00a0von minderj\u00e4hrigen, unbegleiteten Fl\u00fcchtlingen aus Nordafrika begangen werden, darf die Presse nicht mitteilen, da sonst Fl\u00fcchtlinge unter Generalverdacht gestellt w\u00fcrden. Die Polizei ist machtlos. Sorge, Betroffenheit und Ratlosigkeit: Ein Runder Tisch &hellip; <a href=\"https:\/\/www.freiburg-schwarzwald.de\/blog\/junge-fluechtlinge-deal-gewalt\/\">Weiterlesen <span class=\"meta-nav\">&rarr;<\/span><\/a><\/p>\n","protected":false},"author":2,"featured_media":0,"comment_status":"open","ping_status":"closed","sticky":false,"template":"","format":"standard","meta":{"footnotes":""},"categories":[210,60,371,157,9],"tags":[485,732,725,568],"class_list":["post-47615","post","type-post","status-publish","format-standard","hentry","category-gewalt","category-jugend","category-justiz","category-oeffentlicher-raum","category-soziales","tag-refugee","tag-gewalt","tag-integration","tag-jugend-2"],"_links":{"self":[{"href":"https:\/\/www.freiburg-schwarzwald.de\/blog\/wp-json\/wp\/v2\/posts\/47615","targetHints":{"allow":["GET"]}}],"collection":[{"href":"https:\/\/www.freiburg-schwarzwald.de\/blog\/wp-json\/wp\/v2\/posts"}],"about":[{"href":"https:\/\/www.freiburg-schwarzwald.de\/blog\/wp-json\/wp\/v2\/types\/post"}],"author":[{"embeddable":true,"href":"https:\/\/www.freiburg-schwarzwald.de\/blog\/wp-json\/wp\/v2\/users\/2"}],"replies":[{"embeddable":true,"href":"https:\/\/www.freiburg-schwarzwald.de\/blog\/wp-json\/wp\/v2\/comments?post=47615"}],"version-history":[{"count":0,"href":"https:\/\/www.freiburg-schwarzwald.de\/blog\/wp-json\/wp\/v2\/posts\/47615\/revisions"}],"wp:attachment":[{"href":"https:\/\/www.freiburg-schwarzwald.de\/blog\/wp-json\/wp\/v2\/media?parent=47615"}],"wp:term":[{"taxonomy":"category","embeddable":true,"href":"https:\/\/www.freiburg-schwarzwald.de\/blog\/wp-json\/wp\/v2\/categories?post=47615"},{"taxonomy":"post_tag","embeddable":true,"href":"https:\/\/www.freiburg-schwarzwald.de\/blog\/wp-json\/wp\/v2\/tags?post=47615"}],"curies":[{"name":"wp","href":"https:\/\/api.w.org\/{rel}","templated":true}]}}