{"id":47599,"date":"2014-04-29T19:33:31","date_gmt":"2014-04-29T17:33:31","guid":{"rendered":"https:\/\/www.freiburg-schwarzwald.de\/blog\/?p=47599"},"modified":"2014-04-29T19:39:10","modified_gmt":"2014-04-29T17:39:10","slug":"weisser-ring-sucht-engagierte","status":"publish","type":"post","link":"https:\/\/www.freiburg-schwarzwald.de\/blog\/weisser-ring-sucht-engagierte\/","title":{"rendered":"Weisser Ring sucht Engagierte"},"content":{"rendered":"<p>Der <a title=\"Weisser-Ring\" href=\"https:\/\/www.freiburg-schwarzwald.de\/blog\/selbsthilfe\/soziales\/justiz\/weisser-ring\/\">Wei\u00dfe Ring<\/a> macht sich f\u00fcr den\u00a0Opferschutz, die\u00a0Kriminalit\u00e4tsvorbeugung\u00a0und f\u00fcr mehr\u00a0<a title=\"Zivilcourage\" href=\"https:\/\/www.freiburg-schwarzwald.de\/blog\/engagement\/zivilcourage\/\">Zivilcourage<\/a> stark.\u00a0Jedes Jahr wenden sich bis zu 250 Gesch\u00e4digte (zu 90% Frauen) an die Freiburger Au\u00dfenstelle, 30 % wegen sexualisierter <a title=\"Gewalt\" href=\"https:\/\/www.freiburg-schwarzwald.de\/blog\/selbsthilfe\/krise\/gewalt\/\">Gewalt<\/a>. &#8222;Ganz dringend suchen wir Mitarbeiter f\u00fcr den Raum Hochschwarzwald&#8220;, so Monika Toussaint vom Weissen Ring, Au\u00dfenstelle Breisgau-Hochschwarzwald\/Emmendingen. <a title=\"Weisser-Ring\" href=\"https:\/\/www.freiburg-schwarzwald.de\/blog\/selbsthilfe\/soziales\/justiz\/weisser-ring\/\">mehr hier<\/a><\/p>\n","protected":false},"excerpt":{"rendered":"<p>Der Wei\u00dfe Ring macht sich f\u00fcr den\u00a0Opferschutz, die\u00a0Kriminalit\u00e4tsvorbeugung\u00a0und f\u00fcr mehr\u00a0Zivilcourage stark.\u00a0Jedes Jahr wenden sich bis zu 250 Gesch\u00e4digte (zu 90% Frauen) an die Freiburger Au\u00dfenstelle, 30 % wegen sexualisierter Gewalt. &#8222;Ganz dringend suchen wir Mitarbeiter f\u00fcr den Raum Hochschwarzwald&#8220;, so &hellip; <a href=\"https:\/\/www.freiburg-schwarzwald.de\/blog\/weisser-ring-sucht-engagierte\/\">Weiterlesen <span class=\"meta-nav\">&rarr;<\/span><\/a><\/p>\n","protected":false},"author":2,"featured_media":0,"comment_status":"open","ping_status":"closed","sticky":false,"template":"","format":"standard","meta":{"footnotes":""},"categories":[54,36,210,104,10],"tags":[717,431,732,577,586],"class_list":["post-47599","post","type-post","status-publish","format-standard","hentry","category-ehrenamt","category-engagement","category-gewalt","category-hilfe","category-selbsthilfe","tag-ehrenamt","tag-gerecht","tag-gewalt","tag-hilfe-2","tag-verein"],"_links":{"self":[{"href":"https:\/\/www.freiburg-schwarzwald.de\/blog\/wp-json\/wp\/v2\/posts\/47599","targetHints":{"allow":["GET"]}}],"collection":[{"href":"https:\/\/www.freiburg-schwarzwald.de\/blog\/wp-json\/wp\/v2\/posts"}],"about":[{"href":"https:\/\/www.freiburg-schwarzwald.de\/blog\/wp-json\/wp\/v2\/types\/post"}],"author":[{"embeddable":true,"href":"https:\/\/www.freiburg-schwarzwald.de\/blog\/wp-json\/wp\/v2\/users\/2"}],"replies":[{"embeddable":true,"href":"https:\/\/www.freiburg-schwarzwald.de\/blog\/wp-json\/wp\/v2\/comments?post=47599"}],"version-history":[{"count":0,"href":"https:\/\/www.freiburg-schwarzwald.de\/blog\/wp-json\/wp\/v2\/posts\/47599\/revisions"}],"wp:attachment":[{"href":"https:\/\/www.freiburg-schwarzwald.de\/blog\/wp-json\/wp\/v2\/media?parent=47599"}],"wp:term":[{"taxonomy":"category","embeddable":true,"href":"https:\/\/www.freiburg-schwarzwald.de\/blog\/wp-json\/wp\/v2\/categories?post=47599"},{"taxonomy":"post_tag","embeddable":true,"href":"https:\/\/www.freiburg-schwarzwald.de\/blog\/wp-json\/wp\/v2\/tags?post=47599"}],"curies":[{"name":"wp","href":"https:\/\/api.w.org\/{rel}","templated":true}]}}