{"id":47420,"date":"2014-04-25T13:41:18","date_gmt":"2014-04-25T11:41:18","guid":{"rendered":"https:\/\/www.freiburg-schwarzwald.de\/blog\/?p=47420"},"modified":"2014-04-25T14:11:57","modified_gmt":"2014-04-25T12:11:57","slug":"bilderbuch-mehrsprachig-zu-fr","status":"publish","type":"post","link":"https:\/\/www.freiburg-schwarzwald.de\/blog\/bilderbuch-mehrsprachig-zu-fr\/","title":{"rendered":"Bilderbuch mehrsprachig zu FR"},"content":{"rendered":"<p>F\u00fcr 40% der Grundschulkinder Freiburgs ist Deutsch die <a title=\"Migration\" href=\"https:\/\/www.freiburg-schwarzwald.de\/blog\/global\/migration\/\">zweite Sprache<\/a>. Deshalb wurde im Projekt &#8222;<a title=\"Buch\" href=\"https:\/\/www.freiburg-schwarzwald.de\/blog\/kultur\/dichter\/literatur\/buch\/\">Lesen<\/a> in allen Sprachen (LIAS)&#8220; von <a title=\"PH\" href=\"https:\/\/www.freiburg-schwarzwald.de\/blog\/bildung\/hochschulen\/ph\/\">PH<\/a> und <a title=\"Hilfe\" href=\"https:\/\/www.freiburg-schwarzwald.de\/blog\/vereine\/hilfe\/\">DRK<\/a> neun mehrsprachige <a title=\"Verlage\" href=\"https:\/\/www.freiburg-schwarzwald.de\/blog\/kultur\/medien\/verlage\/\">Bilderb\u00fccher<\/a> entwickelt, wobei alle Geschichten in Freiburg spielen: Mundenhof,\u00a0M\u00fcnster, Seepark, SC, Schauinsland, B\u00e4chle, &#8230; Finanziert von Wilhelm-Oberle-Stiftung, Ida-und-Otto-Chelius-Stiftung und B\u00fcro f\u00fcr Migration der Stadt Freiburg.<!--more--><\/p>\n<p>Die B\u00e4nde der Sprachenschatzkiste-Reihe kosten jeweils 5,90 Euro und sind erh\u00e4ltlich z.B. bei der Jos-Fritz-Buchhandlung:<br \/>\nWillkommen auf dem Mundenhof (Deutsch, Portugiesisch, Alemannisch, Griechisch, Tschechisch ud Tagalog), Katja Schnitzer (Hrsg.), 1.Aufl 2013, ISBN 978-3-928013-71-0, jos fritz-Verlag, <a href=\"https:\/\/www.josfritz.de\/\">www.josfritz.de<\/a><br \/>\nAbenteuer am Schauinsland (D, E, Kurdisch, Lettisch<br \/>\nWie das F\u00fcchsle zum SC Freiburg kam (D, F, T\u00fcrkisch)<br \/>\nDas M\u00fcnstermonster zieht um (D, Albanisch, Ukrainisch)<br \/>\nViktors abenteuerliche Suche (D, Polnisch, Rum\u00e4nisch)<br \/>\nOskar will nach Hause (D, ES, japanisch)<br \/>\nFreiburg bei Nacht (D, Arabisch, Romanes, Persisch)<br \/>\nDer geheimnisvolle Fremde am Seepark (D, Russisch)<br \/>\nJumper isr ausgeb\u00fcxt (D, I, Schweizerdeutsch)<br \/>\n25.4.2014<br \/>\n\u00a0\u00a0 .<br \/>\n<strong>Geschichten aus der Sprachenschaftkiste<\/strong><br \/>\n\u00a0F\u00fcr manche war es ein einmaliges Ereignis \u2013 Bergita Badalli erinnert sich an einen staunenden Roma-Jungen: &#8222;Wahnsinn, ein Buch in meiner Muttersprache!&#8220; Immer mehr Kinder wachsen in ihren Familien nicht mit Deutsch auf, etliche haben kein einziges Buch in ihrer Muttersprache. Dem setzt das Buchprojekt &#8222;Die Sprachenschatzkiste&#8220; neun Geschichten aus Freiburg entgegen \u2013 in 22 Sprachen. Der Verkauf l\u00e4uft schleppend, die Initiatorinnen machen nun nochmal mobil. Auch an der P\u00e4dagogischen Hochschule (PH), wo alles begann, soll es weitergehen&#8230;..<br \/>\nAlles vom 25.4.2014 bitte lesen auf<br \/>\n<a href=\"https:\/\/www.badische-zeitung.de\/freiburg\/geschichten-aus-der-sprachschatzkiste--83750381.html\">https:\/\/www.badische-zeitung.de\/freiburg\/geschichten-aus-der-sprachschatzkiste&#8211;83750381.html<\/a><\/p>\n","protected":false},"excerpt":{"rendered":"<p>F\u00fcr 40% der Grundschulkinder Freiburgs ist Deutsch die zweite Sprache. Deshalb wurde im Projekt &#8222;Lesen in allen Sprachen (LIAS)&#8220; von PH und DRK neun mehrsprachige Bilderb\u00fccher entwickelt, wobei alle Geschichten in Freiburg spielen: Mundenhof,\u00a0M\u00fcnster, Seepark, SC, Schauinsland, B\u00e4chle, &#8230; Finanziert &hellip; <a href=\"https:\/\/www.freiburg-schwarzwald.de\/blog\/bilderbuch-mehrsprachig-zu-fr\/\">Weiterlesen <span class=\"meta-nav\">&rarr;<\/span><\/a><\/p>\n","protected":false},"author":2,"featured_media":0,"comment_status":"open","ping_status":"closed","sticky":false,"template":"","format":"standard","meta":{"footnotes":""},"categories":[99,49,155,95],"tags":[552,724,488,581,28],"class_list":["post-47420","post","type-post","status-publish","format-standard","hentry","category-buchhandel","category-freiburg","category-integration","category-schulen","tag-buch-2","tag-heimat","tag-child","tag-lesen","tag-sprache"],"_links":{"self":[{"href":"https:\/\/www.freiburg-schwarzwald.de\/blog\/wp-json\/wp\/v2\/posts\/47420","targetHints":{"allow":["GET"]}}],"collection":[{"href":"https:\/\/www.freiburg-schwarzwald.de\/blog\/wp-json\/wp\/v2\/posts"}],"about":[{"href":"https:\/\/www.freiburg-schwarzwald.de\/blog\/wp-json\/wp\/v2\/types\/post"}],"author":[{"embeddable":true,"href":"https:\/\/www.freiburg-schwarzwald.de\/blog\/wp-json\/wp\/v2\/users\/2"}],"replies":[{"embeddable":true,"href":"https:\/\/www.freiburg-schwarzwald.de\/blog\/wp-json\/wp\/v2\/comments?post=47420"}],"version-history":[{"count":0,"href":"https:\/\/www.freiburg-schwarzwald.de\/blog\/wp-json\/wp\/v2\/posts\/47420\/revisions"}],"wp:attachment":[{"href":"https:\/\/www.freiburg-schwarzwald.de\/blog\/wp-json\/wp\/v2\/media?parent=47420"}],"wp:term":[{"taxonomy":"category","embeddable":true,"href":"https:\/\/www.freiburg-schwarzwald.de\/blog\/wp-json\/wp\/v2\/categories?post=47420"},{"taxonomy":"post_tag","embeddable":true,"href":"https:\/\/www.freiburg-schwarzwald.de\/blog\/wp-json\/wp\/v2\/tags?post=47420"}],"curies":[{"name":"wp","href":"https:\/\/api.w.org\/{rel}","templated":true}]}}