{"id":47347,"date":"2014-04-24T09:28:50","date_gmt":"2014-04-24T07:28:50","guid":{"rendered":"https:\/\/www.freiburg-schwarzwald.de\/blog\/?p=47347"},"modified":"2014-04-24T09:51:07","modified_gmt":"2014-04-24T07:51:07","slug":"nachhaltigkeit-fr-uni-ise-ihk","status":"publish","type":"post","link":"https:\/\/www.freiburg-schwarzwald.de\/blog\/nachhaltigkeit-fr-uni-ise-ihk\/","title":{"rendered":"Nachhaltigkeit FR &#8211; Uni ISE IHK"},"content":{"rendered":"<p>Die regionale Industrie mit Industrie- und Handelskammern <a title=\"Industrie\" href=\"https:\/\/www.freiburg-schwarzwald.de\/blog\/business\/industrie\/\">IHK<\/a>, das Land, die <a title=\"Universitaet\" href=\"https:\/\/www.freiburg-schwarzwald.de\/blog\/bildung\/hochschulen\/universitaet\/\">Universit\u00e4t Freiburg<\/a> und die f\u00fcnf in FR ans\u00e4ssigen <a title=\"Fraunhofer-ISE\" href=\"https:\/\/www.freiburg-schwarzwald.de\/blog\/energie\/solar\/fraunhofer-ise\/\">Fraunhofer Institute<\/a> wollen ein &#8222;Zentrum f\u00fcr <a title=\"Nachhaltigkeit\" href=\"https:\/\/www.freiburg-schwarzwald.de\/blog\/natur\/klima\/nachhaltigkeit\/\">Nachhaltigkeit<\/a>&#8220; aufbauen: Fest organisiertes Netzwerk im Sinn eines &#8222;Sustainable Valley in Freiburg&#8220; &#8211; finanziert je zur H\u00e4lfte vom Bund (10 Mio Euro j\u00e4hrlich \u00fcber 5 Jahre) und von den o.a. regionalen Partnern.<!--more--><\/p>\n<p>Das Bundeswissenschaftsministerium f\u00f6rdert 15-18 sog. regionale Profilzentren in Deutschland mit je 8-10 Mio Euro \u00fcber 5 Jahre hinweg, wobei das erste als &#8222;Zentrum f\u00fcr Nachhaltigkeit&#8220; in der Regio Freiburg liegt.<br \/>\nZus\u00e4tzlich wird an der Technischen Fakult\u00e4t der Uni Freiburg beim Flugplatz das neue &#8222;Institut f\u00fcr nachhaltige Systeme&#8220; (Physiklische Messtechnik) aufgebaut mit Baukosten von 56 Mio Euro.<br \/>\n\u00a0\u00a0 .<\/p>\n<p><strong>Fraunhofer Gesellschaft und Uni Freiburg planen Zusammenarbeit<\/strong><br \/>\nDer Rektor der Universit\u00e4t, Hans-Jochen Schiewer, und ich sind in intensiven Gespr\u00e4chen, wir haben einen Beauftragten bei Fraunhofer, der sich vor Ort um die Planungen k\u00fcmmert, die IHK ist einbezogen. Wir denken auch dar\u00fcber nach, das Leistungszentrum (f\u00fcr Nachhaltigkeit) international auszulegen mit Partnern in Frankreich, um f\u00fcr ein solches europ\u00e4isches Zentrum Geld, auch von der EU, beantragen zu k\u00f6nnen. &#8230;<br \/>\nKomplettes Interview mit Raimund Neugebauer, dem Pr\u00e4sidenten der Fraunhofer Gesellschaft, vom 24.4.2014 bitte lesen auf <a href=\"https:\/\/www.badische-zeitung.de\/suedwest-1\/fraunhofer-gesellschaft-und-universitaet-freiburg-planen-staerkere-zusammenarbeit--83698728.html\">https:\/\/www.badische-zeitung.de\/suedwest-1\/fraunhofer-gesellschaft-und-universitaet-freiburg-planen-staerkere-zusammenarbeit&#8211;83698728.html<\/a><\/p>\n","protected":false},"excerpt":{"rendered":"<p>Die regionale Industrie mit Industrie- und Handelskammern IHK, das Land, die Universit\u00e4t Freiburg und die f\u00fcnf in FR ans\u00e4ssigen Fraunhofer Institute wollen ein &#8222;Zentrum f\u00fcr Nachhaltigkeit&#8220; aufbauen: Fest organisiertes Netzwerk im Sinn eines &#8222;Sustainable Valley in Freiburg&#8220; &#8211; finanziert je &hellip; <a href=\"https:\/\/www.freiburg-schwarzwald.de\/blog\/nachhaltigkeit-fr-uni-ise-ihk\/\">Weiterlesen <span class=\"meta-nav\">&rarr;<\/span><\/a><\/p>\n","protected":false},"author":2,"featured_media":0,"comment_status":"open","ping_status":"closed","sticky":false,"template":"","format":"standard","meta":{"footnotes":""},"categories":[5,317,49,11],"tags":[151,738,430,41,338],"class_list":["post-47347","post","type-post","status-publish","format-standard","hentry","category-energie","category-forschung","category-freiburg","category-regio","tag-erneuerbare-energien","tag-forschung","tag-ise","tag-nachhaltig","tag-uni"],"_links":{"self":[{"href":"https:\/\/www.freiburg-schwarzwald.de\/blog\/wp-json\/wp\/v2\/posts\/47347","targetHints":{"allow":["GET"]}}],"collection":[{"href":"https:\/\/www.freiburg-schwarzwald.de\/blog\/wp-json\/wp\/v2\/posts"}],"about":[{"href":"https:\/\/www.freiburg-schwarzwald.de\/blog\/wp-json\/wp\/v2\/types\/post"}],"author":[{"embeddable":true,"href":"https:\/\/www.freiburg-schwarzwald.de\/blog\/wp-json\/wp\/v2\/users\/2"}],"replies":[{"embeddable":true,"href":"https:\/\/www.freiburg-schwarzwald.de\/blog\/wp-json\/wp\/v2\/comments?post=47347"}],"version-history":[{"count":0,"href":"https:\/\/www.freiburg-schwarzwald.de\/blog\/wp-json\/wp\/v2\/posts\/47347\/revisions"}],"wp:attachment":[{"href":"https:\/\/www.freiburg-schwarzwald.de\/blog\/wp-json\/wp\/v2\/media?parent=47347"}],"wp:term":[{"taxonomy":"category","embeddable":true,"href":"https:\/\/www.freiburg-schwarzwald.de\/blog\/wp-json\/wp\/v2\/categories?post=47347"},{"taxonomy":"post_tag","embeddable":true,"href":"https:\/\/www.freiburg-schwarzwald.de\/blog\/wp-json\/wp\/v2\/tags?post=47347"}],"curies":[{"name":"wp","href":"https:\/\/api.w.org\/{rel}","templated":true}]}}