{"id":47281,"date":"2014-04-21T10:16:20","date_gmt":"2014-04-21T08:16:20","guid":{"rendered":"https:\/\/www.freiburg-schwarzwald.de\/blog\/?p=47281"},"modified":"2014-04-23T10:30:44","modified_gmt":"2014-04-23T08:30:44","slug":"roemerradwege-am-oberrhein","status":"publish","type":"post","link":"https:\/\/www.freiburg-schwarzwald.de\/blog\/roemerradwege-am-oberrhein\/","title":{"rendered":"Roemerradwege am Oberrhein"},"content":{"rendered":"<p>Der <a title=\"Markgraeflerland\" href=\"https:\/\/www.freiburg-schwarzwald.de\/blog\/regio\/markgraeflerland\/\">Markgr\u00e4fler<\/a> R\u00f6merweg, 2010 auf den Heimattagen BW\u00a0in M\u00fcllheim er\u00f6ffnet, f\u00fchrt von Badenweiler \u00fcber M\u00fcllheim nach <a title=\"Heitersheim\" href=\"https:\/\/www.freiburg-schwarzwald.de\/blog\/regio\/orte\/heitersheim\/\">Heitersheim<\/a>. 2011 entstand rund um den <a title=\"Kaiserstuhl\" href=\"https:\/\/www.freiburg-schwarzwald.de\/blog\/regio\/kaiserstuhl\/\">Kaiserstuhl<\/a> ein R\u00f6mer-Rundweg. Seit Oktober 2013 verkn\u00fcpft der Breisgauer R\u00f6merradweg diese <a title=\"Radfahren\" href=\"https:\/\/www.freiburg-schwarzwald.de\/blog\/regio\/verkehr\/radfahren\/\">beiden Routen<\/a>\u00a0&#8211; 70 km zwischen Badenweiler und Riegel, wobei nach S\u00fcden wie Norden Erweiterungen m\u00f6glich sind.<!--more--><\/p>\n<p>&nbsp;<\/p>\n<p>Der Radweg wurde initiiert durch die Gemeinden Baden\u00adwei\u00adler, M\u00fcll\u00adheim, Hei\u00adters\u00adheim, Bad Kro\u00adzin\u00adgen, Brei\u00adsach am Rhein, Sas\u00adbach a. K., Endin\u00adgen a. K. und Rie\u00adgel a.\u00a0K.. Die Informationen zur R\u00f6merzeit wurden bereitgestellt durch die Arch\u00e4ologieWerkstatt Freiburg (Dr. Chris\u00adtel B\u00fccker und Dr. Michael Hoeper): <a href=\"https:\/\/www.archaeologie-werkstatt.de\/\">www.archaeologie-werkstatt.de<\/a><br \/>\nDie neue Homepage\u00a0<a href=\"https:\/\/www.breisgauer-roemerradweg.de\/\">www.breisgauer-roemerradweg.de<\/a> bietet neben Karten, Infos in Text und Bild auch Videos und GPS-Tracks an. Eine tolle Sache &#8211; auch auf Franz\u00f6sisch und Englisch.<\/p>\n","protected":false},"excerpt":{"rendered":"<p>Der Markgr\u00e4fler R\u00f6merweg, 2010 auf den Heimattagen BW\u00a0in M\u00fcllheim er\u00f6ffnet, f\u00fchrt von Badenweiler \u00fcber M\u00fcllheim nach Heitersheim. 2011 entstand rund um den Kaiserstuhl ein R\u00f6mer-Rundweg. Seit Oktober 2013 verkn\u00fcpft der Breisgauer R\u00f6merradweg diese beiden Routen\u00a0&#8211; 70 km zwischen Badenweiler und &hellip; <a href=\"https:\/\/www.freiburg-schwarzwald.de\/blog\/roemerradwege-am-oberrhein\/\">Weiterlesen <span class=\"meta-nav\">&rarr;<\/span><\/a><\/p>\n","protected":false},"author":2,"featured_media":0,"comment_status":"open","ping_status":"closed","sticky":false,"template":"","format":"standard","meta":{"footnotes":""},"categories":[75,139,179,122,126],"tags":[69,252,380],"class_list":["post-47281","post","type-post","status-publish","format-standard","hentry","category-biken","category-heimat","category-markgraeflerland","category-wandern","category-wandervereine","tag-mtb","tag-ultra-bike","tag-wanderweg"],"_links":{"self":[{"href":"https:\/\/www.freiburg-schwarzwald.de\/blog\/wp-json\/wp\/v2\/posts\/47281","targetHints":{"allow":["GET"]}}],"collection":[{"href":"https:\/\/www.freiburg-schwarzwald.de\/blog\/wp-json\/wp\/v2\/posts"}],"about":[{"href":"https:\/\/www.freiburg-schwarzwald.de\/blog\/wp-json\/wp\/v2\/types\/post"}],"author":[{"embeddable":true,"href":"https:\/\/www.freiburg-schwarzwald.de\/blog\/wp-json\/wp\/v2\/users\/2"}],"replies":[{"embeddable":true,"href":"https:\/\/www.freiburg-schwarzwald.de\/blog\/wp-json\/wp\/v2\/comments?post=47281"}],"version-history":[{"count":0,"href":"https:\/\/www.freiburg-schwarzwald.de\/blog\/wp-json\/wp\/v2\/posts\/47281\/revisions"}],"wp:attachment":[{"href":"https:\/\/www.freiburg-schwarzwald.de\/blog\/wp-json\/wp\/v2\/media?parent=47281"}],"wp:term":[{"taxonomy":"category","embeddable":true,"href":"https:\/\/www.freiburg-schwarzwald.de\/blog\/wp-json\/wp\/v2\/categories?post=47281"},{"taxonomy":"post_tag","embeddable":true,"href":"https:\/\/www.freiburg-schwarzwald.de\/blog\/wp-json\/wp\/v2\/tags?post=47281"}],"curies":[{"name":"wp","href":"https:\/\/api.w.org\/{rel}","templated":true}]}}