{"id":47170,"date":"2014-04-18T12:55:04","date_gmt":"2014-04-18T10:55:04","guid":{"rendered":"https:\/\/www.freiburg-schwarzwald.de\/blog\/?p=47170"},"modified":"2014-04-19T13:50:32","modified_gmt":"2014-04-19T11:50:32","slug":"kant-weltbuergerpreis-uni-fr","status":"publish","type":"post","link":"https:\/\/www.freiburg-schwarzwald.de\/blog\/kant-weltbuergerpreis-uni-fr\/","title":{"rendered":"Kant-Weltbuergerpreis &#8211; Uni FR"},"content":{"rendered":"<p>Jubil\u00e4umsveranstaltung \u201e290+10\u201c der Freiburger <a title=\"Stiftungen\" href=\"https:\/\/www.freiburg-schwarzwald.de\/blog\/business\/stiftungen\/\">Kantstiftung<\/a> mit einem Podium \u00fcber \u201eZukunftsfragen zu <a title=\"Demokratie\" href=\"https:\/\/www.freiburg-schwarzwald.de\/blog\/engagement\/zukunft\/demokratie\/\">Demokratie<\/a> und Rechtsstaatlichkeit in <a title=\"EU\" href=\"https:\/\/www.freiburg-schwarzwald.de\/blog\/global\/eu\/\">Europa<\/a>\u201c mit Prof. Dr. Oliver Lepsius, Heide R\u00fchle (MdEP) und Dr. Lale Akg\u00fcn sowie der 5. Verleihung des Immanuel-Kant-Weltb\u00fcrgerpreises an das Filmteam \u201e<a title=\"Trinkwasser\" href=\"https:\/\/www.freiburg-schwarzwald.de\/blog\/natur\/wasser\/trinkwasser\/\">Water<\/a> Makes Money\u201c und an die t\u00fcrkische Menschenrechts-Anwaltsvereinigung <a title=\"NGO\" href=\"https:\/\/www.freiburg-schwarzwald.de\/blog\/vereine\/ngo\/\">CHD<\/a> am Europatag 9. Mai 2014.<!--more--><br \/>\n<strong>\u00a0\u00a0<br \/>\n5. Kant-Weltb\u00fcrgerpreis 2014<\/strong><br \/>\nImmanuel Kants 290. Geburtstag am 22. April 2014 nimmt die Freiburger\u00a0Kant-Stiftung zum Anlass,\u00a0 zu ihrer Jubil\u00e4umsveranstaltung \u201e290 + 10&#8243; einzuladen, auf der zum 5. Mal der KANT-WELTB\u00dcRGERPREIS\u00a0 verliehen<br \/>\nwird. Damit soll am Europatag, dem 9. Mai,\u00a0 I. Kants ethisch-politisches Verm\u00e4chtnis f\u00fcr ein demokratisch-rechtsstaatliches und weltb\u00fcrgerf\u00e4higes Europa wachgehalten werden. Der Preis, der mit 15.000 Euro dotiert<br \/>\nist,\u00a0 geht 2014 an die dt.- frz. Film-Dokumentation \u201eWater Makes Money\u201c und an die t\u00fcrkische Rechtsanwaltsvereinigung \u00c7HD in Istanbul\/Ankara.<br \/>\nFreiburg \u2013 Der Kant-Weltb\u00fcrgerpreis wird seit 2004 vergeben. Die Stiftung zeichnet damit aufkl\u00e4rendes gesellschaftliches Engagement aus, das sich in mutiger Weise f\u00fcr Rechtsstaatlichkeit, Demokratie,<br \/>\nUmweltschutz bzw. Ressourcengerechtigkeit und damit f\u00fcr die Sicherung inneren und \u00e4u\u00dferen Friedens einsetzt. Er geht jeweils an vorbildlich und verantwortlich handelnde B\u00fcrger und Gruppen.<br \/>\nDer Film \u201eWater Makes Money\u201c von Leslie Franke und Herdolor Lorenz ist ein ausgezeichnetes Beispiel f\u00fcr eine strategisch und strukturell bedeutsame kritische Aufkl\u00e4rung zugunsten eines selbstbestimmteren Europas. Er hat mit seiner kritischen Aufkl\u00e4rung \u00fcber die Folgen der fortschreitenden Privatisierung unserer Lebensgrundlage Wasser ma\u00dfgeblich zum Erfolg der ersten EU-weiten B\u00fcrgerinitiative \u201eright2water\u201c beigetragen.\u00a0 Mehr als 1,6 Millionen B\u00fcrgerInnen aus 11 L\u00e4ndern hatten mit ihrer Unterschrift dagegen protestiert, dass mit dem Zwang der Ausschreibung die Privatisierung der kommunalen Wasserversorgung eingeleitet wird. Nun verzichtet die EU auf die<br \/>\nKonzessionsrichtlinie f\u00fcr Wasser. Dies ist ein bemerkenswerter Erfolg der Demokratie in der EU. Die deutschen Regisseure\u00a0 und franz\u00f6sischen Protagonisten des Films wurden vor allem f\u00fcr die Aufdeckung von Korruption seitens der privaten Wasserkonzerne juristisch verfolgt.<\/p>\n<p>Der Verein Progressiver Anw\u00e4ltinnen und Anw\u00e4lte in der T\u00fcrkei\u00a0(\u00c7HD)\u00a0wird stellvertretend f\u00fcr all jene t\u00fcrkischen Anw\u00e4lte ausgezeichnet, die sich aufgrund ihres Engagements f\u00fcr Rechtsstaatlichkeit und Demokratie massiver Repressalien und Verfolgung ausgesetzt sehen. Selcuk Kozaga\u00e7l\u0131, der Pr\u00e4sident des \u00c7HD, und viele seiner Kolleginnen und Kollegen befanden sich bis vor kurzem in Untersuchungshaft. Das gegen sie angestrengte Verfahren wurde seit Beginn von europ\u00e4ischen Prozessbeobachtern verfolgt. Nach ihrer \u00fcbereinstimmenden Ansicht wurden in diesem Verfahren nicht nur internationales und europ\u00e4isches Recht verletzt, sondern auch die Vorschriften der t\u00fcrkischen Strafverfahrensordnung. Unter Versto\u00df gegen die UN &#8211; \u201eGrundprinzipien betreffend die Rolle der Rechtsanw\u00e4lte&#8220; wird den Anw\u00e4lten ihre engagierte Berufsaus\u00fcbung zum Vorwurf gemacht.\u00a0 Herr Rechtsanwalt Sel\u00e7uk KOZA\u011eA\u00c7LI, der Pr\u00e4sident des \u00c7HD, ist jetzt zwar aus der Haft entlassen, darf aber vermutlich nicht ausreisen.<\/p>\n<p>Die festliche Verleihung des Kant-Weltb\u00fcrger-Preises an diese beiden Gruppen\u00a0 findet am Europatag, dem 9. Mai 2014, 14:00 \u2013 18:30 Uhr in der\u00a0Aula der Albert-Ludwigs-Universit\u00e4t Freiburg statt. Sie wird er\u00f6ffnet mit einem Podiumsgespr\u00e4ch \u00fcber \/Zukunftsfragen zu Demokratie und Rechtsstaatlichkeit in Europa\/, zu dem. Prof. Dr. Oliver Lepsius, Heide R\u00fchle (MdEP) und Dr. Lale Akg\u00fcn ihre Teilnahme zugesagt haben. Die Moderation \u00fcbernimmt der Vorstandsvorsitzende der Deutschen Umweltstiftung J\u00f6rg Sommer. Weitere Informationen zur Veranstaltung finden Sie in der ausf\u00fchrlichen\u00a0Einladung unter: <a href=\"https:\/\/www.kantstiftung.de\/uploads\/einladung_kantpreis_2014.pdf\/\">https:\/\/www.kantstiftung.de\/uploads\/einladung_kantpreis_2014.pdf\/<\/a><\/p>\n<p>Zur Teilnahme an der \u00f6ffentlichen Veranstaltung wird um Anmeldung bis 28.04.2014 gebeten.<br \/>\nBerthold Lange, Vorstand, \/\u00f6rg Sommer, Vorsitzender des Stiftungsrates<br \/>\nEuropas Erbe als Auftrag \u2013 Freiburger Stiftung zur F\u00f6rderung eines kantischen Weltb\u00fcrger-Ethos<br \/>\nIm Gaisb\u00fchl 4, 79249 S\u00f6lden,\u00a0<a href=\"mailto:freiburger@kantstiftung.de\">freiburger@kantstiftung.de<\/a> ,\u00a0<a href=\"https:\/\/www.kantstiftung.de\/\">www.kantstiftung.de<\/a><\/p>\n<p>18.4.2014<\/p>\n","protected":false},"excerpt":{"rendered":"<p>Jubil\u00e4umsveranstaltung \u201e290+10\u201c der Freiburger Kantstiftung mit einem Podium \u00fcber \u201eZukunftsfragen zu Demokratie und Rechtsstaatlichkeit in Europa\u201c mit Prof. Dr. Oliver Lepsius, Heide R\u00fchle (MdEP) und Dr. Lale Akg\u00fcn sowie der 5. Verleihung des Immanuel-Kant-Weltb\u00fcrgerpreises an das Filmteam \u201eWater Makes Money\u201c &hellip; <a href=\"https:\/\/www.freiburg-schwarzwald.de\/blog\/kant-weltbuergerpreis-uni-fr\/\">Weiterlesen <span class=\"meta-nav\">&rarr;<\/span><\/a><\/p>\n","protected":false},"author":2,"featured_media":0,"comment_status":"open","ping_status":"closed","sticky":false,"template":"","format":"standard","meta":{"footnotes":""},"categories":[54,36,14,68],"tags":[241,439,329,289,719],"class_list":["post-47170","post","type-post","status-publish","format-standard","hentry","category-ehrenamt","category-engagement","category-global","category-umwelt","tag-grundwasser","tag-journalist","tag-jubilaeum","tag-preis","tag-umwelt"],"_links":{"self":[{"href":"https:\/\/www.freiburg-schwarzwald.de\/blog\/wp-json\/wp\/v2\/posts\/47170","targetHints":{"allow":["GET"]}}],"collection":[{"href":"https:\/\/www.freiburg-schwarzwald.de\/blog\/wp-json\/wp\/v2\/posts"}],"about":[{"href":"https:\/\/www.freiburg-schwarzwald.de\/blog\/wp-json\/wp\/v2\/types\/post"}],"author":[{"embeddable":true,"href":"https:\/\/www.freiburg-schwarzwald.de\/blog\/wp-json\/wp\/v2\/users\/2"}],"replies":[{"embeddable":true,"href":"https:\/\/www.freiburg-schwarzwald.de\/blog\/wp-json\/wp\/v2\/comments?post=47170"}],"version-history":[{"count":0,"href":"https:\/\/www.freiburg-schwarzwald.de\/blog\/wp-json\/wp\/v2\/posts\/47170\/revisions"}],"wp:attachment":[{"href":"https:\/\/www.freiburg-schwarzwald.de\/blog\/wp-json\/wp\/v2\/media?parent=47170"}],"wp:term":[{"taxonomy":"category","embeddable":true,"href":"https:\/\/www.freiburg-schwarzwald.de\/blog\/wp-json\/wp\/v2\/categories?post=47170"},{"taxonomy":"post_tag","embeddable":true,"href":"https:\/\/www.freiburg-schwarzwald.de\/blog\/wp-json\/wp\/v2\/tags?post=47170"}],"curies":[{"name":"wp","href":"https:\/\/api.w.org\/{rel}","templated":true}]}}