{"id":47142,"date":"2014-04-19T10:33:27","date_gmt":"2014-04-19T08:33:27","guid":{"rendered":"https:\/\/www.freiburg-schwarzwald.de\/blog\/?p=47142"},"modified":"2014-04-19T10:33:27","modified_gmt":"2014-04-19T08:33:27","slug":"raetschen-statt-glocken-ebnet","status":"publish","type":"post","link":"https:\/\/www.freiburg-schwarzwald.de\/blog\/raetschen-statt-glocken-ebnet\/","title":{"rendered":"Raetschen statt Glocken &#8211; Ebnet"},"content":{"rendered":"<p>Am Gr\u00fcndonnerstag verstummen die <a title=\"St.Hilarius in Ebnet \u2013 \u00e4lteste barocke Landkirche im Breisgau\" href=\"https:\/\/www.freiburg-schwarzwald.de\/blog\/st-hilarius-in-ebnet-alteste-barocke-landkirche-im-breisgau\/\">Kirchenglocken<\/a>. An ihrer Stelle rufen Jugendliche mit ihren <a title=\"Raetschen\" href=\"https:\/\/www.freiburg-schwarzwald.de\/blog\/religion\/kirchen\/raetschen\/\">R\u00e4tschen<\/a> die Menschen zu den Tagesgebeten und Gottesdiensten in Ebnet. Am Karfreitag um 7 Uhr, 12 Uhr und 18 Uhr.\u00a0Am <a title=\"Ostern\" href=\"https:\/\/www.freiburg-schwarzwald.de\/blog\/religion\/kirchen\/ostern\/\">Samstagabend<\/a> um 21 Uhr ruft dann das <a title=\"Raetschen\" href=\"https:\/\/www.freiburg-schwarzwald.de\/blog\/religion\/kirchen\/raetschen\/\">\u201eGro\u00dfe R\u00e4tschen\u201c<\/a> zur Auferstehungsfeier, ein oft doppelch\u00f6riges Spiel auf den Friedhofsmauern, mitunter begleitet von einer wohl einzigartigen Kontrabassr\u00e4tsche, <!--more-->bis in die dann eintretende Stille das Knistern des Osterfeuers vom neuen Licht der Auferstehung k\u00fcndet; die daran entz\u00fcndete Osterkerze wird in den dunklen Kirchenraum getragen und zu dem dreimaligen Ruf \u201eDas Licht Christi\u201c wird das Licht weitergegeben und erhellt nach und nach den Raum. Zum Gloria der Messfeier ert\u00f6nen dann wieder die Orgel und das Glockengel\u00e4ut. Dieses Gel\u00e4ut, aus drei Glocken bestehend und so seit \u00fcber dreihundert Jahren fast ununterbrochen das \u00e4lteste seiner Art im Dreisamtal, ruft die Menschen am Ostersonntag dann zum Festgottesdienst. &#8230;. <a title=\"Raetschen\" href=\"https:\/\/www.freiburg-schwarzwald.de\/blog\/religion\/kirchen\/raetschen\/\">Bilder zum R\u00e4tschen hier<\/a><br \/>\n19.4.2014, mehr auf <a href=\"https:\/\/www.kath-freiburg-ost.de\/\">www.kath-freiburg-ost.de<\/a> .<\/p>\n","protected":false},"excerpt":{"rendered":"<p>Am Gr\u00fcndonnerstag verstummen die Kirchenglocken. An ihrer Stelle rufen Jugendliche mit ihren R\u00e4tschen die Menschen zu den Tagesgebeten und Gottesdiensten in Ebnet. Am Karfreitag um 7 Uhr, 12 Uhr und 18 Uhr.\u00a0Am Samstagabend um 21 Uhr ruft dann das \u201eGro\u00dfe &hellip; <a href=\"https:\/\/www.freiburg-schwarzwald.de\/blog\/raetschen-statt-glocken-ebnet\/\">Weiterlesen <span class=\"meta-nav\">&rarr;<\/span><\/a><\/p>\n","protected":false},"author":2,"featured_media":0,"comment_status":"open","ping_status":"closed","sticky":false,"template":"","format":"standard","meta":{"footnotes":""},"categories":[261],"tags":[511,248,503],"class_list":["post-47142","post","type-post","status-publish","format-standard","hentry","category-katholisch","tag-brauchtum","tag-feste","tag-church"],"_links":{"self":[{"href":"https:\/\/www.freiburg-schwarzwald.de\/blog\/wp-json\/wp\/v2\/posts\/47142","targetHints":{"allow":["GET"]}}],"collection":[{"href":"https:\/\/www.freiburg-schwarzwald.de\/blog\/wp-json\/wp\/v2\/posts"}],"about":[{"href":"https:\/\/www.freiburg-schwarzwald.de\/blog\/wp-json\/wp\/v2\/types\/post"}],"author":[{"embeddable":true,"href":"https:\/\/www.freiburg-schwarzwald.de\/blog\/wp-json\/wp\/v2\/users\/2"}],"replies":[{"embeddable":true,"href":"https:\/\/www.freiburg-schwarzwald.de\/blog\/wp-json\/wp\/v2\/comments?post=47142"}],"version-history":[{"count":0,"href":"https:\/\/www.freiburg-schwarzwald.de\/blog\/wp-json\/wp\/v2\/posts\/47142\/revisions"}],"wp:attachment":[{"href":"https:\/\/www.freiburg-schwarzwald.de\/blog\/wp-json\/wp\/v2\/media?parent=47142"}],"wp:term":[{"taxonomy":"category","embeddable":true,"href":"https:\/\/www.freiburg-schwarzwald.de\/blog\/wp-json\/wp\/v2\/categories?post=47142"},{"taxonomy":"post_tag","embeddable":true,"href":"https:\/\/www.freiburg-schwarzwald.de\/blog\/wp-json\/wp\/v2\/tags?post=47142"}],"curies":[{"name":"wp","href":"https:\/\/api.w.org\/{rel}","templated":true}]}}