{"id":46963,"date":"2014-04-16T12:12:23","date_gmt":"2014-04-16T10:12:23","guid":{"rendered":"https:\/\/www.freiburg-schwarzwald.de\/blog\/?p=46963"},"modified":"2014-04-16T12:12:23","modified_gmt":"2014-04-16T10:12:23","slug":"akw-beznau-reaktordeckel-riss","status":"publish","type":"post","link":"https:\/\/www.freiburg-schwarzwald.de\/blog\/akw-beznau-reaktordeckel-riss\/","title":{"rendered":"AKW Beznau Reaktordeckel Riss"},"content":{"rendered":"<p>Reaktordeckel <a title=\"AKW\" href=\"https:\/\/www.freiburg-schwarzwald.de\/blog\/energie\/akw\/\">AKW<\/a> Beznau: Vollst\u00e4ndig intakt? Schlecht repariert? Unregelm\u00e4\u00dfigkeit? Haar-Riss oder Riss? Oder wundersame Selbstheilung? <a title=\"BUND\" href=\"https:\/\/www.freiburg-schwarzwald.de\/blog\/natur\/umwelt\/bund\/\">BUND<\/a> fordert schnelle Abschaltung statt teurem Austausch der Deckel im AKW Beznau (<a title=\"Schweiz\" href=\"https:\/\/www.freiburg-schwarzwald.de\/blog\/global\/schweiz\/\">CH<\/a>). Da wird jetzt also im \u00e4ltesten AKW der Welt, im &#8222;Technikmuseum Beznau&#8220;, f\u00fcr 700 Millionen Franken der Deckel ausgetauscht, obwohl der alte Deckel \u00abvollst\u00e4ndig intakt\u00bb ist.<!--more--><\/p>\n<p>&#8222;Der Reaktordruck\u00adbeh\u00e4lter im Block 1 von Beznau ben\u00f6tigt nach 45 Betriebsjahren einen neuen Deckel. Dieser Ersatz erfolgt nicht etwa, weil der aktuelle Deckel besch\u00e4digt w\u00e4re &#8211; die Axpo versichert, dieser sei \u00abvollst\u00e4ndig intakt\u00bb. Die Ma\u00dfnahme ist vielmehr Teil der Axpo-Strategie, in die Sicherheit von Beznau zu investieren; insgesamt 700 Millionen Franken sind daf\u00fcr reserviert&#8220; schrieb der Tagesanzeiger am 10.04.2014.<\/p>\n<p>Da wird jetzt also im \u00e4ltesten AKW der Welt, im &#8222;Technikmuseum Beznau&#8220;, f\u00fcr 700 Millionen Franken der Deckel ausgetauscht, obwohl der alte Deckel \u00abvollst\u00e4ndig intakt\u00bb ist. Im Juni 2012 gab es allerdings g\u00e4nzlich andere Informationen \u00fcber den Zustand der Deckel, wie Sie den Quellen unserer damaligen Presseerkl\u00e4rung (siehe unten) entnehmen k\u00f6nnen. Der heute \u00abvollst\u00e4ndig intakte\u00bb Deckel hatte damals laut Axpo &#8222;eine Unregelm\u00e4\u00dfigkeit&#8220; an einer Schwei\u00dfnaht im Innenteil des Reaktordeckels&#8220; und von der staatlichen AKW-Aufsicht Ensi war zu h\u00f6ren: \u00abEin Riss, der durch die Wand geht, ist das nicht\u00bb. Vielmehr handle es sich um einen \u00abHaar-Riss an der Oberfl\u00e4che\u00bb.<\/p>\n<p>&#8222;Ja was denn nun? Vollst\u00e4ndig intakt? Schlecht repariert? Unregelm\u00e4\u00dfigkeit? Haar-Riss oder Riss oder wundersame Selbstheilung der Reaktordeckel?&#8220; fragen sich die Menschen und der Bund f\u00fcr Umwelt und Naturschutz Deutschland, bei einem Thema, das die Sicherheit vieler Menschen, nicht nur am Hochrhein, ber\u00fchrt. Die Abschaltung des Technikmuseums AKW-Beznau ist die einzig sinnvolle Strategie zur Erh\u00f6hung der Sicherheit. Die 700 Millionen Franken sollten in R\u00fcckbau investiert werden.<\/p>\n<p>16.4.2014 Axel Mayer, Gesch\u00e4ftsf\u00fchrer, BUND-Regionalverband S\u00fcdlicher Oberrhein<br \/>\n\u00a0<a title=\"AKW Beznau am Hochrhein \u2013 Gefaehrlicher Riss im Reaktordeckel?\" href=\"https:\/\/www.freiburg-schwarzwald.de\/blog\/akw-beznau-am-hochrhein-gefaehrlicher-riss-im-reaktordeckel\/\">&#8222;alte&#8220; Presseerkl\u00e4rung vom 21.06.2012<\/a><\/p>\n","protected":false},"excerpt":{"rendered":"<p>Reaktordeckel AKW Beznau: Vollst\u00e4ndig intakt? Schlecht repariert? Unregelm\u00e4\u00dfigkeit? Haar-Riss oder Riss? Oder wundersame Selbstheilung? BUND fordert schnelle Abschaltung statt teurem Austausch der Deckel im AKW Beznau (CH). Da wird jetzt also im \u00e4ltesten AKW der Welt, im &#8222;Technikmuseum Beznau&#8220;, f\u00fcr &hellip; <a href=\"https:\/\/www.freiburg-schwarzwald.de\/blog\/akw-beznau-reaktordeckel-riss\/\">Weiterlesen <span class=\"meta-nav\">&rarr;<\/span><\/a><\/p>\n","protected":false},"author":2,"featured_media":0,"comment_status":"open","ping_status":"closed","sticky":false,"template":"","format":"standard","meta":{"footnotes":""},"categories":[164,219],"tags":[163,151,591],"class_list":["post-46963","post","type-post","status-publish","format-standard","hentry","category-akw","category-schweiz","tag-atomkraft","tag-erneuerbare-energien","tag-rhein"],"_links":{"self":[{"href":"https:\/\/www.freiburg-schwarzwald.de\/blog\/wp-json\/wp\/v2\/posts\/46963","targetHints":{"allow":["GET"]}}],"collection":[{"href":"https:\/\/www.freiburg-schwarzwald.de\/blog\/wp-json\/wp\/v2\/posts"}],"about":[{"href":"https:\/\/www.freiburg-schwarzwald.de\/blog\/wp-json\/wp\/v2\/types\/post"}],"author":[{"embeddable":true,"href":"https:\/\/www.freiburg-schwarzwald.de\/blog\/wp-json\/wp\/v2\/users\/2"}],"replies":[{"embeddable":true,"href":"https:\/\/www.freiburg-schwarzwald.de\/blog\/wp-json\/wp\/v2\/comments?post=46963"}],"version-history":[{"count":0,"href":"https:\/\/www.freiburg-schwarzwald.de\/blog\/wp-json\/wp\/v2\/posts\/46963\/revisions"}],"wp:attachment":[{"href":"https:\/\/www.freiburg-schwarzwald.de\/blog\/wp-json\/wp\/v2\/media?parent=46963"}],"wp:term":[{"taxonomy":"category","embeddable":true,"href":"https:\/\/www.freiburg-schwarzwald.de\/blog\/wp-json\/wp\/v2\/categories?post=46963"},{"taxonomy":"post_tag","embeddable":true,"href":"https:\/\/www.freiburg-schwarzwald.de\/blog\/wp-json\/wp\/v2\/tags?post=46963"}],"curies":[{"name":"wp","href":"https:\/\/api.w.org\/{rel}","templated":true}]}}