{"id":46841,"date":"2014-04-12T15:44:15","date_gmt":"2014-04-12T13:44:15","guid":{"rendered":"https:\/\/www.freiburg-schwarzwald.de\/blog\/?p=46841"},"modified":"2014-04-12T16:01:47","modified_gmt":"2014-04-12T14:01:47","slug":"eeg-altschuldenfonds-auslagern","status":"publish","type":"post","link":"https:\/\/www.freiburg-schwarzwald.de\/blog\/eeg-altschuldenfonds-auslagern\/","title":{"rendered":"EEG-Altschuldenfonds auslagern"},"content":{"rendered":"<p>Wer nach dem <a title=\"EEG\" href=\"https:\/\/www.freiburg-schwarzwald.de\/blog\/energie\/strom\/eeg\/\">EEG<\/a> im Jahre 2000 eine <a title=\"Photovoltaik\" href=\"https:\/\/www.freiburg-schwarzwald.de\/blog\/energie\/solar\/photovoltaik\/\">Solaranlage<\/a> aufs Dach schraubte, erh\u00e4lt bis 2030 staatlich garantierte 50,62 Cent \/kWh (gegen\u00fcber 13,20 Cent Einspeiseverg\u00fctung heute) &#8211; das macht im Jahr ca 20 Mrd Euro. Diese riesigen Altlasten sollen in einen EEG-Altschuldenfonds ausgelagert werden, um die aktuellen, viel g\u00fcnstigeren Kosten des <a title=\"Strom\" href=\"https:\/\/www.freiburg-schwarzwald.de\/blog\/energie\/strom\/\">\u00d6kostroms<\/a> sichtbar zu machen,<!--more-->\u00a0so die Intitiatoren Klaus T\u00f6pfer (Exekutivdirektor UN-Umweltprogramm), Holger Krawinkel (Verbraucherzentrale Bundesverband) und G\u00fcnther Bachmann (Rat f\u00fcr nachhalige Entwicklung): &#8222;Die ganze Wirtschaft und endlich auch die B\u00fcrger kommen in den Genuss der Kostendegression der erneuerbaren Energietr\u00e4ger. Weltweit wird sichtbar, dass die Erneuerbaren Energien die Wettbewerbsf\u00e4higkeit erreichen&#8220;. T\u00f6pfer will den Kostenschnitt. Er versteht die Energiewende als gesellschaftliches Projekt zur Sicherung der Zukunft des Landes. Und wenn das ganze Land davon profitiert, ist es nur gerecht, wenn die Entwicklungskosten der Anfangsjahre ab 2000 nicht nur wie bislang die Stromkunden bezahlen, sondern alle B\u00fcrger und Betriebe \u00fcber den EEG-Altschuldenfonds. \u00dcber diesen Fonds sind bis 2030 109 Mrd Euro umzuverteilen (Vergleich, Rente mit 63 plus M\u00fctterrente kosten jedes Jahr fast 4 Mrd mehr). T\u00f6pfer vergleicht den EEG-Altschuldenfonds mit der Verm\u00f6gensabgabe nach dem 2. Weltkrieg und dem DDR-Erblastentilgungsfonds nach der Wende.\u00a0<br \/>\n12.4.2014<\/p>\n","protected":false},"excerpt":{"rendered":"<p>Wer nach dem EEG im Jahre 2000 eine Solaranlage aufs Dach schraubte, erh\u00e4lt bis 2030 staatlich garantierte 50,62 Cent \/kWh (gegen\u00fcber 13,20 Cent Einspeiseverg\u00fctung heute) &#8211; das macht im Jahr ca 20 Mrd Euro. Diese riesigen Altlasten sollen in einen &hellip; <a href=\"https:\/\/www.freiburg-schwarzwald.de\/blog\/eeg-altschuldenfonds-auslagern\/\">Weiterlesen <span class=\"meta-nav\">&rarr;<\/span><\/a><\/p>\n","protected":false},"author":2,"featured_media":0,"comment_status":"open","ping_status":"closed","sticky":false,"template":"","format":"standard","meta":{"footnotes":""},"categories":[5,132,68,171],"tags":[516,239,723],"class_list":["post-46841","post","type-post","status-publish","format-standard","hentry","category-energie","category-strom","category-umwelt","category-verbraucher","tag-eeg","tag-energiesparen","tag-strom"],"_links":{"self":[{"href":"https:\/\/www.freiburg-schwarzwald.de\/blog\/wp-json\/wp\/v2\/posts\/46841","targetHints":{"allow":["GET"]}}],"collection":[{"href":"https:\/\/www.freiburg-schwarzwald.de\/blog\/wp-json\/wp\/v2\/posts"}],"about":[{"href":"https:\/\/www.freiburg-schwarzwald.de\/blog\/wp-json\/wp\/v2\/types\/post"}],"author":[{"embeddable":true,"href":"https:\/\/www.freiburg-schwarzwald.de\/blog\/wp-json\/wp\/v2\/users\/2"}],"replies":[{"embeddable":true,"href":"https:\/\/www.freiburg-schwarzwald.de\/blog\/wp-json\/wp\/v2\/comments?post=46841"}],"version-history":[{"count":0,"href":"https:\/\/www.freiburg-schwarzwald.de\/blog\/wp-json\/wp\/v2\/posts\/46841\/revisions"}],"wp:attachment":[{"href":"https:\/\/www.freiburg-schwarzwald.de\/blog\/wp-json\/wp\/v2\/media?parent=46841"}],"wp:term":[{"taxonomy":"category","embeddable":true,"href":"https:\/\/www.freiburg-schwarzwald.de\/blog\/wp-json\/wp\/v2\/categories?post=46841"},{"taxonomy":"post_tag","embeddable":true,"href":"https:\/\/www.freiburg-schwarzwald.de\/blog\/wp-json\/wp\/v2\/tags?post=46841"}],"curies":[{"name":"wp","href":"https:\/\/api.w.org\/{rel}","templated":true}]}}