{"id":46632,"date":"2014-04-07T09:42:15","date_gmt":"2014-04-07T07:42:15","guid":{"rendered":"https:\/\/www.freiburg-schwarzwald.de\/blog\/?p=46632"},"modified":"2014-11-12T17:55:27","modified_gmt":"2014-11-12T16:55:27","slug":"computer-freund-windows-xp","status":"publish","type":"post","link":"https:\/\/www.freiburg-schwarzwald.de\/blog\/computer-freund-windows-xp\/","title":{"rendered":"Computer Freund &#8211; Windows XP"},"content":{"rendered":"<p><a title=\"Verbraucher\" href=\"https:\/\/www.freiburg-schwarzwald.de\/blog\/engagement\/verbraucher\/\">Keine Sorge <\/a>mit <a title=\"Internet\" href=\"https:\/\/www.freiburg-schwarzwald.de\/blog\/kultur\/internet\/\">Windows XP<\/a>. Ab\u00a0dem 8.4.2014\u00a0gibt es keine\u00a0neuen Updates\u00a0mehr f\u00fcr <a title=\"XP Ende \u2013 geplante Obsoleszenz\" href=\"https:\/\/www.freiburg-schwarzwald.de\/blog\/xp-ende-geplante-obsoleszenz\/\">Windows XP <\/a>und Office 2003. Dies be\u00addeu\u00adtet jedoch nicht, dass ab diesem Datum <a title=\"Internetservice\" href=\"https:\/\/www.freiburg-schwarzwald.de\/blog\/business\/dienste\/internetservice\/\">Win\u00addows XP <\/a>nicht mehr funktioniert oder unsicher ist, denn momentan besteht keine Sicherheitsl\u00fccke und solange keine neue auftaucht, kann\u00a0XP vorerst auch problemlos weiter genutzt werden.<!--more--><\/p>\n<p>Desweiteren wurde in Windows XP bereits eine sehr gro\u00dfe Menge an kritischen Sicherheitsl\u00fccken geschlossen, was die Wahrscheinlichkeit f\u00fcr neue Sicherheitsl\u00fccken enorm ein\u00adschr\u00e4nkt. Da bei Windows 7\/8 kritische Sich\u00ader\u00adheits\u00adl\u00fccken zum Teil erst mehrere Wochen nach ihrem Be\u00adkannt\u00adwerden geschlossen werden, besteht hier nahezu dasselbe Risiko. Die meisten Viren und Trojaner gelangen je\u00addoch \u00fcber an\u00addere Wege auf den Rechner, hierbei gelten Adobe Flash\u00adplayer, Adobe Reader, iTunes und Java zu den am h\u00e4ufigsten genutzten Schwachstellen, daher gilt als h\u00f6chste Priorit\u00e4t, diese stets auf dem neusten Stand zu hal\u00adten und mit addons wie &#8222;noscript&#8220; oder &#8222;Adblock Plus&#8220; zu ar\u00adbeiten.<br \/>\n7.4.2014, Jakob Kleemann, <a title=\"Computer\" href=\"https:\/\/www.freiburg-schwarzwald.de\/blog\/business\/dienste\/computer\/\">Fa Computer Freund<\/a>,\u00a0\u00a0<a title=\"Littenweiler-Dorfblatt\" href=\"https:\/\/www.freiburg-schwarzwald.de\/blog\/regio\/freiburg\/littenweiler\/littenweiler-dorfblatt\/\">Littenweiler Dorfblatt<\/a><\/p>\n<p><a href=\"https:\/\/www.freiburg-schwarzwald.de\/blog\/computer-freund-windows-xp\/kleemann-jakob140203\/\" rel=\"attachment wp-att-46633\"><img loading=\"lazy\" decoding=\"async\" class=\"alignnone size-thumbnail wp-image-46633\" alt=\"kleemann-jakob140203\" src=\"https:\/\/www.freiburg-schwarzwald.de\/blog\/wp-content\/uploads\/2014\/04\/kleemann-jakob140203-144x180.jpg\" width=\"144\" height=\"180\" srcset=\"https:\/\/www.freiburg-schwarzwald.de\/blog\/wp-content\/uploads\/2014\/04\/kleemann-jakob140203-144x180.jpg 144w, https:\/\/www.freiburg-schwarzwald.de\/blog\/wp-content\/uploads\/2014\/04\/kleemann-jakob140203.jpg 514w\" sizes=\"auto, (max-width: 144px) 100vw, 144px\" \/><\/a><\/p>\n<p><b>Alles rund um den Computer: <\/b><b>Kaufen oder\u00a0 reparieren und Programme installieren<br \/>\n<\/b>Wer die Alemannenstra\u00dfe entlangf\u00e4hrt, hat es vielleicht schon entdeckt. <a title=\"Computer\" href=\"https:\/\/www.freiburg-schwarzwald.de\/blog\/business\/dienste\/computer\/\">Ein neues Gesch\u00e4ft<\/a> f\u00fcr \u201eAlles rund um den Computer\u201c. Im Dezember hat Jakob Kleemann, ge\u00adlern\u00adter Fachinformatiker f\u00fcr Systemintegration, sein IT-Fach\u00adgesch\u00e4ft er\u00f6ffnet. Hier findet jeder das Passende, Jakob Kleemann orientiert sich dabei an den W\u00fcnschen und Bed\u00fcrfnissen der Kunden. \u201eIch habe auch einige gebrauchte Notebooks im Laden und kaufe solche auch gerne an\u201c, erkl\u00e4rt er, denn wer nur ab und an ins Internet will oder Texte schreiben m\u00f6chte und ein kleines Budget hat, der braucht nicht das allerneueste Ger\u00e4t. \u201eBei den Preisen der Neuwaren kann ich problemlos mit den gro\u00dfen M\u00e4rkten\u00a0 mithalten\u201c, sagt er. Aber die Besonderheit seines Gesch\u00e4ftes ist es, dass der Kunde hier alles aus einer Hand bekommt. Die Ger\u00e4te werden nach Kundenwunsch zu\u00adsamm\u00adengestellt, eingerichtet und alle Programme installiert. Und sollte mal der Kaffee \u00fcber die Tastatur laufen oder der Bild\u00adschirm schwarz sein, rettet der \u201eComputer-Freund\u201c Ja\u00adkob Kleemann die Daten oder installiert die n\u00f6tigen Er\u00adsatz\u00adteile. Weiterhin gibt es neue Bildschirme, Kabel, Drucker, Batter\u00adi\u00aden und vieles mehr. Auf Wunsch wird bestellt, was nicht im Laden vorr\u00e4tig ist. F\u00fcr Firmenkunden richtet Jakob Klee\u00admann die Netzwerke ein und k\u00fcmmert sich um Da\u00adten\u00adsich\u00aderheit. Webseiten erstellt er gemeinsam mit kompetenten Partnern und ab M\u00e4rz werden die Webseiten sogar auf eigenen, gespiegelten Servern laufen. F\u00fcr Fragen steht er dann gerne pers\u00f6nlich\u00a0 zur Verf\u00fcgung. Niemand strandet in einer Hotline-Warteschleife. Derzeit wird Jakob Kleemann von einem Praktikanten un\u00adter\u00adst\u00fctzt, den er sobald wie m\u00f6glich \u00fcbernehmen m\u00f6chte. Weiter geplant im Angebot sind Schulungen in kleinen Gruppen. Es wird die unterschiedlichsten Kurse geben, vom Einstieg in MS-Office f\u00fcr Jede\/n, \u00fcber Kurse in Da\u00adten\u00adsicherheit f\u00fcr Firmenkunden bis hin zu Programmiersprachen f\u00fcr PC-Freaks und solche, die es werden wollen. \u201eLittenweiler gef\u00e4llt mir und hier im Umkreis gab es meinen Recherchen nach noch kein Computer-Fach\u00adge\u00adsch\u00e4ft\u201c, meinte Jakob Kleemann. Vorher hatte er in unterschiedlichen IT-Bereichen ge\u00adar\u00adbeitet. Von Hardware-Reparaturen bis hin zur Einrichtung und Absicherung von verschiedenen Webserver-Arten. Aus\u00adgebildet wurde er von Dipl. Ing. S. Auchter in einem IT-Fachgesch\u00e4ft im Vauban. Dort wohnt er auch noch, aber er m\u00f6chte gerne nach Littenweiler ziehen. Wer eine 3-Zimmer-Wohnung zu vermieten hat, kann sich bei ihm gerne melden.<br \/>\n3.2.2.14, Anja Lusch, <a title=\"Littenweiler-Dorfblatt\" href=\"https:\/\/www.freiburg-schwarzwald.de\/blog\/regio\/freiburg\/littenweiler\/littenweiler-dorfblatt\/\">Littenweiler Dorfblatt<\/a><\/p>\n","protected":false},"excerpt":{"rendered":"<p>Keine Sorge mit Windows XP. Ab\u00a0dem 8.4.2014\u00a0gibt es keine\u00a0neuen Updates\u00a0mehr f\u00fcr Windows XP und Office 2003. Dies be\u00addeu\u00adtet jedoch nicht, dass ab diesem Datum Win\u00addows XP nicht mehr funktioniert oder unsicher ist, denn momentan besteht keine Sicherheitsl\u00fccke und solange keine &hellip; <a href=\"https:\/\/www.freiburg-schwarzwald.de\/blog\/computer-freund-windows-xp\/\">Weiterlesen <span class=\"meta-nav\">&rarr;<\/span><\/a><\/p>\n","protected":false},"author":2,"featured_media":0,"comment_status":"open","ping_status":"closed","sticky":false,"template":"","format":"standard","meta":{"footnotes":""},"categories":[21],"tags":[559,515,570],"class_list":["post-46632","post","type-post","status-publish","format-standard","hentry","category-dienste","tag-business","tag-konsum","tag-service"],"_links":{"self":[{"href":"https:\/\/www.freiburg-schwarzwald.de\/blog\/wp-json\/wp\/v2\/posts\/46632","targetHints":{"allow":["GET"]}}],"collection":[{"href":"https:\/\/www.freiburg-schwarzwald.de\/blog\/wp-json\/wp\/v2\/posts"}],"about":[{"href":"https:\/\/www.freiburg-schwarzwald.de\/blog\/wp-json\/wp\/v2\/types\/post"}],"author":[{"embeddable":true,"href":"https:\/\/www.freiburg-schwarzwald.de\/blog\/wp-json\/wp\/v2\/users\/2"}],"replies":[{"embeddable":true,"href":"https:\/\/www.freiburg-schwarzwald.de\/blog\/wp-json\/wp\/v2\/comments?post=46632"}],"version-history":[{"count":0,"href":"https:\/\/www.freiburg-schwarzwald.de\/blog\/wp-json\/wp\/v2\/posts\/46632\/revisions"}],"wp:attachment":[{"href":"https:\/\/www.freiburg-schwarzwald.de\/blog\/wp-json\/wp\/v2\/media?parent=46632"}],"wp:term":[{"taxonomy":"category","embeddable":true,"href":"https:\/\/www.freiburg-schwarzwald.de\/blog\/wp-json\/wp\/v2\/categories?post=46632"},{"taxonomy":"post_tag","embeddable":true,"href":"https:\/\/www.freiburg-schwarzwald.de\/blog\/wp-json\/wp\/v2\/tags?post=46632"}],"curies":[{"name":"wp","href":"https:\/\/api.w.org\/{rel}","templated":true}]}}