{"id":46587,"date":"2014-04-06T13:29:59","date_gmt":"2014-04-06T11:29:59","guid":{"rendered":"https:\/\/www.freiburg-schwarzwald.de\/blog\/?p=46587"},"modified":"2014-04-06T13:37:22","modified_gmt":"2014-04-06T11:37:22","slug":"drk-stegen-mit-jugendrotkreuz","status":"publish","type":"post","link":"https:\/\/www.freiburg-schwarzwald.de\/blog\/drk-stegen-mit-jugendrotkreuz\/","title":{"rendered":"DRK Stegen mit Jugendrotkreuz"},"content":{"rendered":"<p>Freude herrscht im Ortsverein <a title=\"Stegen\" href=\"https:\/\/www.freiburg-schwarzwald.de\/blog\/regio\/orte\/stegen\/\">Stegen<\/a> des Deutschen Roten Kreuzes \u00fcber einen gut aufgestellten Verein. Damit dies so bleibt, will sich der im Amt best\u00e4tigte Vorsitzende Matthias Reinbold, zusammen mit dem Vorstand weiter daf\u00fcr einsetzen. F\u00fcr Reinbold ist es nach zehn Jahren im Amt ein besonderes Anliegen, da\u00df die Helfer gut, modern ausgebildet und sicher im <a title=\"Ehrenamt\" href=\"https:\/\/www.freiburg-schwarzwald.de\/blog\/engagement\/ehrenamt\/\">Ehrenamt<\/a> arbeiten k\u00f6nnen. <!--more-->Und daf\u00fcr will er sich weiter in der kommenden vierj\u00e4hrigen Amtszeit mit seinem Team im Vorstand engagieren.<br \/>\nDazu wird sicherlich ebenso die Investition f\u00fcr ein neues Fahrzeug des Ortsvereins z\u00e4hlen wie die begonnene Umstellung der Einsatzkleidung f\u00fcr die Helfer. Nicht zuletzt konnte w\u00e4hrend der Mitgliederversammlung in Stegen berichtet werden, da\u00df die Eins\u00e4tze immer schwieriger und gef\u00e4hrlicher werden. Dar\u00fcber hinaus leisteten die 23 ehrenamtlichen Helfer der Bereitschaft 483,5 Stunden Dienst bei diversen Veranstaltungen im Dorf und dar\u00fcber hinaus im vergangenen Jahr.<br \/>\n\u00dcber einen Zuwachs von zwei Mitgliedern konnte im Jugendrotkreuz berichtet werden. Dort nehmen derzeit 29 junge Menschen an den w\u00f6chentlichen Treffen teil. Dazu geh\u00f6rt seit Jahren ebenso die Gestaltung des<br \/>\nSommerferienprogramms f\u00fcr Stegen in guter Zusammenarbeit mit den Vereinen und weiteren Organisationen samt der Gemeinderwaltung. Um weiter alle Arbeitsbereiche finanzieren zu k\u00f6nnen ist es nach Ansicht des Roten Kreuzes Stegen wichtig ausreichend F\u00f6rdermitglieder zu haben, die im vergangenen Jahr leider um vier auf jetzt 416 abnahmen. Abschied genommen als Vertreter der Bereitschaft hat nach vielen Jahren\u00a0mit beachtlichem Engagement Peter Rombach. Gleiches gilt f\u00fcr Eva Bernhart, die nach mehrj\u00e4hriger Mitarbeit im Vorstand des Roten Kreuzes als<br \/>\nBeisitzerin nicht mehr kandidierte. Beiden wurde herzlich f\u00fcr ihr \u00fcberdurchschnittliches helfen und die Unterst\u00fctzung im Ortsverein gedankt. Gew\u00e4hlt wurde schlie\u00dflich einstimmig der neue Vorstand wie folgt: Vorsitzender Matthias Reinbold, Stellvertreter Joseph Ketterer, Kassenwart Oliver Stenzel, Schriftf\u00fchrerin Katharina Tritschler. Als Beisitzer<br \/>\ngew\u00e4hlt wurden Erika Rombach, Friederike Schwarz (neu) und Alexander Jacobs.\u00a0 Neue Vertreterin der Bereitschaft ist Isabell Vogt. Dabei wird sie von Oliver Stenzel unterst\u00fctzt. Leiterin des Jugendrotkreuzes ist Isabella Maier. Als Kassenwarte gew\u00e4hlt wurden Guido Andris und Franz Klingele.<\/p>\n<p><a href=\"https:\/\/www.freiburg-schwarzwald.de\/blog\/drk-stegen-mit-jugendrotkreuz\/drk-stegen1403\/\" rel=\"attachment wp-att-46589\"><img loading=\"lazy\" decoding=\"async\" class=\"alignnone size-thumbnail wp-image-46589\" alt=\"drk-stegen1403\" src=\"https:\/\/www.freiburg-schwarzwald.de\/blog\/wp-content\/uploads\/2014\/04\/drk-stegen1403-137x180.jpg\" width=\"137\" height=\"180\" srcset=\"https:\/\/www.freiburg-schwarzwald.de\/blog\/wp-content\/uploads\/2014\/04\/drk-stegen1403-137x180.jpg 137w, https:\/\/www.freiburg-schwarzwald.de\/blog\/wp-content\/uploads\/2014\/04\/drk-stegen1403.jpg 488w\" sizes=\"auto, (max-width: 137px) 100vw, 137px\" \/><\/a>\u00a0 Stegen-Vorstand v.l.: Joseph Ketterer, Kurt M\u00fcller und Matthias Reinbold<\/p>\n<p>Eine besondere Freude war es f\u00fcr den Vorstand mit Kurt M\u00fcller ein F\u00f6rdermitglied w\u00e4hrend der Versammlung ehren zu k\u00f6nnen, das bereits seit 50 Jahren die Arbeit des Roten Kreuzes unterst\u00fctzt.<br \/>\nG\u00fcnther Laumann wurde daf\u00fcr ausgezeichnet und mit Beifall gedankt, da\u00df er 40 Jahre aktiv im Roten Kreuz mitarbeitet. Sabine Ketterer erhielt eine Ehrung f\u00fcr ihr 25-j\u00e4hriges Engagement, Julian Haupt f\u00fcr 15-j\u00e4hriges<br \/>\nEngagement und Matthias Reinbold f\u00fcr 10-j\u00e4hriges Engagement.<br \/>\n6.4.2014<\/p>\n","protected":false},"excerpt":{"rendered":"<p>Freude herrscht im Ortsverein Stegen des Deutschen Roten Kreuzes \u00fcber einen gut aufgestellten Verein. Damit dies so bleibt, will sich der im Amt best\u00e4tigte Vorsitzende Matthias Reinbold, zusammen mit dem Vorstand weiter daf\u00fcr einsetzen. F\u00fcr Reinbold ist es nach zehn &hellip; <a href=\"https:\/\/www.freiburg-schwarzwald.de\/blog\/drk-stegen-mit-jugendrotkreuz\/\">Weiterlesen <span class=\"meta-nav\">&rarr;<\/span><\/a><\/p>\n","protected":false},"author":2,"featured_media":0,"comment_status":"open","ping_status":"closed","sticky":false,"template":"","format":"standard","meta":{"footnotes":""},"categories":[50,104],"tags":[577,586],"class_list":["post-46587","post","type-post","status-publish","format-standard","hentry","category-dreisamtal","category-hilfe","tag-hilfe-2","tag-verein"],"_links":{"self":[{"href":"https:\/\/www.freiburg-schwarzwald.de\/blog\/wp-json\/wp\/v2\/posts\/46587","targetHints":{"allow":["GET"]}}],"collection":[{"href":"https:\/\/www.freiburg-schwarzwald.de\/blog\/wp-json\/wp\/v2\/posts"}],"about":[{"href":"https:\/\/www.freiburg-schwarzwald.de\/blog\/wp-json\/wp\/v2\/types\/post"}],"author":[{"embeddable":true,"href":"https:\/\/www.freiburg-schwarzwald.de\/blog\/wp-json\/wp\/v2\/users\/2"}],"replies":[{"embeddable":true,"href":"https:\/\/www.freiburg-schwarzwald.de\/blog\/wp-json\/wp\/v2\/comments?post=46587"}],"version-history":[{"count":0,"href":"https:\/\/www.freiburg-schwarzwald.de\/blog\/wp-json\/wp\/v2\/posts\/46587\/revisions"}],"wp:attachment":[{"href":"https:\/\/www.freiburg-schwarzwald.de\/blog\/wp-json\/wp\/v2\/media?parent=46587"}],"wp:term":[{"taxonomy":"category","embeddable":true,"href":"https:\/\/www.freiburg-schwarzwald.de\/blog\/wp-json\/wp\/v2\/categories?post=46587"},{"taxonomy":"post_tag","embeddable":true,"href":"https:\/\/www.freiburg-schwarzwald.de\/blog\/wp-json\/wp\/v2\/tags?post=46587"}],"curies":[{"name":"wp","href":"https:\/\/api.w.org\/{rel}","templated":true}]}}