{"id":46540,"date":"2014-04-04T13:40:03","date_gmt":"2014-04-04T11:40:03","guid":{"rendered":"https:\/\/www.freiburg-schwarzwald.de\/blog\/?p=46540"},"modified":"2014-04-04T13:40:03","modified_gmt":"2014-04-04T11:40:03","slug":"sc-gegen-vfb-5-4-in-stuttgart","status":"publish","type":"post","link":"https:\/\/www.freiburg-schwarzwald.de\/blog\/sc-gegen-vfb-5-4-in-stuttgart\/","title":{"rendered":"SC gegen VfB 5.4. in Stuttgart"},"content":{"rendered":"<p>\u201eWir fahren nach <a title=\"Schwaben\" href=\"https:\/\/www.freiburg-schwarzwald.de\/blog\/kultur\/alemannisch\/schwaben\/\">Stuttgart<\/a> mit Mut, viel Leidenschaft und wollen dort auch gewinnen\u201c.\u00a0Diese Aussage von <a title=\"SCfreiburg\" href=\"https:\/\/www.freiburg-schwarzwald.de\/blog\/sport\/sportvereine\/scfreiburg\/\">SC<\/a>-Chef-Coach Christian Streich zeugt nicht gerade von Zur\u00fcckhaltung und Defensivstrategie, sondern von gro\u00dfer \u00dcberzeugung von den <a title=\"Sportlern\" href=\"https:\/\/www.freiburg-schwarzwald.de\/blog\/sport\/sportlern\/\">starken Leistungen <\/a>seines Teams in den letzten <a title=\"Fussball\" href=\"https:\/\/www.freiburg-schwarzwald.de\/blog\/sport\/sportlern\/fussball\/\">Spielen<\/a>. Bekannterweise beginnt der VfB in den ersten zwanzig Minuten sehr aggressiv. Sofort Paroli bieten, keine Konter zulassen, <!--more-->taktisches Verhalten und optimales Zustellen der R\u00e4ume soll diesem Anrennen des VfB von vornherein den Wind aus den Segeln nehmen. Der Druck auf den VfB Stuttgart d\u00fcrfte ungleich h\u00f6her als beim SC Freiburg sein, immerhin steht man mit 5 Punkten in der Tabelle besser da. Diese Situation kann f\u00fcr den SC Freiburg auch von Vorteil sein, \u201ereine Nervensache\u201c, betonte Streich und wies darauf hin, dass auch der VfB Stuttgart in den letzten Spielen stark gespielt und immer nur knapp verloren habe.<br \/>\nRund 4.000 Karten sind vom SC an Freiburger Fans verkauft worden, etliche d\u00fcrften dazukommen, die sich die Karten selbst direkt beim VfB besorgt haben, f\u00fcr Unterst\u00fctzung d\u00fcrfte also gesorgt sein.<br \/>\nVerletzungsbedingt fehlen beim SC Freiburg Mensur Mujdza, Vaclav Pilar und Mike Hanke. F\u00fcr den gesperrten Kapit\u00e4n Julian Schuster, der beim Spiel gegen N\u00fcrnberg seine f\u00fcnfte Gelbe Karte sah, wird ggf. Gelson Fernandes im zentralen Mittelfeld spielen, eventuell aber auch Matthias Ginter. Endg\u00fcltig will sich Streich wie immer erst nach dem Donnerstagtraining festlegen. Auch Nicolas H\u00f6fler habe intensiv trainiert, sehr konzentriert, ballsicher, zweikampfstark und dies habe ihm, so Streich, sehr gut gefallen. F\u00fcr das Spiel gegen Stuttgart wird er aber eher eine Option bleiben.<br \/>\n\u201eDas war keine sch\u00f6ne Woche\u201c, re\u00fcssierte Streich auf die Angriffe des Club-Trainers Gertjan Verbeek nach dem Spiel gegen N\u00fcrberg gegen ihn. Von allen Vorw\u00fcrfen stehe zwar nur noch der Vorwurf \u201eB\u00f6se Blicke\u201c im Raum und Christian Streich hofft, dass so etwas nicht mehr vorkommt, und f\u00fchlt sich \u201epers\u00f6nlich diffamiert\u201c.\u00a0&#8222;Einige haben eine Stigmatisierung beabsichtigt und das sei wohl auch gelungen, von einigen Leuten, die diese Energetik nicht m\u00f6gen\u201c, f\u00fchrte Streich weiter aus und sprach von einer \u201e Grenz\u00fcberschreitung\u201c, die wohl auch aus der Emotionalit\u00e4t im Zusammenhang des Abstiegskampfes heraus entstanden sei. Er rede nun mal seit 48 Jahren mit den H\u00e4nden und werde diese Gestik am Spielfeldrand auch nicht einstellen, um die Mannschaft weiterhin steuern zu k\u00f6nnen. \u201eWir brauchen Kommunikation auf dem Platz\u201c, ist das Fazit von Streich, der meint, man sollte die Sache jetzt besser mal ruhen lassen und kein \u00d6l mehr ins Feuer gie\u00dfen. Er jedenfalls werde nicht nachkarten und hofft, dass der Streit mit dieser Woche abgeschlossen ist.<br \/>\n4.4.2014, Hans Homlicher<\/p>\n","protected":false},"excerpt":{"rendered":"<p>\u201eWir fahren nach Stuttgart mit Mut, viel Leidenschaft und wollen dort auch gewinnen\u201c.\u00a0Diese Aussage von SC-Chef-Coach Christian Streich zeugt nicht gerade von Zur\u00fcckhaltung und Defensivstrategie, sondern von gro\u00dfer \u00dcberzeugung von den starken Leistungen seines Teams in den letzten Spielen. Bekannterweise &hellip; <a href=\"https:\/\/www.freiburg-schwarzwald.de\/blog\/sc-gegen-vfb-5-4-in-stuttgart\/\">Weiterlesen <span class=\"meta-nav\">&rarr;<\/span><\/a><\/p>\n","protected":false},"author":2,"featured_media":0,"comment_status":"open","ping_status":"closed","sticky":false,"template":"","format":"standard","meta":{"footnotes":""},"categories":[204,72],"tags":[366,70,187],"class_list":["post-46540","post","type-post","status-publish","format-standard","hentry","category-scfreiburg","category-sportlern","tag-fussball","tag-jugendsport","tag-sc"],"_links":{"self":[{"href":"https:\/\/www.freiburg-schwarzwald.de\/blog\/wp-json\/wp\/v2\/posts\/46540","targetHints":{"allow":["GET"]}}],"collection":[{"href":"https:\/\/www.freiburg-schwarzwald.de\/blog\/wp-json\/wp\/v2\/posts"}],"about":[{"href":"https:\/\/www.freiburg-schwarzwald.de\/blog\/wp-json\/wp\/v2\/types\/post"}],"author":[{"embeddable":true,"href":"https:\/\/www.freiburg-schwarzwald.de\/blog\/wp-json\/wp\/v2\/users\/2"}],"replies":[{"embeddable":true,"href":"https:\/\/www.freiburg-schwarzwald.de\/blog\/wp-json\/wp\/v2\/comments?post=46540"}],"version-history":[{"count":0,"href":"https:\/\/www.freiburg-schwarzwald.de\/blog\/wp-json\/wp\/v2\/posts\/46540\/revisions"}],"wp:attachment":[{"href":"https:\/\/www.freiburg-schwarzwald.de\/blog\/wp-json\/wp\/v2\/media?parent=46540"}],"wp:term":[{"taxonomy":"category","embeddable":true,"href":"https:\/\/www.freiburg-schwarzwald.de\/blog\/wp-json\/wp\/v2\/categories?post=46540"},{"taxonomy":"post_tag","embeddable":true,"href":"https:\/\/www.freiburg-schwarzwald.de\/blog\/wp-json\/wp\/v2\/tags?post=46540"}],"curies":[{"name":"wp","href":"https:\/\/api.w.org\/{rel}","templated":true}]}}