{"id":46479,"date":"2014-04-03T14:34:23","date_gmt":"2014-04-03T12:34:23","guid":{"rendered":"https:\/\/www.freiburg-schwarzwald.de\/blog\/?p=46479"},"modified":"2014-04-03T14:34:23","modified_gmt":"2014-04-03T12:34:23","slug":"sportlerehrung-stegen-ringer","status":"publish","type":"post","link":"https:\/\/www.freiburg-schwarzwald.de\/blog\/sportlerehrung-stegen-ringer\/","title":{"rendered":"Sportlerehrung Stegen &#8211; Ringer"},"content":{"rendered":"<p>Die W\u00fcrdigung erfolgreicher <a title=\"Sportlern\" href=\"https:\/\/www.freiburg-schwarzwald.de\/blog\/sport\/sportlern\/\">Sportler<\/a> ist mittlerweile zum festen Bestandteil im Terminkalender der <a title=\"Stegen\" href=\"https:\/\/www.freiburg-schwarzwald.de\/blog\/regio\/orte\/stegen\/\">Gemeinde Stegen<\/a> geworden. F\u00fcr vordere Pl\u00e4tze auf \u00fcberregionaler Ebene \u00a0wurden 26 Athleten und 6 Mannschaften geehrt. \u00a0Die Veranstaltung in der Mehrzweckhalle Eschbach nutzten nicht nur die mit einer Urkunde ausgezeichneten Sportler sondern auch Trainer, Betreuer, Eltern und Geschwister,\u00a0um miteinander ins Gespr\u00e4ch zu kommen. <!--more-->Zum Gelingen trugen in diesem Jahr die Motorradfreunde Eschbachtal bei, bei denen die organisatorischen F\u00e4den zusammenliefen. In seiner Begr\u00fc\u00dfungsansprache betonte B\u00fcrgermeister Siegfried Kuster, dass die Gemeinde Stegen den \u00f6rtlichen Sportvereinen die Hallen und Sportst\u00e4tten \u00a0f\u00fcr Training und Wettkampf unentgeltlich zur Verf\u00fcgung stellt. Umrahmt wurden die vom B\u00fcrgermeister durchgef\u00fchrte Ehrung erfolgreicher Athleten \u00a0von einem \u00a0sportlichen Show-Programm. Dabei zeigte die Parkour-Abteilung vom SV Eschbach, warum die noch in den Kinderschuhen befindliche Trend-Sportart stetig an Popularit\u00e4t gewinnt. \u201e Parkour-Sportler wollen sich schnell und effizient durch ihre Umwelt bewegen. Parkour ist Laufen, Klettern, Springen, Rollen, Kraxeln und viel mehr\u201c, so Kamil Feucht, der sich seit zwei Jahren als \u00dcbungs- und Abteilungsleiter in dieser neuen Sportart beim SV Eschbach engagiert. Ann\u00e4hernd 70 Aktive im Altern zwischen 12 und 30 Jahren haben sich mittlerweile dieser Sparte beim SV Eschbach angeschlossen. Bei ihrem Auftritt \u00fcberraschten die Parkour-Sportler mit gewagten Saltos und halsbrecherischen Spr\u00fcngen das staunende Publikum. Im Gespr\u00e4ch mit dem Dreisamt\u00e4ler wies Feucht darauf hin, dass es bei\u00a0Aus\u00fcbung der neuen Sportart wichtig sei, die Grenzen des eigenen Leistungsverm\u00f6gens zu erkennen. Zu den erfolgreichen Sportlern des Jahres 2013 z\u00e4hlten die Ringer Nick und Tim Scherer aus Eschbach. Die \u00a016-J\u00e4hrigen Zwillinge errangen \u00a0in ihrer jeweiligen Gewichtsklasse den Deutschen Ringer-Meistertitel. Sportlich gef\u00f6rdert werden sie neben ihrem Heimatverein SV Eschbach vom Olympiast\u00fctzpunkt in Freiburg. Als Ziel f\u00fcr die kommenden Jahre haben Tim und Nick Scherer die Teilnahme an internationalen \u00a0Wettbewerben ins Auge gefasst. Durch Schallwellenmessungen beim Applaus bestimmte das Publikum am Ende der Veranstaltung den Ringer Tim Scherer zum \u201eSportler des Jahres 2013\u201c. Weil er diesen Titel zum dritten Mal errang, geht der \u00a0Wanderpokal in sein Eigentum \u00fcber. Als \u201eMannschaft des Jahres 2013\u201c wurde die Jugendmannschaft \u00a0vom Tauziehclub Eschbachtal ausgezeichnet. Markus Fr\u00e4\u00dfle, Matthias Fr\u00e4\u00dfle, Stefanie Hummel, Lorenz M\u00fchl, Ramona M\u00fchl, Philipp Schw\u00e4r, Marvin Wehrle und \u00a0Mirco Wehrle errangen \u00a0mit Coach Roland M\u00fchl und Betreuer Roland Wehrle die Deutsche Jugendmeisterschaft \u00a0im Tauziehen. \u00a0\u00a0\u00a0<\/p>\n<p><a href=\"https:\/\/www.freiburg-schwarzwald.de\/blog\/sportlerehrung-stegen-ringer\/stegen-sportler140326\/\" rel=\"attachment wp-att-46480\"><img loading=\"lazy\" decoding=\"async\" class=\"alignnone size-thumbnail wp-image-46480\" alt=\"stegen-sportler140326\" src=\"https:\/\/www.freiburg-schwarzwald.de\/blog\/wp-content\/uploads\/2014\/04\/stegen-sportler140326-180x120.jpg\" width=\"180\" height=\"120\" srcset=\"https:\/\/www.freiburg-schwarzwald.de\/blog\/wp-content\/uploads\/2014\/04\/stegen-sportler140326-180x120.jpg 180w, https:\/\/www.freiburg-schwarzwald.de\/blog\/wp-content\/uploads\/2014\/04\/stegen-sportler140326.jpg 640w\" sizes=\"auto, (max-width: 180px) 100vw, 180px\" \/><\/a><\/p>\n<p dir=\"ltr\">Bild: Bernd M\u00fcller &#8211;\u00a0\u00a0Als \u201eMannschaft des Jahres 2013\u201c \u00a0wurde die Jugendmannschaft vom Tauziehclub Eschbachtal ausgezeichnet. \u00a0Den Titel \u201eSportler des Jahres\u201c errang zum dritten Mal \u00a0Nachwuchs-Ringer Tim Scherer vom SV Eschbach. Ortsvorsteher Schuler (links) und B\u00fcrgermeister Kuster \u00a0(rechts) gratulierten den Athleten. \u00a0\u00a0\u00a0<\/p>\n<p dir=\"ltr\">Mit einer Urkunde f\u00fcr besondere Leistungen wurden ausgezeichnet:<br \/>\nAndreas Benitz, Fabio Di \u00a0Feo, Matteo Joos, Samira Joos, Philipp Ketterer, Florian L\u00e4ufer, Manuel L\u00e4ufer, Jacob Leuther, Silas Rombach, Nick Scherer, Tim Scherer, Tim Schuler, Timo Schweizer, Marco Umhang, Nico Umhang, Mirko Zipfel (alle Ringer vom SV Eschbach). Max D\u00fcsterdiek, Tim Hagenberger, Titus Messer, Ivo Wi\u00dfler, Jonathan Fuchs, Vincent Schw\u00e4r (alle Judokas vom Judoclub Stegen). Christian Hauser, Silvan Schw\u00f6rer (beide Bogensch\u00fctzen vom Bogenclub Dreisamtal). Brigitte Nittel (Leichtathletin vom SV Kirchzarten). Dar\u00fcber hinaus wurden der Tauziehclub Eschbach mit sechs Mannschaften sowie Matthias Fr\u00e4\u00dfle, Hannes Schw\u00e4r, Stefanie Dold und Julia Schw\u00e4r f\u00fcr Erfolge in der Tauzieh- Nationalmannschaft geehrt.<br \/>\n3.4.2014, Bernd M\u00fcller, <a href=\"https:\/\/www.dreisamtaeler.de\/\">www.dreisamtaeler.de<\/a><\/p>\n<p><b><b>\u00a0<\/b><\/b><\/p>\n","protected":false},"excerpt":{"rendered":"<p>Die W\u00fcrdigung erfolgreicher Sportler ist mittlerweile zum festen Bestandteil im Terminkalender der Gemeinde Stegen geworden. F\u00fcr vordere Pl\u00e4tze auf \u00fcberregionaler Ebene \u00a0wurden 26 Athleten und 6 Mannschaften geehrt. \u00a0Die Veranstaltung in der Mehrzweckhalle Eschbach nutzten nicht nur die mit einer &hellip; <a href=\"https:\/\/www.freiburg-schwarzwald.de\/blog\/sportlerehrung-stegen-ringer\/\">Weiterlesen <span class=\"meta-nav\">&rarr;<\/span><\/a><\/p>\n","protected":false},"author":2,"featured_media":0,"comment_status":"open","ping_status":"closed","sticky":false,"template":"","format":"standard","meta":{"footnotes":""},"categories":[36,72],"tags":[70,289],"class_list":["post-46479","post","type-post","status-publish","format-standard","hentry","category-engagement","category-sportlern","tag-jugendsport","tag-preis"],"_links":{"self":[{"href":"https:\/\/www.freiburg-schwarzwald.de\/blog\/wp-json\/wp\/v2\/posts\/46479","targetHints":{"allow":["GET"]}}],"collection":[{"href":"https:\/\/www.freiburg-schwarzwald.de\/blog\/wp-json\/wp\/v2\/posts"}],"about":[{"href":"https:\/\/www.freiburg-schwarzwald.de\/blog\/wp-json\/wp\/v2\/types\/post"}],"author":[{"embeddable":true,"href":"https:\/\/www.freiburg-schwarzwald.de\/blog\/wp-json\/wp\/v2\/users\/2"}],"replies":[{"embeddable":true,"href":"https:\/\/www.freiburg-schwarzwald.de\/blog\/wp-json\/wp\/v2\/comments?post=46479"}],"version-history":[{"count":0,"href":"https:\/\/www.freiburg-schwarzwald.de\/blog\/wp-json\/wp\/v2\/posts\/46479\/revisions"}],"wp:attachment":[{"href":"https:\/\/www.freiburg-schwarzwald.de\/blog\/wp-json\/wp\/v2\/media?parent=46479"}],"wp:term":[{"taxonomy":"category","embeddable":true,"href":"https:\/\/www.freiburg-schwarzwald.de\/blog\/wp-json\/wp\/v2\/categories?post=46479"},{"taxonomy":"post_tag","embeddable":true,"href":"https:\/\/www.freiburg-schwarzwald.de\/blog\/wp-json\/wp\/v2\/tags?post=46479"}],"curies":[{"name":"wp","href":"https:\/\/api.w.org\/{rel}","templated":true}]}}