{"id":46468,"date":"2014-04-02T20:51:25","date_gmt":"2014-04-02T18:51:25","guid":{"rendered":"https:\/\/www.freiburg-schwarzwald.de\/blog\/?p=46468"},"modified":"2014-04-02T20:51:25","modified_gmt":"2014-04-02T18:51:25","slug":"rollstuhl-individuell-anfertigen","status":"publish","type":"post","link":"https:\/\/www.freiburg-schwarzwald.de\/blog\/rollstuhl-individuell-anfertigen\/","title":{"rendered":"Rollstuhl individuell anfertigen"},"content":{"rendered":"<p>Seit 1992 betreibt Hubert Sandmann im Oberrieder Ortsteil <a title=\"Zastler\" href=\"https:\/\/www.freiburg-schwarzwald.de\/blog\/regio\/orte\/oberried\/zastler\/\">Zastler<\/a> eine feinmechanische <a title=\"AltesHandwerk\" href=\"https:\/\/www.freiburg-schwarzwald.de\/blog\/business\/handwerk\/alteshandwerk\/\">Werkstatt<\/a>. In den letzten Monaten baute er einen <a title=\"Rollstuhl\" href=\"https:\/\/www.freiburg-schwarzwald.de\/blog\/selbsthilfe\/behinderung\/rollstuhl\/\">Rollstuhl<\/a> f\u00fcr einen <a title=\"Behinderung\" href=\"https:\/\/www.freiburg-schwarzwald.de\/blog\/selbsthilfe\/behinderung\/\">gehbehinderten Menschen<\/a> im Dreisamtal. Er ist f\u00fcr den Innenbereich und befestigte Au\u00dfenfl\u00e4chen geeignet, ist leicht und wendig und einfach zu handhaben. Durch die gleiche H\u00f6he von Sitz und Kreisr\u00e4dern ist ein leichtes Auf- und Absteigen auch \u00fcber die Seiten gew\u00e4hrleistet. <!--more-->Der Antrieb erfolgt mittels Zahnriemen \u00fcber separate Gummir\u00e4der, die sich nat\u00fcrlich auch fixieren lassen. Die Ma\u00dfe des Rollstuhles werden individuell auf die K\u00f6rperma\u00dfe des sp\u00e4teren Benutzers angefertigt. Bei entsprechendem Interesse w\u00fcrde Hubert Sandmann auch eine Kleinserie auflegen.<\/p>\n<p><a href=\"https:\/\/www.freiburg-schwarzwald.de\/blog\/rollstuhl-individuell-anfertigen\/sandmann-hubert140326\/\" rel=\"attachment wp-att-46469\"><img loading=\"lazy\" decoding=\"async\" class=\"alignnone size-thumbnail wp-image-46469\" alt=\"sandmann-hubert140326\" src=\"https:\/\/www.freiburg-schwarzwald.de\/blog\/wp-content\/uploads\/2014\/04\/sandmann-hubert140326-127x180.jpg\" width=\"127\" height=\"180\" srcset=\"https:\/\/www.freiburg-schwarzwald.de\/blog\/wp-content\/uploads\/2014\/04\/sandmann-hubert140326-127x180.jpg 127w, https:\/\/www.freiburg-schwarzwald.de\/blog\/wp-content\/uploads\/2014\/04\/sandmann-hubert140326.jpg 455w\" sizes=\"auto, (max-width: 127px) 100vw, 127px\" \/><\/a>\u00a0 \u00a0Hubert Sandmann mit dem von ihm ma\u00dfgefertigten Rollstuhl<\/p>\n<p>Hubert Sandmann<br \/>\nMechanische Werkst\u00e4tte<br \/>\nTalstra\u00dfe 1a, 79254 Oberried-Zastler, Tel. 07661 \/ 99377<\/p>\n<p>Schwerpunktz der Werkst\u00e4tte ist die Herstellung von Vorrichtungen und Maschinen f\u00fcr Industriebetriebe. Zu den Kunden z\u00e4hlen aber auch Handwerksbetriebe und Motorrad- und Kfz-Werkst\u00e4tten. Auch Nachbauten von\u00a0 Mustern aller Art fertigt Hubert Sandmann gerne an.<br \/>\n2.4.2013, <a href=\"https:\/\/www.dreisamtaeler.de\/\">www.dreisamtaeler.de<\/a><\/p>\n","protected":false},"excerpt":{"rendered":"<p>Seit 1992 betreibt Hubert Sandmann im Oberrieder Ortsteil Zastler eine feinmechanische Werkstatt. In den letzten Monaten baute er einen Rollstuhl f\u00fcr einen gehbehinderten Menschen im Dreisamtal. Er ist f\u00fcr den Innenbereich und befestigte Au\u00dfenfl\u00e4chen geeignet, ist leicht und wendig und &hellip; <a href=\"https:\/\/www.freiburg-schwarzwald.de\/blog\/rollstuhl-individuell-anfertigen\/\">Weiterlesen <span class=\"meta-nav\">&rarr;<\/span><\/a><\/p>\n","protected":false},"author":2,"featured_media":0,"comment_status":"open","ping_status":"closed","sticky":false,"template":"","format":"standard","meta":{"footnotes":""},"categories":[56,22,102],"tags":[577,318,276],"class_list":["post-46468","post","type-post","status-publish","format-standard","hentry","category-behinderung","category-handwerk","category-senioren","tag-hilfe-2","tag-kunsthandwerk","tag-rollstuhl"],"_links":{"self":[{"href":"https:\/\/www.freiburg-schwarzwald.de\/blog\/wp-json\/wp\/v2\/posts\/46468","targetHints":{"allow":["GET"]}}],"collection":[{"href":"https:\/\/www.freiburg-schwarzwald.de\/blog\/wp-json\/wp\/v2\/posts"}],"about":[{"href":"https:\/\/www.freiburg-schwarzwald.de\/blog\/wp-json\/wp\/v2\/types\/post"}],"author":[{"embeddable":true,"href":"https:\/\/www.freiburg-schwarzwald.de\/blog\/wp-json\/wp\/v2\/users\/2"}],"replies":[{"embeddable":true,"href":"https:\/\/www.freiburg-schwarzwald.de\/blog\/wp-json\/wp\/v2\/comments?post=46468"}],"version-history":[{"count":0,"href":"https:\/\/www.freiburg-schwarzwald.de\/blog\/wp-json\/wp\/v2\/posts\/46468\/revisions"}],"wp:attachment":[{"href":"https:\/\/www.freiburg-schwarzwald.de\/blog\/wp-json\/wp\/v2\/media?parent=46468"}],"wp:term":[{"taxonomy":"category","embeddable":true,"href":"https:\/\/www.freiburg-schwarzwald.de\/blog\/wp-json\/wp\/v2\/categories?post=46468"},{"taxonomy":"post_tag","embeddable":true,"href":"https:\/\/www.freiburg-schwarzwald.de\/blog\/wp-json\/wp\/v2\/tags?post=46468"}],"curies":[{"name":"wp","href":"https:\/\/api.w.org\/{rel}","templated":true}]}}