{"id":46459,"date":"2014-04-02T11:28:51","date_gmt":"2014-04-02T09:28:51","guid":{"rendered":"https:\/\/www.freiburg-schwarzwald.de\/blog\/?p=46459"},"modified":"2014-04-02T11:38:29","modified_gmt":"2014-04-02T09:38:29","slug":"ph-freiburg-lehrerbildung-neu","status":"publish","type":"post","link":"https:\/\/www.freiburg-schwarzwald.de\/blog\/ph-freiburg-lehrerbildung-neu\/","title":{"rendered":"PH Freiburg &#8211; Lehrerbildung neu"},"content":{"rendered":"<p>Die <a title=\"PH\" href=\"https:\/\/www.freiburg-schwarzwald.de\/blog\/bildung\/hochschulen\/ph\/\">P\u00e4dagogische Hochschule (PH) Freiburg<\/a> mit 4500 Studierende setzt die\u00a0Reform der Lehrerbildung um:\u00a0Dauer 8 Semester f\u00fcr alle, auch\u00a0<a title=\"Grundschule\" href=\"https:\/\/www.freiburg-schwarzwald.de\/blog\/bildung\/schulen\/grundschule\/\">Grundschule<\/a>. Gymnasiallehrer von <a title=\"Universitaet\" href=\"https:\/\/www.freiburg-schwarzwald.de\/blog\/bildung\/hochschulen\/universitaet\/\">Uni<\/a> an PH.\u00a0Verzahnung von PH-Theorie\u00a0und <a title=\"Schulen\" href=\"https:\/\/www.freiburg-schwarzwald.de\/blog\/bildung\/schulen\/\">Schulpraxis<\/a>. Enge Koperation PH &#8211; Uni &#8211; Staatliche Seminare &#8211; Musikhochschule. Erziehungswissenschaften der PH unter den Top Ten in Deutschland. Umstellung auf Bachelor\/Master verst\u00e4rkt die Konkurrenz zwischen Hochschulen.<!--more--><\/p>\n<p><strong>PH-Rektur Ulrich Druwe: Wir sind schon selbstbewu\u00dft<\/strong><br \/>\nBZ:\u00a0F\u00fcr die Lehrerbildung droht am Horizont eine schrumpfende Nachfrage, weil einfach die Kinder fehlen. Wird das f\u00fcr die PH brisant?<br \/>\nDruwe:\u00a0Das ist generell brisant, f\u00fcr die P\u00e4dagogische Hochschule Freiburg aber kein so gro\u00dfes Problem, weil hier die Rahmenbedingungen stimmen. Die PH liegt in einer hochattraktiven Stadt, die Region verf\u00fcgt \u00fcber eine exzellente Volluniversit\u00e4t mit allen Schulf\u00e4chern, eine hervorragende Musikhochschule, sehr guten kirchlichen Hochschulen und die Hochschule Offenburg, mit denen wir in Forschung und Lehre kooperieren; das Umland mit der Schweiz und Frankreich weist weitere herausragende Partner f\u00fcr uns auf, zum Beispiel die Universit\u00e9 de Haute Alsace. Das hei\u00dft: Die Region ist in der bildungsbezogenen Forschung und Lehre ein gro\u00dfer Standortvorteil und sie bietet f\u00fcr unsere Absolventen hervorragende Berufschancen. Die Schweiz wird in den n\u00e4chsten zehn Jahren noch Lehrermangel haben. ,,,,<br \/>\nKomplettes Interview mit PH-rektur Ulrich Druwe vom 3.4.2014 bitte lesen auf<br \/>\n<a href=\"https:\/\/www.badische-zeitung.de\/suedwest-1\/wir-sind-schon-selbstbewusst--82636707.html\">https:\/\/www.badische-zeitung.de\/suedwest-1\/wir-sind-schon-selbstbewusst&#8211;82636707.html<\/a><\/p>\n","protected":false},"excerpt":{"rendered":"<p>Die P\u00e4dagogische Hochschule (PH) Freiburg mit 4500 Studierende setzt die\u00a0Reform der Lehrerbildung um:\u00a0Dauer 8 Semester f\u00fcr alle, auch\u00a0Grundschule. Gymnasiallehrer von Uni an PH.\u00a0Verzahnung von PH-Theorie\u00a0und Schulpraxis. Enge Koperation PH &#8211; Uni &#8211; Staatliche Seminare &#8211; Musikhochschule. Erziehungswissenschaften der PH unter &hellip; <a href=\"https:\/\/www.freiburg-schwarzwald.de\/blog\/ph-freiburg-lehrerbildung-neu\/\">Weiterlesen <span class=\"meta-nav\">&rarr;<\/span><\/a><\/p>\n","protected":false},"author":2,"featured_media":0,"comment_status":"open","ping_status":"closed","sticky":false,"template":"","format":"standard","meta":{"footnotes":""},"categories":[267,283],"tags":[608,585,338,504],"class_list":["post-46459","post","type-post","status-publish","format-standard","hentry","category-hochschulen","category-littenweiler","tag-bil","tag-schule","tag-uni","tag-weiterbildung"],"_links":{"self":[{"href":"https:\/\/www.freiburg-schwarzwald.de\/blog\/wp-json\/wp\/v2\/posts\/46459","targetHints":{"allow":["GET"]}}],"collection":[{"href":"https:\/\/www.freiburg-schwarzwald.de\/blog\/wp-json\/wp\/v2\/posts"}],"about":[{"href":"https:\/\/www.freiburg-schwarzwald.de\/blog\/wp-json\/wp\/v2\/types\/post"}],"author":[{"embeddable":true,"href":"https:\/\/www.freiburg-schwarzwald.de\/blog\/wp-json\/wp\/v2\/users\/2"}],"replies":[{"embeddable":true,"href":"https:\/\/www.freiburg-schwarzwald.de\/blog\/wp-json\/wp\/v2\/comments?post=46459"}],"version-history":[{"count":0,"href":"https:\/\/www.freiburg-schwarzwald.de\/blog\/wp-json\/wp\/v2\/posts\/46459\/revisions"}],"wp:attachment":[{"href":"https:\/\/www.freiburg-schwarzwald.de\/blog\/wp-json\/wp\/v2\/media?parent=46459"}],"wp:term":[{"taxonomy":"category","embeddable":true,"href":"https:\/\/www.freiburg-schwarzwald.de\/blog\/wp-json\/wp\/v2\/categories?post=46459"},{"taxonomy":"post_tag","embeddable":true,"href":"https:\/\/www.freiburg-schwarzwald.de\/blog\/wp-json\/wp\/v2\/tags?post=46459"}],"curies":[{"name":"wp","href":"https:\/\/api.w.org\/{rel}","templated":true}]}}