{"id":46449,"date":"2014-04-01T19:20:32","date_gmt":"2014-04-01T17:20:32","guid":{"rendered":"https:\/\/www.freiburg-schwarzwald.de\/blog\/?p=46449"},"modified":"2014-04-01T19:22:09","modified_gmt":"2014-04-01T17:22:09","slug":"wachstum-soziale-gleichheit","status":"publish","type":"post","link":"https:\/\/www.freiburg-schwarzwald.de\/blog\/wachstum-soziale-gleichheit\/","title":{"rendered":"Wachstum &#8211; soziale Gleichheit"},"content":{"rendered":"<p>Wachstum durch soziale Gleichheit: H\u00f6here Gewinne der <a title=\"Industrie\" href=\"https:\/\/www.freiburg-schwarzwald.de\/blog\/business\/industrie\/\">Unternehmen<\/a> f\u00fchren zu gr\u00f6\u00dferen Investitionen, neue Arbeitspl\u00e4tze entstehen und die Wirtschaft w\u00e4chst; je gr\u00f6\u00dfer die Kluft zwischen <a title=\"Armut\" href=\"https:\/\/www.freiburg-schwarzwald.de\/blog\/selbsthilfe\/soziales\/armut\/\">Arm<\/a> und Reich, umso mehr strengen sich die Armen an, um reicher zu werden. Von dieser Theorie, dass <a title=\"Soziales\" href=\"https:\/\/www.freiburg-schwarzwald.de\/blog\/selbsthilfe\/soziales\/\">soziale Ungleichheit<\/a> zu dynamischem Wachstum f\u00fchrt, haben sich die \u00d6konomen des <a title=\"Finanzsystem\" href=\"https:\/\/www.freiburg-schwarzwald.de\/blog\/global\/finanzsystem\/\">Internationalen W\u00e4hrungsfonds (IWF)<\/a> verabschiedet.<!--more--> Denn mehrere IWF-Studien kommen zum gegenteiligen Ergebnis: <em>Soziale Gleichheit f\u00f6rdert nachhaltiges Wirtschaftswachstum<\/em>. Steigende L\u00f6hne bewirken mehr Kaufkraft und kurbeln den Konsum an. Zudem erm\u00f6glichen h\u00f6here Steuereinnahmen, mehr in Bildung, soziale Grundsicherung und Gesundheitswesen zu investieren, wodurch die Menschen innovativer werden. Letztendlich f\u00fchrt dies zu einem h\u00f6heren Einkommensniveau und einer stabilen konjunkturellen Entwicklung.\u00a0Der IWF beklagt, dass die soziale Ungleichheit seit 1994 in Deutschland und weltweit zunimmt:<\/p>\n<p>a) In Deutschland besitzen 10% der reichsten Haushalte 60% des Nationalverm\u00f6gens.<br \/>\nb) Der Anteil der privaten Bruttoanlageinvestition am Sozialprodukt ist von 22% auf 19% gesunken und auch die Investition der Kommunen sind r\u00fcckl\u00e4ufig.<br \/>\nc) Ein immer gr\u00f6\u00dferer Anteil von Gewinn und Verm\u00f6gen flie\u00dft nicht mehr in Investitionen zwecks Anlage, sondern in die Finanzm\u00e4rkte zwecks Spekulation \u2013 f\u00fcr die Volkswirtschaft verloren, da das Kapital dort fehlt, wo es kaum (kurzfristig messbare) Rendite bringt: in Bildung, Schulen, Kiga, Gemeinden und Altersheimen..<br \/>\nd) Studien an der ETH Z\u00fcrich haben bewiesen, dass die zunehmende Kluft zwischen Arm und Reich die Finanzm\u00e4rkte aufbl\u00e4hen, die \u00f6ffentlichen Kassen leeren und ein nachhaltiges Wirtschaftswachstum\u00a0beeintr\u00e4chtigen. Deshalb mahnt der IWF die \u201eSoziale Gleichheit als Wachstumsmotor\u201c an.<br \/>\n1.4.2014<\/p>\n","protected":false},"excerpt":{"rendered":"<p>Wachstum durch soziale Gleichheit: H\u00f6here Gewinne der Unternehmen f\u00fchren zu gr\u00f6\u00dferen Investitionen, neue Arbeitspl\u00e4tze entstehen und die Wirtschaft w\u00e4chst; je gr\u00f6\u00dfer die Kluft zwischen Arm und Reich, umso mehr strengen sich die Armen an, um reicher zu werden. Von dieser &hellip; <a href=\"https:\/\/www.freiburg-schwarzwald.de\/blog\/wachstum-soziale-gleichheit\/\">Weiterlesen <span class=\"meta-nav\">&rarr;<\/span><\/a><\/p>\n","protected":false},"author":2,"featured_media":0,"comment_status":"open","ping_status":"closed","sticky":false,"template":"","format":"standard","meta":{"footnotes":""},"categories":[18,195],"tags":[409,326,489,372,388],"class_list":["post-46449","post","type-post","status-publish","format-standard","hentry","category-bildung","category-eu","tag-armut","tag-bank","tag-european-union","tag-euro","tag-social"],"_links":{"self":[{"href":"https:\/\/www.freiburg-schwarzwald.de\/blog\/wp-json\/wp\/v2\/posts\/46449","targetHints":{"allow":["GET"]}}],"collection":[{"href":"https:\/\/www.freiburg-schwarzwald.de\/blog\/wp-json\/wp\/v2\/posts"}],"about":[{"href":"https:\/\/www.freiburg-schwarzwald.de\/blog\/wp-json\/wp\/v2\/types\/post"}],"author":[{"embeddable":true,"href":"https:\/\/www.freiburg-schwarzwald.de\/blog\/wp-json\/wp\/v2\/users\/2"}],"replies":[{"embeddable":true,"href":"https:\/\/www.freiburg-schwarzwald.de\/blog\/wp-json\/wp\/v2\/comments?post=46449"}],"version-history":[{"count":0,"href":"https:\/\/www.freiburg-schwarzwald.de\/blog\/wp-json\/wp\/v2\/posts\/46449\/revisions"}],"wp:attachment":[{"href":"https:\/\/www.freiburg-schwarzwald.de\/blog\/wp-json\/wp\/v2\/media?parent=46449"}],"wp:term":[{"taxonomy":"category","embeddable":true,"href":"https:\/\/www.freiburg-schwarzwald.de\/blog\/wp-json\/wp\/v2\/categories?post=46449"},{"taxonomy":"post_tag","embeddable":true,"href":"https:\/\/www.freiburg-schwarzwald.de\/blog\/wp-json\/wp\/v2\/tags?post=46449"}],"curies":[{"name":"wp","href":"https:\/\/api.w.org\/{rel}","templated":true}]}}