{"id":46404,"date":"2014-03-30T18:33:25","date_gmt":"2014-03-30T16:33:25","guid":{"rendered":"https:\/\/www.freiburg-schwarzwald.de\/blog\/?p=46404"},"modified":"2014-03-30T18:36:50","modified_gmt":"2014-03-30T16:36:50","slug":"swr-sinfonieorchester-bad-fr","status":"publish","type":"post","link":"https:\/\/www.freiburg-schwarzwald.de\/blog\/swr-sinfonieorchester-bad-fr\/","title":{"rendered":"SWR Sinfonieorchester BAD FR"},"content":{"rendered":"<p><b>Das SWR Sinfonieorchester und die Stadt Freiburg <\/b><br \/>\nAuf den ersten Blick mag das <a title=\"Radio\" href=\"https:\/\/www.freiburg-schwarzwald.de\/blog\/kultur\/medien\/radio\/\">SWR<\/a> Sinfonieorchester Baden-Baden und Freiburg f\u00fcr Freiburg lediglich ein <a title=\"Musikvereine\" href=\"https:\/\/www.freiburg-schwarzwald.de\/blog\/vereine\/musikvereine\/\">Orchester<\/a> sein, das das Konzerthaus f\u00fcr 120 Tage mietet und eine Konzertreihe bespielt. Die (1) Vermittlungsarbeit und das (2) <a title=\"Engagement\" href=\"https:\/\/www.freiburg-schwarzwald.de\/blog\/engagement\/\">Engagement<\/a> des Orchesters und seiner <a title=\"Musik\" href=\"https:\/\/www.freiburg-schwarzwald.de\/blog\/kultur\/musik\/\">Musikerinnen und Musiker<\/a>, das au\u00dferhalb der regul\u00e4ren Abonnementreihe stattfindet, mag vielen nicht bekannt sein. Diesen <a title=\"Kultur\" href=\"https:\/\/www.freiburg-schwarzwald.de\/blog\/kultur\/\">kulturellen Schatz<\/a> gilt es zu erhalten!<!--more--><\/p>\n<p>&nbsp;<\/p>\n<p>\u00a0<strong>(1)<\/strong> <b>Vermittlungsarbeit des SWR Sinfonieorchester<\/b><\/p>\n<p>Mit der Vermittlungsarbeit an Schulen und mit Jugendlichen erreichen die Musikerinnen und Musiker in Konzerten, Workshops und pers\u00f6nlichem Kontakt j\u00e4hrlich etwa 4500 &#8211; 5000 Kinder und Jugendliche. Sie sind entweder aktiv mit auf der B\u00fchne dabei, erleben als Zuh\u00f6rer ihre Schulkameradinnen und Kammeraden in Aktion oder besuchen speziell f\u00fcr sie aufbereitete Konzerte. F\u00fcr viele ist dies die erste, neugierig machende Begegnung mit einem Teil unserer Kultur, der in vielen Elternh\u00e4usern nicht mehr stattfindet. Dies gilt auch und insbesondere f\u00fcr Kinder mit Migrationshintergrund, \u00fcber deren mangelnde Verankerung in unserer Kultur sich die Politik allerorten sorgt. Diese Projekte verteilen sich neben Freiburg auf das gesamte Sendegebiet des SWR, von S\u00fcdbaden \u00fcber den Bodenseeraum bis Rheinland-Pfalz.<br \/>\nFerner besteht eine Kooperation mit dem Studium Generale der Albert Ludwig Universit\u00e4t, Freiburg.\u00a0<\/p>\n<p><b>Jugendprojekte Saison 2013\/14<br \/>\n<\/b><b>Kinderkonzerte<br \/>\n<\/b>etwa <span style=\"text-decoration: underline;\">2000<\/span> Kinder pro Saison als Zuh\u00f6rer<\/p>\n<p><b>\u201eMusik macht Schule\u201c<br \/>\n<\/b>Es werden etwa 120 Schulen f\u00fcr dieses Format angeschrieben. 3 Projekte mit 1 bis 30 teilnehmenden Klassen, gesch\u00e4tzte Sch\u00fclerzahlen variieren pro Saison von <span style=\"text-decoration: underline;\">500 bis 1000<\/span><\/p>\n<p>&#8222;<strong>TamTam\u201c<br \/>\n<\/strong>Es werden 90 Grundschulen im Einzugsgebiet Freiburg angeschrieben. Es finden ca. 20 Termine pro Saison statt, etwa <span style=\"text-decoration: underline;\">500<\/span> teilnehmende Kinder<\/p>\n<p><b>\u201ePatchDay Schlagzeug\u201c (Februar 2014)<br \/>\n<\/b>Kaiserstuhl Percussion: <span style=\"text-decoration: underline;\">12<\/span> Profis\/Amateure<br \/>\nSchulklasse Ursulagymnasium: <span style=\"text-decoration: underline;\">20<\/span> Kinder<br \/>\nTanzgruppe Dance Emotion: <span style=\"text-decoration: underline;\">20<\/span> Jugendliche<\/p>\n<p><b>\u201ePatchDay Bl\u00e4ser\u201c (M\u00e4rz 2014)<br \/>\n<\/b>Musikschule Freiburg: <span style=\"text-decoration: underline;\">55<\/span> Kinder\/Jugendliche<br \/>\nFun-Alphornbl\u00e4ser: <span style=\"text-decoration: underline;\">25<\/span> Amateure<br \/>\nTanz: <span style=\"text-decoration: underline;\">6<\/span> Sch\u00fclerInnen des Bildungs- und Beratungszentrums f\u00fcr H\u00f6rgesch\u00e4digte, Stegen<br \/>\nFilm: mit <span style=\"text-decoration: underline;\">25<\/span> Sch\u00fclern der Paul-Hindemith-Grundschule<\/p>\n<p><b>\u201ePatchDay Streicher\u201c (Juli 2014)<br \/>\n<\/b>Musikschule Freiburg: <span style=\"text-decoration: underline;\">60<\/span> bis <span style=\"text-decoration: underline;\">90<\/span> Kinder\/Jugendliche<br \/>\n\u00a04 Schulklassen Instrumentenbau voraussichtlich 80 Kinder\/Jugendliche <b><\/b><\/p>\n<p><b>\u201eDas fliegende Kind\u201c<br \/>\n<\/b>Montessori-Zentrum: <span style=\"text-decoration: underline;\">40<\/span> Jugendliche in Chor\/Orchester\/Popband und als Schauspieler\u00a0<\/p>\n<p><b>2010 bis 2013 Schulkooperation mit den Wentzingerschulen<br \/>\n<\/b>Innerhalb dieser Zeit fanden verschiedene Konzerte und Workshops statt. Begleitet wurden diese durch Patenschaften, die die Musiker f\u00fcr Schulklassen \u00fcbernahmen. Seinen H\u00f6hepunkt und Abschluss fand das Projekt im Juli 2013 mit einem Nachmittagskonzert im Konzerthaus Freiburg. Hier wurde \u00fcber das ganze Haus verteilt eine Auftragskomposition von Manos Tsangaris zur Auff\u00fchrung gebracht. Es waren etwa <span style=\"text-decoration: underline;\">300<\/span> Sch\u00fcler der Grundschule, <span style=\"text-decoration: underline;\">50<\/span> Sch\u00fcler der Realschule und <span style=\"text-decoration: underline;\">500<\/span> Sch\u00fcler\u00a0 des Gymnasiums beteiligt.<\/p>\n<p>\u00a0<b>Kooperation mit dem Studium Generale<br \/>\n<\/b>Die Albert-Ludwig-Universit\u00e4t Freiburg veranstaltet musikwissenschaftliche Seminare in Abstimmung mit Programmen des SWR Sinfonieorchesters. Probenbesuche und Konzerte werden synergetisch mit den Inhalten der Seminare verbunden. Seminare finden einmal oder zweimal j\u00e4hrlich statt.<b><\/b><\/p>\n<p>&nbsp;<\/p>\n<p><b>(2) Privates Engagement der Orchestermitglieder<\/b><\/p>\n<p>Viele der hochqualifizierten Musikerinnen und Musiker nehmen rege am musikalischen Leben in Freiburg und Umgebung teil. Alleine vor dem Hintergrund des immer weniger stattfindenden Musikunterrichts in den Schulen werden sie mit etwa 2800 gegebenen Stunden Instrumentalunterricht pro Jahr im Falle einer Fusion eine gro\u00dfe L\u00fccke im musikalischen Leben Freiburgs hinterlassen. Neben diesem Instrumentalunterricht finden zudem etwa 100 Kammermusikauftritte pro Jahr in Freiburg und der Region statt. Au\u00dferdem\u00a0 werden viele verschiedene Ensembles durch die Musiker geleitet, gecoacht oder verst\u00e4rkt. Auch solistische Auftritte mit Laienensembles oder die Organisation von Konzertreihen geh\u00f6ren zu ihrem Engagement.<\/p>\n<p><b>Instrumental-Unterrichtsstunden<br \/>\n<\/b>Pro Jahr: ca 2800 Stunden in Freiburg, Baden-Baden, Waldkirch, Karlsruhe, Staufen, Bern, Basel, Mannheim, Kehl, Offenburg. Kinder, Jugendliche und Erwachsene. Instrumental-Unterricht, Probespiel-Vorbereitung, Aufnahmepr\u00fcfung-Vorbereitung, Studium<b><\/b><\/p>\n<p><b>Orchestercoaching, Stimmgruppenproben<br \/>\n<\/b>Concertino Offenburg \u2013 Dirigent, Instrumentalcoaching. Akademisches Orchester in Freiburg \u2013 Stimmproben alle Instrumentengruppen. Freiburger Studenten Orchester &#8211; Stimmproben. Bundes Schulmusik Orchester &#8211; Stimmproben<br \/>\nStadtmusik Endingen &#8211; Dirigent<br \/>\nWinzerkapelle Rottweil &#8211; Dirigent<br \/>\nMusikverein Ballrechten-Dottingen \u2013 Dirigent<br \/>\nCamerata Academica Freiburg \u2013 Dirigent<br \/>\nBlasorchester \u201eHarmonie Leutesheim\u201c \u2013 Dirigent, Instrumentalcoaching<br \/>\nMusikverein B\u00fchl-Eisental \u2013 Dirigent<br \/>\nJagdhornbl\u00e4ser B\u00fchl \u2013 Musikalische Betreuung<br \/>\nFreie Waldorfschule Offenburg: Leitung des Bl\u00e4serensembles<br \/>\nSt.-Matth\u00e4us-Chor, B\u00fchl-Eisental<\/p>\n<p><strong>Solisten 2012 + 2013<br \/>\n<\/strong>Orchester Con Fuoco, Bietigheim<br \/>\nS\u00fcdwestdeutsches Kammerorchester Pforzheim<br \/>\nFreiburger Orchester Gesellschaft<br \/>\nConcertino Offenburg<br \/>\nFreiburger Studenten Orchester<br \/>\nAkademisches Orchester Freiburg <b><\/b><\/p>\n<p><b>Kammermusik-Konzerte<\/b><\/p>\n<p>ca 100 pro Jahr, unter anderem in: Freiburg, Emmendingen, Bad Krozingen, Laufenburg, Ebringen, Schierstein, Waldkirch, Riegel, Offenburg, B\u00fchl, Zarten, St.Blasien, Rastatt, Baden-Baden, Gundelfingen, Hinterzarten, Karlsruhe-M\u00fchlburg, Badenweiler, Trossingen, Au, Kirchzarten, Lahr, M\u00fcnstertal, Freiburg-G\u00fcnterstal, Mannheim, Heidelberg, Oberbergen, Villingen, Mainz, Schopfheim, Waldshut, Sulz, Wittnau, Sulzburg, Gernsbach, M\u00fclheim\/Donau, Umkirch, Staufen, Schallstadt, Wolfenweiler, Bad D\u00fcrrheim, Denzlingen, Hartheim, Merzhausen, Achern, Merdingen, Ihringen, Weil am Rhein, Kuppenheim, Oberrottweil, Ettlingen, B\u00f6tzingen, Breisach, Kehl.<br \/>\nBern (Schweiz), Vals (Schweiz), Z\u00fcrich (Schweiz), Muri (Schweiz), Pratteln (Schweiz),<br \/>\nMulhouse, Schiltigheim (Elsa\u00df).<\/p>\n<p><b>Au\u00dferdem<br \/>\n<\/b>Organisation der Kaisersaalkonzert-Reihe in Freiburg (6 Konzerte im Jahr)<br \/>\nZusammenarbeit mit dem Studium Generale (2 Konzerte in Alte Aula, Uni Freiburg)<br \/>\nMitwirkung bzgl. der Organisation der kulturellen Veranstaltungen im B\u00fcrgerhaus Au<br \/>\nManagement \u201eBlack Rose\u201c<\/p>\n<p>30.3.2014,<br \/>\nProf. Dr. Karl-Reinhard Volz<br \/>\np.a.\u00a0Freunde und F\u00f6rderer des SWR Sinfonieorchesters Baden-Baden und Freiburg e.V.<br \/>\nPostfach 0947; 79009 Freiburg<br \/>\nTel 0761 120 84 02 (24-h-Anrufbeantworter)<br \/>\n<a href=\"mailto:info@freunde-swr-so.de\">info@freunde-swr-so.de<\/a><br \/>\n<a href=\"https:\/\/www.freunde-swr-so.de\/\">https:\/\/www.freunde-swr-so.de<\/a><\/p>\n","protected":false},"excerpt":{"rendered":"<p>Das SWR Sinfonieorchester und die Stadt Freiburg Auf den ersten Blick mag das SWR Sinfonieorchester Baden-Baden und Freiburg f\u00fcr Freiburg lediglich ein Orchester sein, das das Konzerthaus f\u00fcr 120 Tage mietet und eine Konzertreihe bespielt. Die (1) Vermittlungsarbeit und das &hellip; <a href=\"https:\/\/www.freiburg-schwarzwald.de\/blog\/swr-sinfonieorchester-bad-fr\/\">Weiterlesen <span class=\"meta-nav\">&rarr;<\/span><\/a><\/p>\n","protected":false},"author":2,"featured_media":0,"comment_status":"open","ping_status":"closed","sticky":false,"template":"","format":"standard","meta":{"footnotes":""},"categories":[54,36,120,11],"tags":[208,32,301,518],"class_list":["post-46404","post","type-post","status-publish","format-standard","hentry","category-ehrenamt","category-engagement","category-musik","category-regio","tag-ehrlichkeit","tag-jugendmusik","tag-culture","tag-music"],"_links":{"self":[{"href":"https:\/\/www.freiburg-schwarzwald.de\/blog\/wp-json\/wp\/v2\/posts\/46404","targetHints":{"allow":["GET"]}}],"collection":[{"href":"https:\/\/www.freiburg-schwarzwald.de\/blog\/wp-json\/wp\/v2\/posts"}],"about":[{"href":"https:\/\/www.freiburg-schwarzwald.de\/blog\/wp-json\/wp\/v2\/types\/post"}],"author":[{"embeddable":true,"href":"https:\/\/www.freiburg-schwarzwald.de\/blog\/wp-json\/wp\/v2\/users\/2"}],"replies":[{"embeddable":true,"href":"https:\/\/www.freiburg-schwarzwald.de\/blog\/wp-json\/wp\/v2\/comments?post=46404"}],"version-history":[{"count":0,"href":"https:\/\/www.freiburg-schwarzwald.de\/blog\/wp-json\/wp\/v2\/posts\/46404\/revisions"}],"wp:attachment":[{"href":"https:\/\/www.freiburg-schwarzwald.de\/blog\/wp-json\/wp\/v2\/media?parent=46404"}],"wp:term":[{"taxonomy":"category","embeddable":true,"href":"https:\/\/www.freiburg-schwarzwald.de\/blog\/wp-json\/wp\/v2\/categories?post=46404"},{"taxonomy":"post_tag","embeddable":true,"href":"https:\/\/www.freiburg-schwarzwald.de\/blog\/wp-json\/wp\/v2\/tags?post=46404"}],"curies":[{"name":"wp","href":"https:\/\/api.w.org\/{rel}","templated":true}]}}