{"id":46400,"date":"2014-03-29T10:11:41","date_gmt":"2014-03-29T09:11:41","guid":{"rendered":"https:\/\/www.freiburg-schwarzwald.de\/blog\/?p=46400"},"modified":"2014-04-06T21:04:35","modified_gmt":"2014-04-06T19:04:35","slug":"strandbad-ab-29-maerz-offen","status":"publish","type":"post","link":"https:\/\/www.freiburg-schwarzwald.de\/blog\/strandbad-ab-29-maerz-offen\/","title":{"rendered":"Strandbad ab 29. Maerz offen"},"content":{"rendered":"<p>Das <a title=\"Strandbad\" href=\"https:\/\/www.freiburg-schwarzwald.de\/blog\/sport\/baeder\/strandbad\/\">Freiburger Strandbad<\/a> an der Schwarzwaldstrasse im &#8222;Grenzgebiet&#8220; zwischen Waldsee,Littenweiler und Ebnet \u00f6ffnet am Samstag 29. M\u00e4rz 2014 von 12 bis 19 Uhr, damit Sie im 22 Grad warmen Wasser schwimmen k\u00f6nnen, w\u00e4hrend zwischen Kybfelsen und Ro\u00dfkopf die Sonne vom azurblauen Himmel scheint. Diese \u00d6ffnungszeiten gelten t\u00e4glich, wenn es \u00fcber 20 Grad warm ist. <a title=\"Strandbad\" href=\"https:\/\/www.freiburg-schwarzwald.de\/blog\/sport\/baeder\/strandbad\/\">Mehr<\/a>.<!--more--><\/p>\n<p>\u00a0<a href=\"https:\/\/www.freiburg-schwarzwald.de\/blog\/strandbad-ab-29-maerz-offen\/strandbad-erstertag140330\/\" rel=\"attachment wp-att-46623\"><img loading=\"lazy\" decoding=\"async\" class=\"alignnone size-thumbnail wp-image-46623\" alt=\"strandbad-erstertag140330\" src=\"https:\/\/www.freiburg-schwarzwald.de\/blog\/wp-content\/uploads\/2014\/03\/strandbad-erstertag140330-180x135.jpg\" width=\"180\" height=\"135\" srcset=\"https:\/\/www.freiburg-schwarzwald.de\/blog\/wp-content\/uploads\/2014\/03\/strandbad-erstertag140330-180x135.jpg 180w, https:\/\/www.freiburg-schwarzwald.de\/blog\/wp-content\/uploads\/2014\/03\/strandbad-erstertag140330.jpg 640w\" sizes=\"auto, (max-width: 180px) 100vw, 180px\" \/><\/a>\u00a0 Strandbad Freiburg-Littenweiler-Ebnet am ersten Tag 30.3.2014<\/p>\n<p>&nbsp;<\/p>\n<p><strong>Die ersten Unentwegten waren auch im Wasser<\/strong><br \/>\nAm Samstag um 12 Uhr war Start. &#8222;Wir richten uns da sehr nach dem Wetter&#8220;, sagt Oliver Heintz, seit Juli 2013 Gesch\u00e4ftsleiter der Freiburger B\u00e4der und Freizeitanlagen. Die Lufttemperatur sollte bei 20 Grad liegen, das Wasser im beheizten Becken erreicht 22 Grad. Im vergangenen Jahr begann die Badesaison wegen des kalten Fr\u00fchlings erst Mitte April. Aber 2012 fiel der Startschuss auch schon Ende M\u00e4rz. &#8230;.<br \/>\nAlles vopm 31.3.2014 bitte lesen auf<br \/>\n<a href=\"https:\/\/www.badische-zeitung.de\/freiburg\/strandbad-die-ersten-unentwegten-waren-auch-im-wasser--82530349.html\">https:\/\/www.badische-zeitung.de\/freiburg\/strandbad-die-ersten-unentwegten-waren-auch-im-wasser&#8211;82530349.html<\/a><\/p>\n","protected":false},"excerpt":{"rendered":"<p>Das Freiburger Strandbad an der Schwarzwaldstrasse im &#8222;Grenzgebiet&#8220; zwischen Waldsee,Littenweiler und Ebnet \u00f6ffnet am Samstag 29. M\u00e4rz 2014 von 12 bis 19 Uhr, damit Sie im 22 Grad warmen Wasser schwimmen k\u00f6nnen, w\u00e4hrend zwischen Kybfelsen und Ro\u00dfkopf die Sonne vom &hellip; <a href=\"https:\/\/www.freiburg-schwarzwald.de\/blog\/strandbad-ab-29-maerz-offen\/\">Weiterlesen <span class=\"meta-nav\">&rarr;<\/span><\/a><\/p>\n","protected":false},"author":2,"featured_media":0,"comment_status":"open","ping_status":"closed","sticky":false,"template":"","format":"standard","meta":{"footnotes":""},"categories":[343,49,11,7],"tags":[106,70,107,369],"class_list":["post-46400","post","type-post","status-publish","format-standard","hentry","category-baeder","category-freiburg","category-regio","category-tourismus","tag-freibad","tag-jugendsport","tag-schwimmen","tag-strandbad"],"_links":{"self":[{"href":"https:\/\/www.freiburg-schwarzwald.de\/blog\/wp-json\/wp\/v2\/posts\/46400","targetHints":{"allow":["GET"]}}],"collection":[{"href":"https:\/\/www.freiburg-schwarzwald.de\/blog\/wp-json\/wp\/v2\/posts"}],"about":[{"href":"https:\/\/www.freiburg-schwarzwald.de\/blog\/wp-json\/wp\/v2\/types\/post"}],"author":[{"embeddable":true,"href":"https:\/\/www.freiburg-schwarzwald.de\/blog\/wp-json\/wp\/v2\/users\/2"}],"replies":[{"embeddable":true,"href":"https:\/\/www.freiburg-schwarzwald.de\/blog\/wp-json\/wp\/v2\/comments?post=46400"}],"version-history":[{"count":0,"href":"https:\/\/www.freiburg-schwarzwald.de\/blog\/wp-json\/wp\/v2\/posts\/46400\/revisions"}],"wp:attachment":[{"href":"https:\/\/www.freiburg-schwarzwald.de\/blog\/wp-json\/wp\/v2\/media?parent=46400"}],"wp:term":[{"taxonomy":"category","embeddable":true,"href":"https:\/\/www.freiburg-schwarzwald.de\/blog\/wp-json\/wp\/v2\/categories?post=46400"},{"taxonomy":"post_tag","embeddable":true,"href":"https:\/\/www.freiburg-schwarzwald.de\/blog\/wp-json\/wp\/v2\/tags?post=46400"}],"curies":[{"name":"wp","href":"https:\/\/api.w.org\/{rel}","templated":true}]}}