{"id":46372,"date":"2014-03-28T13:18:51","date_gmt":"2014-03-28T12:18:51","guid":{"rendered":"https:\/\/www.freiburg-schwarzwald.de\/blog\/?p=46372"},"modified":"2014-03-28T13:22:15","modified_gmt":"2014-03-28T12:22:15","slug":"ebneter-kultursommer-10-jahre","status":"publish","type":"post","link":"https:\/\/www.freiburg-schwarzwald.de\/blog\/ebneter-kultursommer-10-jahre\/","title":{"rendered":"Ebneter Kultursommer 10 Jahre"},"content":{"rendered":"<p>Wir feiern 10 Jahre <a title=\"Ebneter-Kultursommer\" href=\"https:\/\/www.freiburg-schwarzwald.de\/blog\/kultur\/ebneter-kultursommer\/\">Ebneter Kultursommer<\/a> mit Shakespeare, Irene Fischer, Uli B\u00f6ttcher, Bea von Malchus und Klassik im Schloss <a title=\"Ebnet\" href=\"https:\/\/www.freiburg-schwarzwald.de\/blog\/regio\/freiburg\/ebnet\/\">Ebnet<\/a> vom 10. Mai bis 27. Juli 2014. Das Jubil\u00e4umsprogramm beginnt am 10. Mai um 20.15 Uhr mit dem Streichtrio \u201eArdinghello-Ensemble\u201c im Gartensaal, dem Geburtsort des Ebneter Kultursommers. Hier stehen Mozarts und Beethovens Kompositionen <!--more-->in perfektem Einklang mit dem Barock-Deckengem\u00e4lde \u201eAurora\u201c von Benedict Gambs und einer einzigartigen Akustik, die besonders den Klang klassischer Streichinstrumente verst\u00e4rkt und die Bedeutung dieses besonderen Spielorts unterstreicht.<br \/>\nKasperltheater f\u00fcr Erwachsene und die Erkenntnis, dass die Party schon vorbei ist: G\u00fcnter Fortmeiers Form des Minimal-Theaters ist einmalig in Deutschland. Sein Hand-Theater-Kabarett ist eine Art Kasperltheater f\u00fcr Erwachsene. Das Jubil\u00e4umsprogramm \u201eFingerfood f\u00fcrs Zwerchfell\u201c am 28. Mai um 20.00 Uhr in der Kulturscheune ist ein prallgef\u00fcllter Comedyabend mit indischem Handschattentheater, Bauchreden und Zauberei. \u201e\u00dc 40 &#8211; die Party ist zu Ende!\u201c, davon ist der Tr\u00e4ger des Baden-W\u00fcrttembergischen Kleinkunstpreises Uli B\u00f6ttcher \u00fcberzeugt. Die testosterongeschw\u00e4ngerten Jahre sind vor\u00fcber, die Weisheit des Alters hat sich noch nicht eingestellt. Und so pendelt Mann zwischen dem Altbekannten \u2013 Frauen, Anerkennung, Karriere und Frauen \u2013 und dem noch Unbekannten \u2013 Gelassenheit und Weitsicht. Wie Mann den ersten Urologen-Besuch wegsteckt, dar\u00fcber mehr am 7. Juni um 20 Uhr in der Schlossscheune.<\/p>\n<p>Seneca, Shakespeare und eine Prinzessin auf dem Baum: Seneca ist einer der bekanntesten Philosophen um Christi Geburt. Die Fernsehschauspielerin Irene Fischer, bekannt aus der Lindenstra\u00dfe, liest am 16. Mai in der Kulturscheune unter dem Titel \u201eDas Leben ist keine Generalprobe\u201c Texte des Philosophen. Sie kreisen um die Frage, wie ein gutes Leben gelingen kann und k\u00f6nnten moderner nicht sein. Was Seneca \u00fcber den Umgang mit Lebenszeit, Gelassenheit, Engagement und den Tod sagt, macht alle heutigen Lebensratgeber \u00fcberfl\u00fcssig. Begleitet wird Irene Fischer vom Liedermacher Marc Hofmann. Very british wird es mit Shakespeares \u201eRomeo und Julia\u201c, einem Open-Air Theaterst\u00fcck am 18. Juli auf dem Schlossplatz, gespielt vom TNT Theatre Britain in englischer Sprache. Ein deutsches Volksm\u00e4rchen nur f\u00fcr Kinder ist \u201edie Prinzessin auf dem Baum\u201c der Kindertheatergruppe Maskara am 22. Juni in der Kulturscheune. Ein Hirtenjunge klettert einem himmelhohen Baum hinauf. Dort lebt in einem Schloss eine verwunschene Prinzessin. Mit der Hilfe von drei wilden Tieren will er die Prinzessin aus ihrem Zauber befreien.<br \/>\nProgramm-Veranstaltungen findet man ab sofort unter <a href=\"https:\/\/www.ebneter-kultursommer.org\/\">www.ebneter-kultursommer.org<\/a>.<br \/>\nVorverkauf: Karten sind ab dem 15. April in allen bekannten Vorverkaufsstellen der Badischen Zeitung sowie in der Postservice-Filiale Freiburg-Ebnet, Schwarzwaldstra\u00dfe 235 erh\u00e4ltlich. Online gibt es Karten unter <a href=\"https:\/\/www.badische-zeitung.de\/\">www.badische-zeitung.de<\/a> oder <a href=\"https:\/\/www.reservix.de\/\">www.reservix.de<\/a>.<\/p>\n<p>Ebneter KulturSommer e.V.<br \/>\nSchloss Ebnet, Schwarzwaldstra\u00dfe 278m, 79117 Freiburg, Tel und Fax. 07 61 \u2013 69 67 71 58<br \/>\n<a href=\"mailto:info@ebneter-kultursommer.org\">info@ebneter-kultursommer.org<\/a><\/p>\n","protected":false},"excerpt":{"rendered":"<p>Wir feiern 10 Jahre Ebneter Kultursommer mit Shakespeare, Irene Fischer, Uli B\u00f6ttcher, Bea von Malchus und Klassik im Schloss Ebnet vom 10. Mai bis 27. Juli 2014. Das Jubil\u00e4umsprogramm beginnt am 10. Mai um 20.15 Uhr mit dem Streichtrio \u201eArdinghello-Ensemble\u201c &hellip; <a href=\"https:\/\/www.freiburg-schwarzwald.de\/blog\/ebneter-kultursommer-10-jahre\/\">Weiterlesen <span class=\"meta-nav\">&rarr;<\/span><\/a><\/p>\n","protected":false},"author":2,"featured_media":0,"comment_status":"open","ping_status":"closed","sticky":false,"template":"","format":"standard","meta":{"footnotes":""},"categories":[50,400,13,214],"tags":[329,301,518,733],"class_list":["post-46372","post","type-post","status-publish","format-standard","hentry","category-dreisamtal","category-freiwillig","category-kultur","category-theater","tag-jubilaeum","tag-culture","tag-music","tag-theater"],"_links":{"self":[{"href":"https:\/\/www.freiburg-schwarzwald.de\/blog\/wp-json\/wp\/v2\/posts\/46372","targetHints":{"allow":["GET"]}}],"collection":[{"href":"https:\/\/www.freiburg-schwarzwald.de\/blog\/wp-json\/wp\/v2\/posts"}],"about":[{"href":"https:\/\/www.freiburg-schwarzwald.de\/blog\/wp-json\/wp\/v2\/types\/post"}],"author":[{"embeddable":true,"href":"https:\/\/www.freiburg-schwarzwald.de\/blog\/wp-json\/wp\/v2\/users\/2"}],"replies":[{"embeddable":true,"href":"https:\/\/www.freiburg-schwarzwald.de\/blog\/wp-json\/wp\/v2\/comments?post=46372"}],"version-history":[{"count":0,"href":"https:\/\/www.freiburg-schwarzwald.de\/blog\/wp-json\/wp\/v2\/posts\/46372\/revisions"}],"wp:attachment":[{"href":"https:\/\/www.freiburg-schwarzwald.de\/blog\/wp-json\/wp\/v2\/media?parent=46372"}],"wp:term":[{"taxonomy":"category","embeddable":true,"href":"https:\/\/www.freiburg-schwarzwald.de\/blog\/wp-json\/wp\/v2\/categories?post=46372"},{"taxonomy":"post_tag","embeddable":true,"href":"https:\/\/www.freiburg-schwarzwald.de\/blog\/wp-json\/wp\/v2\/tags?post=46372"}],"curies":[{"name":"wp","href":"https:\/\/api.w.org\/{rel}","templated":true}]}}