{"id":46345,"date":"2014-03-27T17:27:02","date_gmt":"2014-03-27T16:27:02","guid":{"rendered":"https:\/\/www.freiburg-schwarzwald.de\/blog\/?p=46345"},"modified":"2014-03-27T17:27:02","modified_gmt":"2014-03-27T16:27:02","slug":"neue-akws-in-europa-nein","status":"publish","type":"post","link":"https:\/\/www.freiburg-schwarzwald.de\/blog\/neue-akws-in-europa-nein\/","title":{"rendered":"Neue AKWs in Europa &#8211; nein"},"content":{"rendered":"<p>\u201eDie <a title=\"EU\" href=\"https:\/\/www.freiburg-schwarzwald.de\/blog\/global\/eu\/\">EU-Kommission<\/a> plant einen Angriff auf die erneuerbaren Energien&#8220; <a href=\"https:\/\/www.taz.de\/!132996\/\">https:\/\/www.taz.de\/!132996\/<\/a>\u00a0. Allein aus Deutschland sind mehr als 1500 Einspr\u00fcche gegen die geplanten EU-Leitlinien zum Bau neuer <a title=\"AKW\" href=\"https:\/\/www.freiburg-schwarzwald.de\/blog\/energie\/akw\/\">AKWs<\/a> in Europa eingelaufen. Mit diesem kraftvollen Votum st\u00e4rken wir EU-Abgeordneten den R\u00fccken, die in Br\u00fcssel vehement daf\u00fcr k\u00e4mpfen, dass dieser Totenschein f\u00fcr <a title=\"Buergerenergie\" href=\"https:\/\/www.freiburg-schwarzwald.de\/blog\/energie\/energiepolitik\/buergerenergie\/\">B\u00fcrgerprojekte<\/a> nicht durchkommt<!--more--> &#8211; wie z.B. Claude Turmes. Vielen Dank daf\u00fcr! Wenn Ihr wissen m\u00f6chtet, wie es in Br\u00fcssel weiter geht, schaut doch hin und wieder auf unsere Facebook-Seite <a href=\"https:\/\/de-de.facebook.com\/pages\/Elektrizit%C3%A4tswerke-Sch%C3%B6nau-EWS\/\">https:\/\/de-de.facebook.com\/pages\/Elektrizit%C3%A4tswerke-Sch%C3%B6nau-EWS\/<\/a>.<br \/>\nW\u00e4hrend in Br\u00fcssel also alle mit den Beihilfe-Leitlinien und dem Europa-Wahlkampf besch\u00e4ftigt sind, wartet schon die n\u00e4chste Bosheit auf uns: Die Regierung Gro\u00dfbritanniens versucht, sich im Stillen eine nukleare Extra-Wurst zu sichern. Sie hat einen &#8222;Antrag auf Genehmigung von staatlichen Subventionen im Nuklearbereich auf Fallbasis&#8220; <a href=\"https:\/\/eur-lex.europa.eu\/LexUriServ\/LexUriServ.do?uri=OJ:C:2014:069:0060:0098:DE:PDF\">https:\/\/eur-lex.europa.eu\/LexUriServ\/LexUriServ.do?uri=OJ:C:2014:069:0060:0098:DE:PDF<\/a>\u00a0f\u00fcr das geplante AKW Hinkley Point C <a href=\"https:\/\/www.klimaretter.info\/politik\/nachricht\/15325-eu-prueft-britische-atomfoerderung\">https:\/\/www.klimaretter.info\/politik\/nachricht\/15325-eu-prueft-britische-atomfoerderung<\/a> gestellt. Damit sollen dem Betreiber, der Electricit\u00e9 de France (EdF), \u00fcber 35 Jahre feste Einnahmen garantiert werden,\u00a011 Ct\/kWh plus Inflationsausgleich!<br \/>\nAuch wenn eine \u201eEinzelfall-Entscheidung\u201c erfolgen wird, \u00f6ffnen sich T\u00fcren f\u00fcr weitere neue Atomprojekte in Europa, u.a. den Ausbau von Temelin.<br \/>\nDie Europ\u00e4ische Kommission hat nun ein \u00f6ffentliches Konsultationsverfahren er\u00f6ffnet, in dem bis zum 7. April 2014 jeder EU-B\u00fcrger eine Stellungnahme einreichen kann. Hiermit m\u00f6chten wir Euch herzlich um Eure Beteiligung bitten. Um es Euch einfach zu machen, haben wir auf der EWS-Seite <a href=\"https:\/\/www.ews-schoenau.de\/einspruch\/\">https:\/\/www.ews-schoenau.de\/einspruch\/<\/a> ein Formular eingerichtet, in dem Ihr entweder auf einen vorgefertigten Text zur\u00fcck greifen oder eine eigene Stellungnahme formulieren k\u00f6nnt. In unserer Brosch\u00fcre &#8222;100 gute Gr\u00fcnde gegen Atomkraft&#8220; <a href=\"https:\/\/100-gute-gruende.de\/index.xhtml\">https:\/\/100-gute-gruende.de\/index.xhtml<\/a>\u00a0\u00a0 findet Ihr bei Bedarf weitere fundierte Argumente.<br \/>\nWir w\u00e4ren Euch sehr dankbar, wenn Ihr die Information m\u00f6glichst breit in Eurem Bekanntenkreis streut. *Auch Eurokraten lassen sich beeindrucken, wenn der Druck aus der Bev\u00f6lkerung dem der Atomlobby entgegenwirkt. Die atomare Kehrtwende unserer Bundeskanzlerin w\u00e4re ohne den Protest der Stra\u00dfe nicht denkbar gewesen. Jetzt gilt es, eine weitere nukleare Investitionsruine&lt;<a href=\"https:\/\/www.tagesschau.de\/inland\/milliardengrab-atomkraft100.html\">https:\/\/www.tagesschau.de\/inland\/milliardengrab-atomkraft100.html<\/a>&gt; auf europ\u00e4ischer Ebene zu verhindern. Sch\u00f6ne Gr\u00fc\u00dfe aus Sch\u00f6nau!<br \/>\n27.3.29014, F\u00fcr das EWS-Team Eva Stegen und Tanja Gaudian,<br \/>\n<a href=\"mailto:t.gaudian@ews-schoenau.de%3Cmailto:t.gaudian@ews-schoenau.de\">t.gaudian@ews-schoenau.de<\/a> und <a href=\"mailto:e.stegen@ews-schoenau.de%3Cmailto:e.stegen@ews-schoenau.de\">e.stegen@ews-schoenau.de<\/a> richten.<\/p>\n<p>NO! to new nuclear plants in Europe &#8211; raise an objection<\/p>\n","protected":false},"excerpt":{"rendered":"<p>\u201eDie EU-Kommission plant einen Angriff auf die erneuerbaren Energien&#8220; https:\/\/www.taz.de\/!132996\/\u00a0. Allein aus Deutschland sind mehr als 1500 Einspr\u00fcche gegen die geplanten EU-Leitlinien zum Bau neuer AKWs in Europa eingelaufen. Mit diesem kraftvollen Votum st\u00e4rken wir EU-Abgeordneten den R\u00fccken, die in &hellip; <a href=\"https:\/\/www.freiburg-schwarzwald.de\/blog\/neue-akws-in-europa-nein\/\">Weiterlesen <span class=\"meta-nav\">&rarr;<\/span><\/a><\/p>\n","protected":false},"author":2,"featured_media":0,"comment_status":"open","ping_status":"closed","sticky":false,"template":"","format":"standard","meta":{"footnotes":""},"categories":[164,195],"tags":[163,151,489,279],"class_list":["post-46345","post","type-post","status-publish","format-standard","hentry","category-akw","category-eu","tag-atomkraft","tag-erneuerbare-energien","tag-european-union","tag-fessenheim"],"_links":{"self":[{"href":"https:\/\/www.freiburg-schwarzwald.de\/blog\/wp-json\/wp\/v2\/posts\/46345","targetHints":{"allow":["GET"]}}],"collection":[{"href":"https:\/\/www.freiburg-schwarzwald.de\/blog\/wp-json\/wp\/v2\/posts"}],"about":[{"href":"https:\/\/www.freiburg-schwarzwald.de\/blog\/wp-json\/wp\/v2\/types\/post"}],"author":[{"embeddable":true,"href":"https:\/\/www.freiburg-schwarzwald.de\/blog\/wp-json\/wp\/v2\/users\/2"}],"replies":[{"embeddable":true,"href":"https:\/\/www.freiburg-schwarzwald.de\/blog\/wp-json\/wp\/v2\/comments?post=46345"}],"version-history":[{"count":0,"href":"https:\/\/www.freiburg-schwarzwald.de\/blog\/wp-json\/wp\/v2\/posts\/46345\/revisions"}],"wp:attachment":[{"href":"https:\/\/www.freiburg-schwarzwald.de\/blog\/wp-json\/wp\/v2\/media?parent=46345"}],"wp:term":[{"taxonomy":"category","embeddable":true,"href":"https:\/\/www.freiburg-schwarzwald.de\/blog\/wp-json\/wp\/v2\/categories?post=46345"},{"taxonomy":"post_tag","embeddable":true,"href":"https:\/\/www.freiburg-schwarzwald.de\/blog\/wp-json\/wp\/v2\/tags?post=46345"}],"curies":[{"name":"wp","href":"https:\/\/api.w.org\/{rel}","templated":true}]}}