{"id":46325,"date":"2014-03-26T16:56:28","date_gmt":"2014-03-26T15:56:28","guid":{"rendered":"https:\/\/www.freiburg-schwarzwald.de\/blog\/?p=46325"},"modified":"2014-03-26T16:57:08","modified_gmt":"2014-03-26T15:57:08","slug":"himmelreich-jakobusweg-musik","status":"publish","type":"post","link":"https:\/\/www.freiburg-schwarzwald.de\/blog\/himmelreich-jakobusweg-musik\/","title":{"rendered":"Himmelreich-Jakobusweg Musik"},"content":{"rendered":"<p>Der F\u00f6rderverein <a title=\"Himmelreich-Jakobusweg \u2013 160 km \u2013 6000 Schilder\" href=\"https:\/\/www.freiburg-schwarzwald.de\/blog\/himmelreich-jakobusweg-160-km-6000-schilder\/\">\u201eHimmelreich-Jakobusweg<\/a>\u201c feiert in diesem Jahr sein f\u00fcnfj\u00e4hriges Bestehen. Und so ist es f\u00fcr den Verein geradezu ein Jubil\u00e4umsgeschenk, wenn Achim Langenk\u00e4mper die \u201eSuite Compostelana\u201c auf der Gitarre an verschiedenen Etappenorten des <a title=\"Jakobswege\" href=\"https:\/\/www.freiburg-schwarzwald.de\/blog\/sport\/wandern\/jakobswege\/\">Pilgerweges<\/a> spielen m\u00f6chte. Die Suite ist eine Gitarrenkomposition von Frederic Mompou, die tonmalerisch das Pilgern und die Stadt Santiago de Compostela beschreibt. <!--more-->Dazu werden wunderbare Fotografien von Jakobuswegen gezeigt. \u201eAls Zuh\u00f6rer begeben Sie sich selbst auf Pilgerwanderung\u201c, wei\u00df Langenk\u00e4mper, \u201eund werden von den Eindr\u00fccken der Bilder und der Musik geleitet.\u201c Achim Langenk\u00e4mper will vom 27. M\u00e4rz bis zum 3. April 2014\u00a0den \u201eHimmelreich-Jakobusweg\u201c pilgern. Nach der Ankunft an den verschiedenen Etappenorten l\u00e4dt er zum Gitarrenkonzert:<br \/>\nDo. 27.03., 20:15 Uhr L\u00f6ffingen, Stadtkirche;<br \/>\nFr. 28.03., 19 Uhr Neustadt, Kapelle Heliosklinik;<br \/>\nSa. 29.03., 17 Uhr Hinterzarten, Hotel am Bach;<br \/>\nSo. 30.03. 17 Uhr, Kirchzarten, Evangelische Kirche;<br \/>\nMo. 31.03., 19 Uhr Eschbach, Jakobuskirche;<br \/>\nDi. 01.04., 20 Uhr Freiburg, EBW Weingarten;<br \/>\nMi. 02.04., 19 Uhr Freiburg, Divinas Art Caf\u00e9 und<br \/>\nDo. 03.04., 19:30 Uhr Gallenweiler, Kirche.<br \/>\nDie Eintritte sind frei, Spenden erw\u00fcnscht. Der Erl\u00f6s soll dem F\u00f6rderverein Himmelreich-Jakobusweg und der Geh\u00f6rlosenhilfe Freiburg zugutekommen. Wer mit dem Musiker pilgern m\u00f6chte, ist dazu herzlich eingeladen und k\u00f6nnen Kontakt zu Achim Langenk\u00e4mper \u00fcber diese Mailadresse <a href=\"mailto:achim@hotmail.co.uk\">achim@hotmail.co.uk<\/a> \u00a0aufnehmen.<br \/>\n26.3.2014, Gerhard L\u00fcck, <a href=\"https:\/\/www.dreisamtaeler.de\/\">www.dreisamtaeler.de<\/a><\/p>\n","protected":false},"excerpt":{"rendered":"<p>Der F\u00f6rderverein \u201eHimmelreich-Jakobusweg\u201c feiert in diesem Jahr sein f\u00fcnfj\u00e4hriges Bestehen. Und so ist es f\u00fcr den Verein geradezu ein Jubil\u00e4umsgeschenk, wenn Achim Langenk\u00e4mper die \u201eSuite Compostelana\u201c auf der Gitarre an verschiedenen Etappenorten des Pilgerweges spielen m\u00f6chte. Die Suite ist eine &hellip; <a href=\"https:\/\/www.freiburg-schwarzwald.de\/blog\/himmelreich-jakobusweg-musik\/\">Weiterlesen <span class=\"meta-nav\">&rarr;<\/span><\/a><\/p>\n","protected":false},"author":2,"featured_media":0,"comment_status":"open","ping_status":"closed","sticky":false,"template":"","format":"standard","meta":{"footnotes":""},"categories":[19,122,126],"tags":[291,503,380],"class_list":["post-46325","post","type-post","status-publish","format-standard","hentry","category-religion","category-wandern","category-wandervereine","tag-jakobusweg","tag-church","tag-wanderweg"],"_links":{"self":[{"href":"https:\/\/www.freiburg-schwarzwald.de\/blog\/wp-json\/wp\/v2\/posts\/46325","targetHints":{"allow":["GET"]}}],"collection":[{"href":"https:\/\/www.freiburg-schwarzwald.de\/blog\/wp-json\/wp\/v2\/posts"}],"about":[{"href":"https:\/\/www.freiburg-schwarzwald.de\/blog\/wp-json\/wp\/v2\/types\/post"}],"author":[{"embeddable":true,"href":"https:\/\/www.freiburg-schwarzwald.de\/blog\/wp-json\/wp\/v2\/users\/2"}],"replies":[{"embeddable":true,"href":"https:\/\/www.freiburg-schwarzwald.de\/blog\/wp-json\/wp\/v2\/comments?post=46325"}],"version-history":[{"count":0,"href":"https:\/\/www.freiburg-schwarzwald.de\/blog\/wp-json\/wp\/v2\/posts\/46325\/revisions"}],"wp:attachment":[{"href":"https:\/\/www.freiburg-schwarzwald.de\/blog\/wp-json\/wp\/v2\/media?parent=46325"}],"wp:term":[{"taxonomy":"category","embeddable":true,"href":"https:\/\/www.freiburg-schwarzwald.de\/blog\/wp-json\/wp\/v2\/categories?post=46325"},{"taxonomy":"post_tag","embeddable":true,"href":"https:\/\/www.freiburg-schwarzwald.de\/blog\/wp-json\/wp\/v2\/tags?post=46325"}],"curies":[{"name":"wp","href":"https:\/\/api.w.org\/{rel}","templated":true}]}}