{"id":46258,"date":"2014-03-24T17:36:46","date_gmt":"2014-03-24T16:36:46","guid":{"rendered":"https:\/\/www.freiburg-schwarzwald.de\/blog\/?p=46258"},"modified":"2014-03-24T17:36:46","modified_gmt":"2014-03-24T16:36:46","slug":"samstags-forum-ausgezeichnet","status":"publish","type":"post","link":"https:\/\/www.freiburg-schwarzwald.de\/blog\/samstags-forum-ausgezeichnet\/","title":{"rendered":"Samstags-Forum ausgezeichnet"},"content":{"rendered":"<p>Die Deutsche UNESCO-Kommission hat das Samstags-Forum Regio Freiburg des gemeinn\u00fctzigen Freiburger Vereins <a title=\"Ecotrinova\" href=\"https:\/\/www.freiburg-schwarzwald.de\/blog\/natur\/umwelt\/ecotrinova\/\">ECOtrinova e.V.<\/a> als offizielles Projekt der UN-Dekade \u201eBildung f\u00fcr<a title=\"Nachhaltigkeit\" href=\"https:\/\/www.freiburg-schwarzwald.de\/blog\/natur\/klima\/nachhaltigkeit\/\"> nachhaltige Entwicklung<\/a>\u201c ausgezeichnet. Diese Auszeichnung erhalten Initiativen, die das Anliegen dieser weltweiten Bildungsoffensive der Vereinten Nationen vorbildlich umsetzen. Die Verleihung findet statt am 26. M\u00e4rz <!--more-->beim UNESCO-Tag 2014 in Stuttgart-Messe, wo der ECOtrinova-Vorsitzende Dr. Georg L\u00f6ser, Leiter des Samstags-Forums seit Beginn in 2006, die Ehrung entgegen nehmen wird. \u201eDas Samstags-Forum Regio Freiburg ist ein eindruckvolles, erfolgreiches Beispiel f\u00fcr zukunftsf\u00e4hige Bildung. Das Votum der Jury w\u00fcrdigt das Projekt, weil es verst\u00e4ndlich vermittelt, wie Menschen nachhaltig handeln\u201c, so Prof. Dr. Gerhard de Haan, Vorsitzender des Nationalkomitees und der Jury der UN-Dekade in Deutschland.<br \/>\n.<br \/>\nDas Samstags-Forum Regio Freiburg, eine Gemeinschafts-Serie von ECOtrinova e.V. mit dem Agenda21-B\u00fcro Freiburg, Universit\u00e4ts-Asta, Klimab\u00fcndnis-Freiburg, dem trinationalen B\u00fcrgervereine-Netzwerk Energie-3Regio, ECOtrinova-Mitgliedsvereinen und Weiteren, wendet sich an die B\u00fcrgerschaft, Studierende sowie fachlich und kommunal Interessierte aus Stadt und Region Freiburg. Ziel ist die konkrete Bildung zur nachhaltigen Entwicklung eine Green City und \u00d6ko-Region. Hauptthemen dieser alternativen \u201eSamstags-Hochschule\u201c sind erneuerbare Energien, Energieeinsparung, intelligente Energienutzung, Verbraucherschutz, \u00f6kologisch, \u00f6konomisch und sozial sinnvolle Entscheidungen hierzu sowie Projektideen f\u00fcr zu Hause, Kommune, Umland oder Universit\u00e4t. F\u00fchrende Fachleute, Ideengeber und Pioniere berichten in der Universit\u00e4t Freiburg. Vor Ort erl\u00e4utern anschlie\u00dfend Pioniere und aktive Mitb\u00fcrgerInnen Vorbildobjekte. Die Umweltb\u00fcrgermeisterin der Stadt Freiburg im Breisgau, Gerda Stuchlik, ist Schirmherrin seit Beginn.<br \/>\n.<br \/>\nBis Ende 2013 fanden in der Regel ehrenamtlich rund 140 Vortrags- und Podiumsveranstaltungen sowie \u00fcber 100 F\u00fchrungen statt mit rund 13.000 TeilnehmerInnen. Auf der Internetpr\u00e4senz bei <a href=\"https:\/\/www.ecotrinova.de\/\">www.ecotrinova.de<\/a> stehen an die 250 Vortragsdateien sowie Kurzberichte mit Fotos zur Verf\u00fcgung. Die 18. Serie des Forums beginnt am 26. April zu Gefahren der Atomenergie und am 10. Mai zur Woche der Sonne.<br \/>\n.<br \/>\nDie Besichtigungsobjekte fanden Eingang in den Masterstudiengang des Zentrums f\u00fcr Erneuerbare Energien der Universit\u00e4t und in die vom Land gef\u00f6rderten zweisprachigen \u201eZwei Sonnen-Energie-Wege im Eurodistrikt\u201c von ECOtrinova und Partnern. Weitere besondere Folgen erzielte das Samstags-Forum u.a. mit Podien zu Klimaschutzstandards f\u00fcr Neubaugebiete, Bauen und Nachhaltigkeit sowie mit wiederholten Foren zu Blockheizkraftwerken (BHKW) und Bioenergie-D\u00f6rfern in der Region. Die Initiative f\u00fcr \u201e1000 Mini-BHKW\u201c f\u00fcr Klimaschutz und Energiesparen in Freiburger Altbauten wurde vom Gemeinderat und von den B\u00fcrgervereinen in Freiburg-Wiehre einhellig aufgegriffen.<br \/>\n.<br \/>\nDie Deutsche UNESCO-Kommission hat in Deutschland seit 2005 bereits \u00fcber 1.800 Projekte ausgezeichnet: Au\u00dferschulische Tr\u00e4ger wie ECOtrinova e.V. organisieren Bildungsangebote rund um das Thema nachhaltige Entwicklung. In Sch\u00fclerfirmen etwa lernen Kinder, \u00f6konomisch sinnvoll wie umweltvertr\u00e4glich und sozial gerecht zu handeln. Kinderg\u00e4rten und Schulen richten ihr Konzept an den Prinzipien der Bildung f\u00fcr nachhaltige Entwicklung aus, bauen Solaranlagen oder engagieren sich f\u00fcr fairen Handel.. Dies sind nur einige von vielen Beispielen.<br \/>\nUN-Dekade \u201eBildung f\u00fcr nachhaltige Entwicklung\u201c (2005-2014)<br \/>\n.<br \/>\nNachhaltige Entwicklung funktioniert nur, wenn sich jeder f\u00fcr eine menschenw\u00fcrdige Gesellschaft einsetzt. Die notwendigen F\u00e4higkeiten dazu vermittelt Bildung f\u00fcr nachhaltige Entwicklung, kurz BNE. Mit der UN-Dekade \u201eBildung f\u00fcr nachhaltige Entwicklung\u201c (2005-2014) haben sich die Staaten der Vereinten Nationen verpflichtet, diese Art des Lernens in ihren Bildungssystemen zu verankern. Auf Grundlage eines einstimmigen Bundestagsbeschlusses koordiniert die Deutsche UNESCO-Kommission die deutschen Aktivit\u00e4ten zur UN-Dekade &#8222;Bildung f\u00fcr nachhaltige Entwicklung&#8220;. Sie hat ein Nationalkomitee berufen und mit Mitteln des Bundesministeriums f\u00fcr Bildung und Forschung eine Dekade-Koordinierungsstelle eingerichtet.<br \/>\nAnforderungen an Dekade-Projekte<br \/>\n.<br \/>\nEine Jury aus Experten entscheidet \u00fcber die Auszeichnung der Bildungsprojekte. Voraussetzung ist die Ausrichtung der Arbeit an den Grunds\u00e4tzen der Bildung f\u00fcr nachhaltige Entwicklung. So m\u00fcssen Wissen und Kompetenzen aus den drei Nachhaltigkeits-Dimensionen Wirtschaft, Soziales und Umwelt vermittelt werden. Au\u00dferdem ist wichtig: Die Projekte haben einen innovativen Charakter, wirken in die Breite und bem\u00fchen sich um die Zusammenarbeit mit anderen Projekten. Weitere Informationen unter:<br \/>\n<a href=\"https:\/\/www.bne-portal.de\/projekte\">www.bne-portal.de\/projekte<\/a><br \/>\n<a href=\"https:\/\/ecotrinova.de\/pages\/samstagsforum.php\">https:\/\/ecotrinova.de\/pages\/samstagsforum.php<\/a><br \/>\n.<\/p>\n","protected":false},"excerpt":{"rendered":"<p>Die Deutsche UNESCO-Kommission hat das Samstags-Forum Regio Freiburg des gemeinn\u00fctzigen Freiburger Vereins ECOtrinova e.V. als offizielles Projekt der UN-Dekade \u201eBildung f\u00fcr nachhaltige Entwicklung\u201c ausgezeichnet. Diese Auszeichnung erhalten Initiativen, die das Anliegen dieser weltweiten Bildungsoffensive der Vereinten Nationen vorbildlich umsetzen. Die &hellip; <a href=\"https:\/\/www.freiburg-schwarzwald.de\/blog\/samstags-forum-ausgezeichnet\/\">Weiterlesen <span class=\"meta-nav\">&rarr;<\/span><\/a><\/p>\n","protected":false},"author":2,"featured_media":0,"comment_status":"open","ping_status":"closed","sticky":false,"template":"","format":"standard","meta":{"footnotes":""},"categories":[18,5,135,6],"tags":[151,41,289,586],"class_list":["post-46258","post","type-post","status-publish","format-standard","hentry","category-bildung","category-energie","category-energiepolitik","category-vereine","tag-erneuerbare-energien","tag-nachhaltig","tag-preis","tag-verein"],"_links":{"self":[{"href":"https:\/\/www.freiburg-schwarzwald.de\/blog\/wp-json\/wp\/v2\/posts\/46258","targetHints":{"allow":["GET"]}}],"collection":[{"href":"https:\/\/www.freiburg-schwarzwald.de\/blog\/wp-json\/wp\/v2\/posts"}],"about":[{"href":"https:\/\/www.freiburg-schwarzwald.de\/blog\/wp-json\/wp\/v2\/types\/post"}],"author":[{"embeddable":true,"href":"https:\/\/www.freiburg-schwarzwald.de\/blog\/wp-json\/wp\/v2\/users\/2"}],"replies":[{"embeddable":true,"href":"https:\/\/www.freiburg-schwarzwald.de\/blog\/wp-json\/wp\/v2\/comments?post=46258"}],"version-history":[{"count":0,"href":"https:\/\/www.freiburg-schwarzwald.de\/blog\/wp-json\/wp\/v2\/posts\/46258\/revisions"}],"wp:attachment":[{"href":"https:\/\/www.freiburg-schwarzwald.de\/blog\/wp-json\/wp\/v2\/media?parent=46258"}],"wp:term":[{"taxonomy":"category","embeddable":true,"href":"https:\/\/www.freiburg-schwarzwald.de\/blog\/wp-json\/wp\/v2\/categories?post=46258"},{"taxonomy":"post_tag","embeddable":true,"href":"https:\/\/www.freiburg-schwarzwald.de\/blog\/wp-json\/wp\/v2\/tags?post=46258"}],"curies":[{"name":"wp","href":"https:\/\/api.w.org\/{rel}","templated":true}]}}