{"id":46132,"date":"2014-03-17T20:54:39","date_gmt":"2014-03-17T19:54:39","guid":{"rendered":"https:\/\/www.freiburg-schwarzwald.de\/blog\/?p=46132"},"modified":"2014-03-17T20:54:39","modified_gmt":"2014-03-17T19:54:39","slug":"buergerraum-als-anlaufstelle","status":"publish","type":"post","link":"https:\/\/www.freiburg-schwarzwald.de\/blog\/buergerraum-als-anlaufstelle\/","title":{"rendered":"Buergerraum als Anlaufstelle"},"content":{"rendered":"<p>Neues Angebot von <a title=\"VEGA\" href=\"https:\/\/www.freiburg-schwarzwald.de\/blog\/selbsthilfe\/senioren\/vega\/\">VEGA<\/a> f\u00fcr b\u00fcrgerschaftlich Engagierte in den Freiburger Stadtteilen Waldsee und <a title=\"Littenweiler\" href=\"https:\/\/www.freiburg-schwarzwald.de\/blog\/regio\/freiburg\/littenweiler\/\">Littenweiler<\/a> &#8211; <a title=\"Kreuzsteinaecker\" href=\"https:\/\/www.freiburg-schwarzwald.de\/blog\/selbsthilfe\/senioren\/kreuzsteinaecker\/\">Wohnanlage Kreuzstein\u00e4cker<\/a> stellt &#8218;B\u00fcrgerRaum&#8216; zur Verf\u00fcgung. Ab sofort k\u00f6nnen Einzelpersonen, Gruppen oder Initiativen einen Raum in der Wohnanlage Kreuzstein\u00e4cker nutzen, sich dort treffen, arbeiten, Pl\u00e4ne schmieden oder Veranstaltungen organisieren. Vorausgesetzt, das Interesse ist nicht kommerziell, sondern <!--more-->dient dem Miteinander im Stadtteil, etwa f\u00fcr nachbarschaftliche Aktivit\u00e4ten oder Mitdenken zum Thema \u201eGelingendes Altern im Freiburger Osten\u201c. Der B\u00fcrgerRaum befindet sich in der Heinrich-Heine-Stra\u00dfe 10 (Wohnung 44) und steht seit Februar 2014 vor allem an Nachmittagen, Abenden und Wochenenden der \u00d6ffentlichkeit zur Verf\u00fcgung.<br \/>\nDas Programm \u201eAnlaufstellen f\u00fcr \u00e4ltere Menschen\u201c des Bundesministeriums f\u00fcr Familie, Senioren, Frauen und Jugend macht\u2019s m\u00f6glich und stellt dazu die finanziellen Mittel f\u00fcr fast zwei Jahre bereit.\u00a0<br \/>\n17.3.2014, Hans Homlicher<\/p>\n<p>Infos: Esther Muthny, Begegnungszentrum Kreuzstein\u00e4cker<br \/>\nTelefon 0761\/612915-0, E-Mail: <a href=\"mailto:muthny.e@sv-fr.de\">muthny.e@sv-fr.de<\/a><\/p>\n","protected":false},"excerpt":{"rendered":"<p>Neues Angebot von VEGA f\u00fcr b\u00fcrgerschaftlich Engagierte in den Freiburger Stadtteilen Waldsee und Littenweiler &#8211; Wohnanlage Kreuzstein\u00e4cker stellt &#8218;B\u00fcrgerRaum&#8216; zur Verf\u00fcgung. Ab sofort k\u00f6nnen Einzelpersonen, Gruppen oder Initiativen einen Raum in der Wohnanlage Kreuzstein\u00e4cker nutzen, sich dort treffen, arbeiten, Pl\u00e4ne &hellip; <a href=\"https:\/\/www.freiburg-schwarzwald.de\/blog\/buergerraum-als-anlaufstelle\/\">Weiterlesen <span class=\"meta-nav\">&rarr;<\/span><\/a><\/p>\n","protected":false},"author":2,"featured_media":0,"comment_status":"open","ping_status":"closed","sticky":false,"template":"","format":"standard","meta":{"footnotes":""},"categories":[355,283,102,9],"tags":[190,281,388],"class_list":["post-46132","post","type-post","status-publish","format-standard","hentry","category-buergerinitiativen","category-littenweiler","category-senioren","category-soziales","tag-alter","tag-burgerinitiativen","tag-social"],"_links":{"self":[{"href":"https:\/\/www.freiburg-schwarzwald.de\/blog\/wp-json\/wp\/v2\/posts\/46132","targetHints":{"allow":["GET"]}}],"collection":[{"href":"https:\/\/www.freiburg-schwarzwald.de\/blog\/wp-json\/wp\/v2\/posts"}],"about":[{"href":"https:\/\/www.freiburg-schwarzwald.de\/blog\/wp-json\/wp\/v2\/types\/post"}],"author":[{"embeddable":true,"href":"https:\/\/www.freiburg-schwarzwald.de\/blog\/wp-json\/wp\/v2\/users\/2"}],"replies":[{"embeddable":true,"href":"https:\/\/www.freiburg-schwarzwald.de\/blog\/wp-json\/wp\/v2\/comments?post=46132"}],"version-history":[{"count":0,"href":"https:\/\/www.freiburg-schwarzwald.de\/blog\/wp-json\/wp\/v2\/posts\/46132\/revisions"}],"wp:attachment":[{"href":"https:\/\/www.freiburg-schwarzwald.de\/blog\/wp-json\/wp\/v2\/media?parent=46132"}],"wp:term":[{"taxonomy":"category","embeddable":true,"href":"https:\/\/www.freiburg-schwarzwald.de\/blog\/wp-json\/wp\/v2\/categories?post=46132"},{"taxonomy":"post_tag","embeddable":true,"href":"https:\/\/www.freiburg-schwarzwald.de\/blog\/wp-json\/wp\/v2\/tags?post=46132"}],"curies":[{"name":"wp","href":"https:\/\/api.w.org\/{rel}","templated":true}]}}