{"id":45910,"date":"2014-03-09T09:00:12","date_gmt":"2014-03-09T08:00:12","guid":{"rendered":"https:\/\/www.freiburg-schwarzwald.de\/blog\/?p=45910"},"modified":"2014-03-11T09:15:38","modified_gmt":"2014-03-11T08:15:38","slug":"raser-auf-strassen-autorennen","status":"publish","type":"post","link":"https:\/\/www.freiburg-schwarzwald.de\/blog\/raser-auf-strassen-autorennen\/","title":{"rendered":"Raser auf Strassen: Autorennen"},"content":{"rendered":"<p>Am Samstagnachmittag 8.3.2014 gingen mehrere Anrufe bei der Polizeizentrale in Freiburg\u00a0ein: Mehrere Schweizer Autos rasten halsbrecherisch \u00fcber die deutsche <a title=\"Strassen\" href=\"https:\/\/www.freiburg-schwarzwald.de\/blog\/tourismus\/strassen\/\">Autobahn<\/a>. Die Anrufer berichteten von BMWs und Mercedes, alle stark getunt, die sich ein Rennen lieferten. Schlie\u00dflich wurden sie an der Grenze in <a title=\"Basel\" href=\"https:\/\/www.freiburg-schwarzwald.de\/blog\/global\/schweiz\/basel\/\">Basel<\/a> gestellt &#8211; konnten aber nach Leistung einer kleinen Kaution weiterfahren.<!--more--><\/p>\n<p><strong>Schweizer Raser-Terror auf deutschen Strassen<br \/>\n<\/strong>Am Samstagnachmittag rasten mehrere Schweizer mit ihren Sportwagen zwischen Freiburg im Breisgau und Basel wie die Irren \u00fcber die Autobahn.\u00a0&#8230;. Vier Schweizer Sportwagen konnte die Polizei schliesslich an der deutsch-schweizerischen Grenze stoppen. Die Insassen, Schweizer kosovarischer Herkunft, mussten eine Sicherheitsleistung abgeben. &#8230;..<br \/>\nAlles vom 9.3.2014 bitte lesen auf<br \/>\n<a href=\"https:\/\/www.20min.ch\/ausland\/news\/story\/Schweizer-Raser-Terror-auf-deutschen-Strassen-11687428\">https:\/\/www.20min.ch\/ausland\/news\/story\/Schweizer-Raser-Terror-auf-deutschen-Strassen-11687428<\/a><\/p>\n<p>&nbsp;<\/p>\n<p><strong>Einem Messerstecher das Tatwerkzeug bis zur Verhandlung belassen?<\/strong><br \/>\nDas Ganze ist doch die L\u00e4cherlichkeit in Vollendung: Da bekommen die \u00fcberschnellen Jungs mal eine Kaution aufgebrummt, \u00fcber die sie vermutlich nur l\u00e4cheln k\u00f6nnen- Hauptsache die Wette ist gewonnen! Die H\u00f6he der Kaution soll der H\u00f6he der Strafzumessung entsprechen. Aber wie wird das hier geh\u00e4ndelt: Man legt eine Kaution fest und ruft gleichzeitig Gesch\u00e4digte auf sich zu melden. Also liegt der Gesamtumfang der Straftat noch nicht einmal fest, aber trotzdem bindet man sich auf eine Kautionsh\u00f6he! Hier h\u00e4tte sicherlich der vorl\u00e4ufige Einzug der &#8222;Tatwerkzeuge&#8220; bis zur Kl\u00e4rung des Sachverhaltes besser zur Erziehung und zur Sicherung der zu erwartenden Strafgeldh\u00f6he gefruchtet. So hat man ein paar Groschen und man gibt sich mit denen zufrieden. In der Schweiz h\u00e4tten sich die schnellen Jungs f\u00fcr einige Zeit, u. U. auch f\u00fcr die Zukunft die Garagenmiete f\u00fcr ihre Unters\u00e4tze sparen k\u00f6nnen. Und falls dies ein Hiesiger in der Schweiz veranstaltet h\u00e4tte, w\u00e4re ihm nicht einmal das Geld f\u00fcr den Zug in die Heimat geblieben! Ich habe auch noch nie geh\u00f6rt, dass man einem Messerstecher das Tatwerkzeug bis zur Verhandlung wieder zur\u00fcck gibt\u00a0, oder hab ich schon wieder was verpasst?<br \/>\n10.3.2014, Axel Biekert<\/p>\n<p><strong>Zum Rasen \u00fcber die Grenze nach D<\/strong><br \/>\nDie fraglichen &#8222;Schweizer&#8220; kommen alleine deshalb zum Rasen nach D, weil sie hier so billig davon kommen, sowohl bei Geschwindigkeits\u00fcbertretungen, als auch bei allen sonstigen Verkehrsstraftaten. Da verabredet man sich gerne mal zur &#8222;Autobahn Attack&#8220;, besonders beliebt in den fr\u00fchen Morgenstunden zum Schichtwechsel der Autobahnpolizei (hier freilich untypischerweise am Sonntag Nachmittag). In der Schweiz w\u00fcrden die Fahrer sofort &#8222;verzeigt&#8220;, der Wagen und der F\u00fchrerschein w\u00e4ren weg, die Strafe einkommensabh\u00e4ngig im vier- oder f\u00fcnfstelligen Bereich und eine Freiheitsstrafe kaum noch abwendbar.\u00a0<br \/>\n10.3.2014, Michael Keller<\/p>\n","protected":false},"excerpt":{"rendered":"<p>Am Samstagnachmittag 8.3.2014 gingen mehrere Anrufe bei der Polizeizentrale in Freiburg\u00a0ein: Mehrere Schweizer Autos rasten halsbrecherisch \u00fcber die deutsche Autobahn. Die Anrufer berichteten von BMWs und Mercedes, alle stark getunt, die sich ein Rennen lieferten. Schlie\u00dflich wurden sie an der &hellip; <a href=\"https:\/\/www.freiburg-schwarzwald.de\/blog\/raser-auf-strassen-autorennen\/\">Weiterlesen <span class=\"meta-nav\">&rarr;<\/span><\/a><\/p>\n","protected":false},"author":2,"featured_media":0,"comment_status":"open","ping_status":"closed","sticky":false,"template":"","format":"standard","meta":{"footnotes":""},"categories":[179],"tags":[451,607,334],"class_list":["post-45910","post","type-post","status-publish","format-standard","hentry","category-markgraeflerland","tag-auto","tag-raser","tag-strasse"],"_links":{"self":[{"href":"https:\/\/www.freiburg-schwarzwald.de\/blog\/wp-json\/wp\/v2\/posts\/45910","targetHints":{"allow":["GET"]}}],"collection":[{"href":"https:\/\/www.freiburg-schwarzwald.de\/blog\/wp-json\/wp\/v2\/posts"}],"about":[{"href":"https:\/\/www.freiburg-schwarzwald.de\/blog\/wp-json\/wp\/v2\/types\/post"}],"author":[{"embeddable":true,"href":"https:\/\/www.freiburg-schwarzwald.de\/blog\/wp-json\/wp\/v2\/users\/2"}],"replies":[{"embeddable":true,"href":"https:\/\/www.freiburg-schwarzwald.de\/blog\/wp-json\/wp\/v2\/comments?post=45910"}],"version-history":[{"count":0,"href":"https:\/\/www.freiburg-schwarzwald.de\/blog\/wp-json\/wp\/v2\/posts\/45910\/revisions"}],"wp:attachment":[{"href":"https:\/\/www.freiburg-schwarzwald.de\/blog\/wp-json\/wp\/v2\/media?parent=45910"}],"wp:term":[{"taxonomy":"category","embeddable":true,"href":"https:\/\/www.freiburg-schwarzwald.de\/blog\/wp-json\/wp\/v2\/categories?post=45910"},{"taxonomy":"post_tag","embeddable":true,"href":"https:\/\/www.freiburg-schwarzwald.de\/blog\/wp-json\/wp\/v2\/tags?post=45910"}],"curies":[{"name":"wp","href":"https:\/\/api.w.org\/{rel}","templated":true}]}}