{"id":45820,"date":"2014-03-07T10:33:13","date_gmt":"2014-03-07T09:33:13","guid":{"rendered":"https:\/\/www.freiburg-schwarzwald.de\/blog\/?p=45820"},"modified":"2014-03-10T13:52:57","modified_gmt":"2014-03-10T12:52:57","slug":"fukushima-3-jahre-breisach","status":"publish","type":"post","link":"https:\/\/www.freiburg-schwarzwald.de\/blog\/fukushima-3-jahre-breisach\/","title":{"rendered":"Fukushima 3 Jahre &#8211; Breisach"},"content":{"rendered":"<p>Zum dritten Gedenktag der <a title=\"AKW\" href=\"https:\/\/www.freiburg-schwarzwald.de\/blog\/energie\/akw\/\">atomaren Katastrophe<\/a> von <a title=\"Fukushima\" href=\"https:\/\/www.freiburg-schwarzwald.de\/blog\/global\/japan\/fukushima\/\">Fukushima<\/a> am Sonntag 9.3.2014 versammeln sich Franzosen, Schweizer und Deutsche um 14 Uhr auf den Br\u00fccken im Rheintal zwischen Basel und Stra\u00dfburg.<br \/>\nDie gr\u00f6\u00dfte\u00a0<a title=\"Demo\" href=\"https:\/\/www.freiburg-schwarzwald.de\/blog\/engagement\/buergerinitiativen\/demo\/\">Menschenkett<\/a>e wird zwischen Vogelgrun und <a title=\"Breisach\" href=\"https:\/\/www.freiburg-schwarzwald.de\/blog\/regio\/orte\/breisach\/\">Breisach<\/a> erwartet. Sogar das japanische Staatsfernsehen schickt ein Reporterteam nach Breisach am Rhein. Machen auch Sie mit!<!--more-->Die &#8222;Mahnwache Breisach&#8220; und &#8222;Stop Fessenheim Alsace&#8220; sind die Hauptveranstalter. Teilnehmer der Menschenkette auf der Breisacher Rheinbr\u00fccke treffen sich schon um 11 Uhr beim alten Zoll auf der franz\u00f6sischen Seite. Um 13 Uhr ist dann Treffpunkt auf dem Kiesparkplatz bei der s\u00fcdlichen Stadteinfahrt von Breisach. Um 13.30 Uhr wird die Menschenkette auf der Rheinbr\u00fccke gebildet, die dann um 14 Uhr stehen soll und sich gegen 14.30 Uhr wieder aufl\u00f6st. Beim AKW Fessenheim findet um 15.30 Uhr eine Abschlusskundgebung statt.<br \/>\n<img loading=\"lazy\" decoding=\"async\" alt=\"\" src=\"https:\/\/w.online-verlag-freiburg.de\/www\/delivery\/lg.php?bannerid=833&amp;campaignid=384&amp;zoneid=180146&amp;loc=1&amp;referer=http%3A%2F%2Fwww.badische-zeitung.de%2Fbreisach%2Ferinnerung-an-atomaren-unfall-in-fukushima--81587916.html&amp;cb=1b0241ab06\" width=\"0\" height=\"0\" \/>7.3.2014,\u00a0mehr auf <a title=\"\" href=\"https:\/\/fukushima3.eu\/\" target=\"_blank\">https:\/\/fukushima3.eu<\/a><\/p>\n<p>&#8212;&#8212;&#8212;&#8212;&#8212;&#8212;&#8212;&#8212;&#8211;<\/p>\n<p><strong>Auf den 8 Br\u00fccken am Oberrhein und in Fessenheim \u00fcber 8000 Menschen<br \/>\n<\/strong>Friedlich, Freundlich, Selbstbewusst &#8230; haben am 9.3. \u00fcber 8000 Menschen auf 8 Br\u00fccken am Oberrhein und in Fessenheim trinational gemeinsam f\u00fcr einen schnellen Atomausstieg in Frankreich, Deutschland und der Schweiz demonstriert. Allein\u00a0auf der Br\u00fccke Sasbach-Marckolsheim\u00a0fanden sich ca. 1000 Menschen mit Fahnen &amp; Bannern ein.<br \/>\n10.3.2014<\/p>\n<p>&#8212;&#8212;&#8212;&#8212;&#8212;&#8212;&#8212;&#8212;&#8212;&#8212;&#8212;&#8212;&#8212;&#8212;&#8212;&#8212;&#8212;&#8212;&#8212;&#8212;&#8212;&#8212;&#8212;&#8212;&#8212;&#8212;&#8212;&#8212;&#8212;&#8212;&#8212;&#8212;&#8212;&#8212;&#8212;&#8212;&#8212;&#8212;&#8212;&#8212;-<\/p>\n<p>&nbsp;<\/p>\n<p><strong>Infos zu den Br\u00fcckenaktionen und der Kundgebung beim AKW Fessenheim<\/strong><br \/>\nAnl\u00e4sslich des 3. Fukushima-Jahrestages finden am Oberrhein grenz\u00fcberschreitend-gemeinsame Br\u00fcckenaktionen statt. F\u00fcr die Abschaltung der Uraltreaktoren in Fessenheim &amp; Beznau. Gegen die gut organisierte &#8222;Energiewende r\u00fcckw\u00e4rts&#8220; in Deutschland! Am Sonntag, 9.3.2014 (teilweise) ab 13 Uhr auf vielen Rheinbr\u00fccken &amp; ab 15.30 Uhr beim AKW in Fessenheim!<br \/>\n<strong>Br\u00fccken, Br\u00fccken, Br\u00fccken &#8211;\u00a0nat\u00fcrlich um 15.30 Uhr beim AKW Fessenheim<\/strong><br \/>\na.. Beginn (nicht f\u00fcr die Menschen von den anderen Br\u00fcckenaktionen): 14.00 Uhr: Treffpunkt ist beim Wasserkraftwerk Fessenheim auf der franz\u00f6sischen Seite &#8211;<br \/>\n\u00a0 Begr\u00fc\u00dfung &#8211; Musik &#8211; Reden &#8211; Essen und Trinken<br \/>\nb.. Versammlung beim Maison des \u00e9nergies der EDF (f\u00fcr die Anreisenden von den anderen Br\u00fccken) Karte<br \/>\nc.. Protestmarsch zum AKW Fessenheim auf der D52, die dann nat\u00fcrlich auf dieser Strecke gesperrt ist<br \/>\n\u00a0 Anfahrtskizze: Hier: Die Grafik unten auf der Seite<\/p>\n<p>15.30 Uhr Kundgebung vor dem AKW Fessenheim<br \/>\n(45 Minuten sind bewilligt. Beim AKW werden wir vermutlich Transparente sehen die uns nicht gefallen. Friedlich, freundlich, selbstbewusst wird uns das nicht st\u00f6ren. EDF &amp; AREVA sind unsere Gegner, nicht die AKW-ArbeiterInnen.).\u00a0\u00a0 SprecherInnen:<br \/>\na.. Naoto Matsumura, der letzte Mensch von Fukushima, der als einziger Mensch in der Geisterstadt Tomioka lebt<br \/>\nb.. Eva Stegen, engagiert sie sich in verschiedenen Anti-Atom-Initiativen und Initiativen, die sich f\u00fcr die erneuerbaren Energien einsetzen; arbeitet bei den Elektrizit\u00e4tswerken Sch\u00f6nau.<br \/>\nc.. J\u00fcrg Joss, von der Anti AKW-Bewegung gegen das AKW M\u00fchlenberg in der Schweiz seit Anfang der 90er Jahre in der Anti-AKW Arbeit aktiv<br \/>\nd.. Janick Magne, Professor an der Universit\u00e4t in Tokyo<\/p>\n<p>&nbsp;<\/p>\n<p><strong>Br\u00fccken, Br\u00fccken, Br\u00fccken, Menschenkette &#8211; Fessenheim-Hartheim\u00a0Menschenkette<\/strong><br \/>\n\u00a014Uhr:-Menschenkette \/ Br\u00fccke\/Wasserkraftwerk &#8211; Pont de la centrale hydraulique<br \/>\n\u00a0\u00a0\u00a0 -Br\u00fcckenaktion anschl. Protestmarsch zur Kundgebung<br \/>\n\u00a0\u00a0\u00a0 -15.30 Uhr Kundgebung vor dem AKW &#8211; Rassemblement centrale nucl\u00e9aire<\/p>\n<p><strong>Br\u00fccken, Br\u00fccken, Br\u00fccken, Menschenkette &#8211;\u00a0Vogelgrun-Breisach<\/strong><br \/>\n11.00 Uhr &#8211; &#8222;Warm Up&#8220; Parkplatz beim alten Zoll auf der franz\u00f6sischen Seite. Musik, Essen und Trinken; Parkm\u00f6glichkeiten f\u00fcr PKWs sind ausgeschildert.<br \/>\n\u00a0\u00a0\u00a0 -F\u00fcr alle, die erst sp\u00e4ter dazukommen:<br \/>\n\u00a0\u00a0\u00a0 -Ab 13.00 Uhr Sammelpunkt Kiesparkplatz am Harelungenweg. Infostand, Einweisung in die Aktion.<br \/>\n\u00a0\u00a0\u00a0 -Parkm\u00f6glichkeiten f\u00fcr PKWs und Fahrr\u00e4der sind ausgeschildert. Busse bitte vorher anmelden.<br \/>\n\u00a0\u00a0\u00a0 -Ab 13.30 Uhr Bildung der Menschenkette. Wir ziehen von beiden Seiten in Richtung Grenze und treffen uns mitten auf der Br\u00fccke \u00fcber den Altrhein (Landesgrenze). Der Rest der Teilnehmenden verl\u00e4ngert die Kette an den anderen Enden in Richtung Vogelgr\u00fcn und Breisach &#8211; bei gen\u00fcgender Anzahl durch die ganze Stadt bis hoch zum M\u00fcnsterplatz.<br \/>\n\u00a0\u00a0\u00a0 -14.00 Uhr &#8211; Die Menschenkette steht!<br \/>\n\u00a0\u00a0\u00a0 -Bis 14.30 Uhr &#8211; Aufl\u00f6sung der Menschenkette. Anschlie\u00dfend fahren wir nach Fessenheim zu der gro\u00dfen Abschlusskundgebung vor den Toren des AKWs. Diese beginnt um 15:30 Uhr.<\/p>\n<p><strong>Br\u00fccken, Br\u00fccken, Br\u00fccken, Menschenkette &#8211; Marckolsheim-Sasbach<\/strong><br \/>\nTreffen der Demonstranten ab 13.00 Uhr am Parkplatz direkt nach der Br\u00fccke auf der franz\u00f6sischen Seite bei alter Zollanlage mit Musik (Goschehobel, franz. Musikerin)<br \/>\n\u00a0\u00a0\u00a0 -Hier werden Luftballons mit Postkarten an Kinder ausgegeben, die sie dann auf der Br\u00fccke fliegen lassen<br \/>\n\u00a0\u00a0\u00a0 -Ca. 13.45 Uhr gemeinsames &#8222;Schlendern&#8220; zur Br\u00fccke<br \/>\n\u00a0\u00a0\u00a0 -Auf der Br\u00fccke bilden wir ab 14 Uhr eine Menschenkette und halten eine Schweigeminute f\u00fcr die Opfer von Fukushima<br \/>\n\u00a0\u00a0\u00a0 -Anschlie\u00dfend Zusammenr\u00fccken in der Mitte der Br\u00fccke mit Kundgebung deutsch\/franz\u00f6sisch 2 x ca.5-10 Min (Erhard Schulz (D) \/ Marie Reine (F) )<br \/>\n\u00a0\u00a0\u00a0 -Ende der Aktion ca. 14.30 -14.45 Uhr. (W\u00e4hrend wir auf der Br\u00fccke sind, ist diese f\u00fcr den Verkehr gesperrt. Wenn der Verkehr wieder rollt, bitte die Randstreifen f\u00fcr den R\u00fcckweg benutzen)<br \/>\n\u00a0\u00a0\u00a0 -Wer will kann individuell noch zur Abschlusskundgebung zum AKW Fessenheim um 15.30 Uhr fahren<\/p>\n<p><strong>Br\u00fccken, Br\u00fccken, Br\u00fccken, Menschenkette &#8211; Strasbourg-Kehl<\/strong><br \/>\n\u00a0\u00a0\u00a0 -Treffpunkt ab 13.30 Uhr am Bahnhof Kehl sowie am ehemaligen Zoll in Strasbourg<br \/>\n\u00a0\u00a0\u00a0 -Um 13.45 Uhr geht?s gemeinsam Richtung Br\u00fccke<br \/>\n\u00a0\u00a0\u00a0 -Gemeinsame deutsch-franz\u00f6sische Kundgebung von 14.00 Uhr bis 14.30 Uhr auf der Br\u00fccke<br \/>\n\u00a0\u00a0\u00a0 -Anschlie\u00dfend Ausklang im Garten der zwei Ufer, franz\u00f6sische Seite<\/p>\n<p><strong>Br\u00fccken, Br\u00fccken, Br\u00fccken, Menschenkette &#8211; Br\u00fccke Huningue-Weil am Rhein<\/strong><br \/>\nDie Autobr\u00fccke Palmrain und die Dreil\u00e4nderfu\u00dfg\u00e4ngerbr\u00fccke.<\/p>\n<p>Der Ablauf an der Palmrainbr\u00fccke:<br \/>\n\u00a0\u00a0\u00a0 Vorprogramm ab 12.00 Uhr mit Musik, Aufh\u00e4ngen der Banner, Aufbauen der St\u00e4nde<br \/>\n\u00a0\u00a0\u00a0 Bis 13.00 Uhr: Anreise zu den Parkpl\u00e4tzen, kurze Redebeitr\u00e4ge und Anweisung zur Menschenkette<br \/>\n\u00a0\u00a0\u00a0 Ab 13.30 Uhr: Bildung der Menschenkette<br \/>\n\u00a0\u00a0\u00a0 14.30 Uhr Die Menschenkette steht, Luftballonaktion und Schweigeminute<br \/>\n\u00a0\u00a0\u00a0 Um 15.00 Uhr Abfahrt nach Fessenheim zur Abschlusskundgebung<\/p>\n<p>\u00a0Der Ablauf an der Dreil\u00e4nderbr\u00fccke:<br \/>\n\u00a0\u00a0\u00a0 Vorprogramm ab 12.00 Uhr mit Musik, Aufh\u00e4ngen der Banner, Aufbauen der St\u00e4nde<br \/>\n\u00a0\u00a0\u00a0 Bis 13.00 Uhr: Anreise zu den Parkpl\u00e4tzen, danach Rede- und Musikbeitr\u00e4ge, Begr\u00fc\u00dfung der Fahrradkarawanen und der Fu\u00dftruppe vom Basler M\u00fcnster und Anweisung zur Menschenkette<br \/>\n\u00a0\u00a0\u00a0 13.30 Uhr: Bildung der Menschenkette<br \/>\n\u00a0\u00a0\u00a0 14.30 Uhr Die Menschenkette steht. Schweigeminute f\u00fcr die Opfer von Fukushima.<br \/>\n\u00a0\u00a0\u00a0 Um 15.00 Uhr Abfahrt in PKWs und Bussen nach Fessenheim zur Abschlusskundgebung<\/p>\n<p><strong>Br\u00fccken, Br\u00fccken, Br\u00fccken, Menschenkette &#8211; Br\u00fccke Gerstheim-Nonnenweier<\/strong><br \/>\nBis sp\u00e4testens 13.00 Uhr: Anreise zum Parkplatz<br \/>\n\u00a0\u00a0\u00a0 -Ab 13.30 Uhr: Vom Startort gehen alle Menschen auf die Strecke<br \/>\n\u00a0\u00a0\u00a0 -14.00-15.00 Uhr: die Menschenkette steht. Wir verteilen Flugbl\u00e4tter und lassen Ballons steigen mit einer Postkarte um die radioaktive Wolke und ihren Luftweg zu zeigen.<br \/>\n\u00a0\u00a0\u00a0 -14:30 Uhr: Schweigeminute f\u00fcr die Opfer in Fukushima<br \/>\n\u00a0\u00a0\u00a0 -15:00 Uhr: Abfahrt nach Fessenheim<\/p>\n<p>\u00a0<strong>Br\u00fccken, Br\u00fccken, Br\u00fccken, Menschenkette &#8211; Br\u00fccke Schaffhausen-Feuerthalen<\/strong><br \/>\n\u00a0\u00a0\u00a0 Menschenkette von 14-15 Uhr &#8211; bei jedem Wetter-<br \/>\n\u00a0\u00a0\u00a0 Bis sp\u00e4testens 13.00 Uhr: Anreise zum Parkplatz<br \/>\n\u00a0\u00a0\u00a0 Ab 13.30 Uhr: Vom Startort gehen alle Menschen auf die Strecke<br \/>\n\u00a0\u00a0\u00a0 14.00-15.00 Uhr: Die Menschenkette steht<br \/>\n\u00a0\u00a0\u00a0 14.30 Uhr: Schweigeminute f\u00fcr Leidtragenden von Fukushima<br \/>\n\u00a0\u00a0\u00a0 15.00 Uhr: Ende der Aktion<\/p>\n<p><strong>Br\u00fccken, Br\u00fccken, Br\u00fccken, Menschenkette &#8211; Br\u00fccke Illkirch-Grafenstaden-Offenburg\u00a0<\/strong><br \/>\nBis sp\u00e4testens 13.00 Uhr: Anreise zum Parkplatz<br \/>\n\u00a0\u00a0\u00a0 -Ab 13.30 Uhr: Vom Startort gehen alle Menschen auf die Strecke<br \/>\n\u00a0\u00a0\u00a0 -14.00-15.00 Uhr: die Menschenkette steht. Wir verteilen Flugbl\u00e4tter und lassen Ballons steigen mit einer Postkarte um die radioaktive Wolke und ihren Luftweg zu zeigen.<br \/>\n\u00a0\u00a0\u00a0 -14:30 Uhr: Schweigeminute f\u00fcr die Opfer in Fukushima<br \/>\n\u00a0\u00a0\u00a0 -15:00 Uhr: Abfahrt nach Fessenheim<\/p>\n<p><strong>Busse &amp; Radtouren &amp; Spazierg\u00e4nge &amp; Fahrgemeinschaften zu den Br\u00fcckenaktionen am 9.3.2014<\/strong><\/p>\n<p>\u00a0 Bus ab Titisee nach Breisach und weiter nach Fessenheim<br \/>\n\u00a0 Hinfahrt: 12.00 Uhr ab Bahnhof Titisee nach Breisach<br \/>\n\u00a0 Weiterfahrt nach Fessenheim: 15.00 Uhr<br \/>\n\u00a0 R\u00fcckfahrt ab Fessenheim: 17.00Uhr<br \/>\n\u00a0 Ankunft Titisee: 19.00 Uhr<br \/>\n\u00a0 Anmeldung bei Klaus Kre\u00df, Tel. 07654\/7415, Fax 07654\/ 921776, infosolarforum-hochschwarzwald.de<br \/>\n\u00a0 Ticketpreis: 10.- ?<\/p>\n<p>\u00a0 Bus ab Freiburg nach Breisach und weiter nach Fessenheim<br \/>\n\u00a0 Hinfahrt: 12.00 Uhr ab Hauptbahnhof Freiburg nach Breisach<br \/>\n\u00a0 Weiterfahrt nach Fessenheim: 15.00 Uhr<br \/>\n\u00a0 R\u00fcckfahrt ab Fessenheim: 17.00 Uhr<br \/>\n\u00a0 Ankunft Freiburg: 18.00 Uhr<br \/>\n\u00a0 Anmeldung erforderlich bei Frank R\u00f6mer &#8211; fravantireisen.de<br \/>\n\u00a0 Ticketpreis: 8.50 ?<br \/>\n\u00a0 Sonstiges: R\u00fcckfahrt \u00fcber Chalamp\u00e9. Keine Zustiegsm\u00f6glichkeit in Breisach!<\/p>\n<p>\u00a0 Bus ab Engen nach Weil und weiter nach Fessenheim<br \/>\n\u00a0 Hinfahrt: 9.30 Uhr ab Bahnhof Engen nach Weil<br \/>\n\u00a0 Zustieg m\u00f6glich:<br \/>\n\u00a0 Zustieg: 9.45 Uhr Singen-Landesgartenschau S-Halt und Parkplatz<br \/>\n\u00a0 10.15 Uhr Radolfzell Messeplatz beim Milchwerk, 10 Min. vom Bhf.<br \/>\n\u00a0 10.45 Uhr Konstanz, Parkplatz D\u00f6bele, 10 Min. vom Bahnhof<br \/>\n\u00a0 Weiterfahrt nach Fessenheim : 15.00 Uhr<br \/>\n\u00a0 E-Mail: infoKLARgegenAtom.de<br \/>\n\u00a0 Ticketpreis: 10.- ? \/ 5.-? erm\u00e4\u00dfigt<\/p>\n<p>\u00a0 Bus von Paris zur Br\u00fccke Gerstheim und weiter nach Fessenheim<br \/>\n\u00a0 Abfahrtsort Paris um 6.30Uhr<br \/>\n\u00a0 E-Mail: sortirdunucleaire75no-log.org<\/p>\n<p>\u00a0 Bus von Huningue nach Fessenheim und zur\u00fcck<br \/>\n\u00a0 Abfahrt an der Dreil\u00e4nderbr\u00fccke: 14.45 Uhr<br \/>\n\u00a0 R\u00fcckkehr: ca. 18.00 Uhr<br \/>\n\u00a0 Kosten 10,00 ?<br \/>\n\u00a0 Sofort anmelden mit Name und Handynummer bei iris.freibluewin.ch<\/p>\n<p>\u00a0 Bus von Staufen nach Fessenheim<br \/>\n\u00a0 Abfahrt um 13 Uhr an der Staufener Annabr\u00fccke<br \/>\n\u00a0 verbindliche Anmeldung unter: 07633-982276<br \/>\n\u00a0 Kostenloser Bus der BI Staufen<\/p>\n<p><strong>\u00a0 Zugfahrt zur Br\u00fcckenaktion<\/strong><\/p>\n<p>\u00a0 Aus der Metropolregion Rhein-Neckar an die Europabr\u00fccke zwischen Kehl und Strasbourg<br \/>\n\u00a0 9.15 Uhr Infopoint Mannheimer Hbf zum L\u00f6sen des BAW\u00dc-Ticket(ca. 8 ?\/Person)<br \/>\n\u00a0 Abfahrt 9.40 Uhr, Ankunft Kehl 12.21 Uhr<br \/>\n\u00a0 Start auf die Europabr\u00fccke 13.45 Uhr<\/p>\n<p>\u00a0 15.10 Uhr oder 16.34 Uhr R\u00fcckfahrt (nach Absprache)<br \/>\n\u00a0 18.18 Uhr oder 19.18 Uhr Ankunft in Mannheim.<br \/>\n\u00a0 Info und Anmeldung bei u.jochimgooglemail.com oder<br \/>\n\u00a0 Tel: 0621 852984 oder einfach rechtzeitig zum Hbf Mannheim kommen<\/p>\n<p><strong>\u00a0 Fahrgemeinschaften<\/strong><\/p>\n<p>\u00a0 F\u00fcr sportliche Radfahrer<br \/>\n\u00a0 Treffpunkt: 10.00 Uhr auf dem Parkplatz vor der Apotheke in WIHR AU VAL (F-68230)<br \/>\n\u00a0 Ansprechpartner: Christian<br \/>\n\u00a0 E-Mail: martin.gugg [at] aliceadsl.fr<\/p>\n<p>\u00a0 11.45 Uhr Abfahrt Wihr au Val Pharmacie<br \/>\n\u00a0 12.03 Uhr Turckheim Bahnhof<br \/>\n\u00a0 12.10 Uhr Wintzenheim Rathaus<br \/>\n\u00a0 12.40 Uhr Sundhoffen Zentrum<br \/>\n\u00a0 12.50 Uhr Appenwihr Zentrum<br \/>\n\u00a0 13.10 Uhr Fessenheim Zentrum<br \/>\n\u00a0 13.30 Uhr Fessenheim<\/p>\n<p>\u00a0 Fahrradkarawane ab L\u00f6rrach nach Fessenheim<br \/>\n\u00a0 12.45 Uhr Treffpunkt am Bahnhofsvorplatz<br \/>\n\u00a0 13.00 Uhr Abfahrt; Route entlang der Wiese<br \/>\n\u00a0 Kontakt bei Amandine, Tel.: 07621-5835648<\/p>\n<p>\u00a0 Fahrradtour von Lahr nach Gerstheim<br \/>\n\u00a0 Infos und Anmeldung unter thomasbiopilze.de<\/p>\n<p>\u00a0 Fahrradtour von Waldkirch nach Sasbach<br \/>\n\u00a0 Treffpunkt: 11 Uhr am dm-Parkplatz Waldkirch<br \/>\n\u00a0 ca. 11.30 Uhr: Emmendingen, Marktplatz<br \/>\n\u00a0 ca. 12.00 Uhr: Riegel, Brauhaus<br \/>\n\u00a0 R\u00fcckfragen bei Beate Scharr Tel. 07681-492141<br \/>\n\u00a0 In Waldkirch gibt es um 12 Uhr am dm-Parkplatz auch einen Treff f\u00fcr Autos\/Fahrgemeinschaften (Infos auch \u00fcber Beate bzw. \u00fcber <a href=\"https:\/\/www.energiewende-waldkirch.de\/\">https:\/\/www.energiewende-waldkirch.de\/<\/a>.<\/p>\n<p>\u00a0 Fahrradkorso von Lahr nach Nonnenweier<br \/>\n\u00a0 Treffpunkte:<br \/>\n\u00a0 11.30 Uhr &#8211; Lahr Rathausplatz<br \/>\n\u00a0 12.00 Uhr &#8211; Raiffeisenstra\u00dfe\/Hursterhofbr\u00fccke (Gaskugel)<br \/>\n\u00a0 ca. 12.30 Uhr &#8211; Nonnenweier Kirche,<br \/>\n\u00a0 ca. 13.30 Uhr &#8211; Ankunft Rheinbr\u00fccke, Alte Zollstation,<br \/>\n\u00a0 Ansprechpartner: Vera Boehmer, Antiatom-Ortenau<br \/>\n\u00a0 E-Mail: menschbleibengmx.net<br \/>\n\u00a0 Tel. \/ Handy: +49 7821 997120, +49 15150384882<br \/>\n\u00a0 Fu\u00dfmarsch<br \/>\n\u00a0 mit Martin Vosseler,(<a href=\"https:\/\/www.martinvosseler.ch\/\">www.martinvosseler.ch<\/a>) vom Basler M\u00fcnster zur Dreil\u00e4nderbr\u00fccke:<br \/>\n\u00a0 11.00 Uhr Besammlung auf der Pfalz hinter dem M\u00fcnster<br \/>\n\u00a0 11.15 Uhr Abmarsch<br \/>\n\u00a0 Route: M\u00fcnsterplatz, Rheinsprung, Mittlere Br\u00fccke, Unt. Rheinweg, Altrheinweg, Uferstrasse, Wiesendamm, Hafenstrasse, Hiltalingerstrasse, Zollstrasse, Hauptstrasse, Passarelle des trois pays<\/p>\n<p>7.3.2014,\u00a0<br \/>\n\u00a0<a href=\"https:\/\/vorort.bund.net\/suedlicher-oberrhein\/fessenheim-demo-aktion.html\">https:\/\/vorort.bund.net\/suedlicher-oberrhein\/fessenheim-demo-aktion.html<\/a><br \/>\n<a href=\"https:\/\/fukushima3.eu\/index.php?id=2\">https:\/\/fukushima3.eu\/index.php?id=2<\/a><\/p>\n<p>.<\/p>\n<p><strong>Menschenkette: Stop AKW Fessenheim jetzt <\/strong><br \/>\n<strong>Cha\u00eene Humaine: Arr\u00eat imm\u00e9diat de la centrale nucl\u00e9aire de Fessenheim\u00a0<br \/>\n<\/strong>Das \u201eAktionsb\u00fcndnis Fessenheim stilllegen jetzt!\u201c ruft f\u00fcr Sonntag den 26. Juni um 14 Uhr zu einer Menschenkette um Fessenheim auf. Wir umzingeln das AKW bei\u00a0 Fessenheim: Friedlich, selbstbewusst, gewaltfrei.\u00a0Die Reaktorkatastrophe von Fukushima und auch die regelm\u00e4\u00dfigen Pannen im AKW\u00a0Fessenheim zeigen: Atomkraft ist nicht beherrschbar und birgt ein t\u00e4gliches, t\u00f6dliches Risiko.\u00a0<br \/>\n<em>L&#8217;\u201ealliance pour la fermeture de Fessenheim, maintenant!\u201c appel \u00e0 une cha\u00eene humaine autour de la centrale de Fessenheim, le dimanche 26 juin \u00e0 14 heures. Nous allons encercler la centrale nucl\u00e9aire de Fessenheim: pacifiquement, consciemment, sans violence. La catastrophe de Fukushima et les pannes r\u00e9guli\u00e8res \u00e0 la centrale de Fessenheim montrent que: le nucl\u00e9aire est impr\u00e9visible et dissimule un risque de mort quotidien.\u00a0<\/em>\u00a0<br \/>\nDer Protest der vielen Menschen zeigt ein erstes Resultat in Deutschland: Die Regierenden m\u00fcssen den Ausstieg aus der Kernkraft beschlie\u00dfen. Das soll auch den Menschen in Frankreich Mut geben. Es kommt auf uns und unseren gemeinsamen Protest an, ob sich die Profitgier der Energiekonzerne durchsetzt oder der Anspruch der Menschen auf eine lebenswerte Welt. Wir, die Menschen, die in dieser einmaligen Kulturlandschaft im Dreil\u00e4ndereck leben, wollen unsere Zukunft nicht l\u00e4nger den wenigen und skrupellosen Profiteuren der Atomindustrie \u00fcberlassen. Deshalb unterst\u00fctzen wir die Menschen in ihrem Aufbegehren gegen eine Laufzeitverl\u00e4ngerung des AKW Fessenheim und fordern mit ihnen die sofortige Stilllegung. Jetzt!\u00a0<br \/>\n<em>La protestation d&#8217;autant de gens montre un premier r\u00e9sultat en Allemagne: les dirigeants du pays doivent d\u00e9cr\u00e9ter la sortie du nucl\u00e9aire. Cela doit donner du courage aux fran\u00e7ais. Cela tient \u00e0 nous, \u00e0 notre protestation commune, si les firmes d&#8217;\u00e9lectricit\u00e9 pourront continuer \u00e0 tirer leur profit ou si le peuple recevra un Monde propice \u00e0 la Vie. Nous, le peuple, nous qui vivons ici, dans le paysage culturel unique du pays des trois fronti\u00e8res, refusons de laisser d\u00e9cider les quelques PDG des grandes firmes de l&#8217;industrie nucl\u00e9aire de notre avenir. C&#8217;est pourquoi nous soutenons les personnes se r\u00e9voltant, luttant contre une prolongation de la centrale nucl\u00e9aire de Fessenheim et revendiquons ensemble, l&#8217;arr\u00eat imm\u00e9diat. MAINTENANT!\u00a0<\/em><br \/>\nWichtig ist nach wie vor \u00f6ffentlicher Druck: Je gr\u00f6\u00dfer der Protest, desto weniger werden Merkel und Sarkozy im Konzernauftrag den Weiterbetrieb von Atomkraftwerken durchsetzen k\u00f6nnen. Nach Fukushima gibt es nur eine Richtung und die hei\u00dft: Alle AKW abschalten \u2013 jetzt und endg\u00fcltig. Auch das in Fessenheim. Damit tun wir auch etwas f\u00fcr die Abr\u00fcstung, denn Energiepolitik ist auch Friedenspolitik. Deshalb fordern wir das Verbot aller Atomwaffen. Daf\u00fcr wollen wir am 26. Juni friedlich und gewaltfrei demonstrieren. Mit einer Menschenkette das AKW Fessenheim umzingeln und damit den gemeinschaftlichen Forderungen von Menschen aus Frankreich, der Schweiz und Deutschland zum Ausdruck bringen: Ausstieg aus der Atomenergie und die Abschaffung aller\u00a0Atomwaffen! Jetzt!\u00a0<br \/>\n<em>Il est toujours aussi importante de faire pression: Plus la manifestation sera grande et moins Sarkozy et Merkel oseront, au profit des firmes, faire passer la prolongation de fonctionnement des centrales nucl\u00e9aires. Apr\u00e8s Fukushima il existe une seule direction \u00e0 prendre et c&#8217;est celle: de l&#8217;arr\u00eat de toutes les centrales- maintenant et <\/em><br \/>\n<em>d\u00e9finitivement. \u00c9galement celle de Fessenheim. Ainsi nous agissons aussi pour le d\u00e9sarmement, car la politique \u00e9nerg\u00e9tique est aussi une politique de Paix. C&#8217;est pour ces raisons que nous revendiquons l&#8217;interdiction de toutes les armes nucl\u00e9aires. C&#8217;est pour cela que nous voulons manifester pacifiquement le 26 juin. Encercler la centrale nucl\u00e9aire de Fessenheim d&#8217;une cha\u00eene humaine et montrer ainsi les revendications communes des personnes venant de France, de Suisse et d&#8217;Allemagne: La sortie du nucl\u00e9aire et la suppression de toute arme nucl\u00e9aire! <\/em><br \/>\n<em>Maintenant!<\/em><br \/>\n8.3.2014, <a href=\"https:\/\/www.ews-schoenau.de\/\">www.ews-schoenau.de<\/a><\/p>\n","protected":false},"excerpt":{"rendered":"<p>Zum dritten Gedenktag der atomaren Katastrophe von Fukushima am Sonntag 9.3.2014 versammeln sich Franzosen, Schweizer und Deutsche um 14 Uhr auf den Br\u00fccken im Rheintal zwischen Basel und Stra\u00dfburg. Die gr\u00f6\u00dfte\u00a0Menschenkette wird zwischen Vogelgrun und Breisach erwartet. Sogar das japanische &hellip; <a href=\"https:\/\/www.freiburg-schwarzwald.de\/blog\/fukushima-3-jahre-breisach\/\">Weiterlesen <span class=\"meta-nav\">&rarr;<\/span><\/a><\/p>\n","protected":false},"author":2,"featured_media":0,"comment_status":"open","ping_status":"closed","sticky":false,"template":"","format":"standard","meta":{"footnotes":""},"categories":[164,195,179],"tags":[163,325,279],"class_list":["post-45820","post","type-post","status-publish","format-standard","hentry","category-akw","category-eu","category-markgraeflerland","tag-atomkraft","tag-demo","tag-fessenheim"],"_links":{"self":[{"href":"https:\/\/www.freiburg-schwarzwald.de\/blog\/wp-json\/wp\/v2\/posts\/45820","targetHints":{"allow":["GET"]}}],"collection":[{"href":"https:\/\/www.freiburg-schwarzwald.de\/blog\/wp-json\/wp\/v2\/posts"}],"about":[{"href":"https:\/\/www.freiburg-schwarzwald.de\/blog\/wp-json\/wp\/v2\/types\/post"}],"author":[{"embeddable":true,"href":"https:\/\/www.freiburg-schwarzwald.de\/blog\/wp-json\/wp\/v2\/users\/2"}],"replies":[{"embeddable":true,"href":"https:\/\/www.freiburg-schwarzwald.de\/blog\/wp-json\/wp\/v2\/comments?post=45820"}],"version-history":[{"count":0,"href":"https:\/\/www.freiburg-schwarzwald.de\/blog\/wp-json\/wp\/v2\/posts\/45820\/revisions"}],"wp:attachment":[{"href":"https:\/\/www.freiburg-schwarzwald.de\/blog\/wp-json\/wp\/v2\/media?parent=45820"}],"wp:term":[{"taxonomy":"category","embeddable":true,"href":"https:\/\/www.freiburg-schwarzwald.de\/blog\/wp-json\/wp\/v2\/categories?post=45820"},{"taxonomy":"post_tag","embeddable":true,"href":"https:\/\/www.freiburg-schwarzwald.de\/blog\/wp-json\/wp\/v2\/tags?post=45820"}],"curies":[{"name":"wp","href":"https:\/\/api.w.org\/{rel}","templated":true}]}}