{"id":45794,"date":"2014-03-05T14:57:39","date_gmt":"2014-03-05T13:57:39","guid":{"rendered":"https:\/\/www.freiburg-schwarzwald.de\/blog\/?p=45794"},"modified":"2014-03-05T15:01:18","modified_gmt":"2014-03-05T14:01:18","slug":"akw-beznau-besetzt-stilllegen","status":"publish","type":"post","link":"https:\/\/www.freiburg-schwarzwald.de\/blog\/akw-beznau-besetzt-stilllegen\/","title":{"rendered":"AKW Beznau besetzt: Stilllegen"},"content":{"rendered":"<p>100 <a title=\"Greenpeace\" href=\"https:\/\/www.freiburg-schwarzwald.de\/blog\/vereine\/greenpeace\/\">Greenpeace<\/a>-Aktivisten aus der <a title=\"Schweiz\" href=\"https:\/\/www.freiburg-schwarzwald.de\/blog\/global\/schweiz\/\">Schweiz<\/a> und acht <a title=\"EZB\" href=\"https:\/\/www.freiburg-schwarzwald.de\/blog\/global\/eu\/ezb\/\">EU<\/a>-L\u00e4ndern sind in das AKW Beznau im Kanton Aargau \u00a0eingedrungen und haben\u00a0Banner mit der Aufschrift &#8222;The End&#8220;\u00a0angebracht. Ihre Forderung: Das mit 45 Jahren \u00e4lteste\u00a0 <a title=\"AKW\" href=\"https:\/\/www.freiburg-schwarzwald.de\/blog\/energie\/akw\/\">Atomkraftwerk<\/a> weltweit aus Sicherheitsgr\u00fcnden sofort stilllegen, da es f\u00fcr die Bev\u00f6lkerung eine Gefahr darstellt. Einerseits investiert der Energiekonzern Axpo<!--more--> als Betreiber des AKW Beznau derzeit\u00a0700 Mio Franken in die Sicherheit. Die Reaktoren sollen dank der dauernden Nachr\u00fcstung laut Axpo &#8222;l\u00e4nger als 50 Jahre&#8220; am Netz sein.<\/p>\n<p><a href=\"https:\/\/www.freiburg-schwarzwald.de\/blog\/akw-beznau-besetzt-stilllegen\/akw-beznau140305\/\" rel=\"attachment wp-att-45796\"><a href=\"https:\/\/www.freiburg-schwarzwald.de\/blog\/akw-beznau-besetzt-stilllegen\/akw-beznau140305\/\" rel=\"attachment wp-att-45796\"><img loading=\"lazy\" decoding=\"async\" class=\"alignnone size-thumbnail wp-image-45796\" alt=\"akw-beznau140305\" src=\"https:\/\/www.freiburg-schwarzwald.de\/blog\/wp-content\/uploads\/2014\/03\/akw-beznau140305-180x123.jpg\" width=\"180\" height=\"123\" srcset=\"https:\/\/www.freiburg-schwarzwald.de\/blog\/wp-content\/uploads\/2014\/03\/akw-beznau140305-180x123.jpg 180w, https:\/\/www.freiburg-schwarzwald.de\/blog\/wp-content\/uploads\/2014\/03\/akw-beznau140305.jpg 570w\" sizes=\"auto, (max-width: 180px) 100vw, 180px\" \/><\/a>\u00a0<\/a> AKW-Beznau am 5.3.2014 &#8211; Bild Greenpeace<\/p>\n<p>Andererseits besagen Studien, dass die Anlagen auf der Aareinsel bei D\u00f6ttingen aus den 1960er und 1970er Jahren auch durch Nachr\u00fcstungen nicht auf den heutigen Stadt der Wissenschaft und Technik gebracht werden k\u00f6nnen.<br \/>\n5.3.2014<\/p>\n","protected":false},"excerpt":{"rendered":"<p>100 Greenpeace-Aktivisten aus der Schweiz und acht EU-L\u00e4ndern sind in das AKW Beznau im Kanton Aargau \u00a0eingedrungen und haben\u00a0Banner mit der Aufschrift &#8222;The End&#8220;\u00a0angebracht. Ihre Forderung: Das mit 45 Jahren \u00e4lteste\u00a0 Atomkraftwerk weltweit aus Sicherheitsgr\u00fcnden sofort stilllegen, da es f\u00fcr &hellip; <a href=\"https:\/\/www.freiburg-schwarzwald.de\/blog\/akw-beznau-besetzt-stilllegen\/\">Weiterlesen <span class=\"meta-nav\">&rarr;<\/span><\/a><\/p>\n","protected":false},"author":2,"featured_media":0,"comment_status":"open","ping_status":"closed","sticky":false,"template":"","format":"standard","meta":{"footnotes":""},"categories":[164,219],"tags":[163,71],"class_list":["post-45794","post","type-post","status-publish","format-standard","hentry","category-akw","category-schweiz","tag-atomkraft","tag-burgerentscheid"],"_links":{"self":[{"href":"https:\/\/www.freiburg-schwarzwald.de\/blog\/wp-json\/wp\/v2\/posts\/45794","targetHints":{"allow":["GET"]}}],"collection":[{"href":"https:\/\/www.freiburg-schwarzwald.de\/blog\/wp-json\/wp\/v2\/posts"}],"about":[{"href":"https:\/\/www.freiburg-schwarzwald.de\/blog\/wp-json\/wp\/v2\/types\/post"}],"author":[{"embeddable":true,"href":"https:\/\/www.freiburg-schwarzwald.de\/blog\/wp-json\/wp\/v2\/users\/2"}],"replies":[{"embeddable":true,"href":"https:\/\/www.freiburg-schwarzwald.de\/blog\/wp-json\/wp\/v2\/comments?post=45794"}],"version-history":[{"count":0,"href":"https:\/\/www.freiburg-schwarzwald.de\/blog\/wp-json\/wp\/v2\/posts\/45794\/revisions"}],"wp:attachment":[{"href":"https:\/\/www.freiburg-schwarzwald.de\/blog\/wp-json\/wp\/v2\/media?parent=45794"}],"wp:term":[{"taxonomy":"category","embeddable":true,"href":"https:\/\/www.freiburg-schwarzwald.de\/blog\/wp-json\/wp\/v2\/categories?post=45794"},{"taxonomy":"post_tag","embeddable":true,"href":"https:\/\/www.freiburg-schwarzwald.de\/blog\/wp-json\/wp\/v2\/tags?post=45794"}],"curies":[{"name":"wp","href":"https:\/\/api.w.org\/{rel}","templated":true}]}}