{"id":45565,"date":"2014-02-25T17:35:41","date_gmt":"2014-02-25T16:35:41","guid":{"rendered":"https:\/\/www.freiburg-schwarzwald.de\/blog\/?p=45565"},"modified":"2016-03-21T20:52:31","modified_gmt":"2016-03-21T19:52:31","slug":"sarrazin-tugendterror-medien","status":"publish","type":"post","link":"https:\/\/www.freiburg-schwarzwald.de\/blog\/sarrazin-tugendterror-medien\/","title":{"rendered":"Sarrazin &#8211; Tugendterror Medien"},"content":{"rendered":"<p>&#8222;Der neue Tugendterror &#8211; \u00fcber die Grenzen der Meinungsfreiheit in Deutschland&#8220; &#8211; in diesem zweite Buch\u00a0nach &#8222;Deutschland schafft sich ab&#8220; von 2010\u00a0geht <a title=\"Sarrazin\" href=\"https:\/\/www.freiburg-schwarzwald.de\/blog\/engagement\/zukunft\/sarrazin\/\">Thilo Sarrazin<\/a> gegen eine der <a title=\"Political-Correctness\" href=\"https:\/\/www.freiburg-schwarzwald.de\/blog\/kultur\/medien\/political-correctness\/\">Political Correctness<\/a> geschuldeten <a title=\"Dagegen\" href=\"https:\/\/www.freiburg-schwarzwald.de\/blog\/engagement\/dagegen\/\">Gleichmacherei<\/a> der <a title=\"Medien\" href=\"https:\/\/www.freiburg-schwarzwald.de\/blog\/kultur\/medien\/\">Medien<\/a>\u00a0vor. &#8222;V\u00f6lker sind nicht verschieden, alle Kulturen sind gleichwertig, der Islam ist eine Kultur des Friedens, M\u00e4nner und Frauen haben bis auf ihre Physis keine Unterschiede&#8220;,\u00a0\u00a0<!--more-->so Sarazin\u00a0voller Ironie im Kapitel &#8222;14 Axiome des Tugendwahns&#8220; &#8211; wer dies vertritt, ist f\u00fcr ihn ein Meinungsterrorist.\u00a0 &#8222;Abstruse Dominanz der Gleichheitsideologie&#8220;, <a title=\"Political-Correctness\" href=\"https:\/\/www.freiburg-schwarzwald.de\/blog\/kultur\/medien\/political-correctness\/\">Political correctness<\/a>, Maulkorb-Mentalit\u00e4t,\u00a0Meinungskonformismus bzw. Tugendterror\u00a0\u00a0verbieten es nach Sarrazins Ansicht, bestimmte Debatten in Deutschland\u00a0\u00fcberhaupt f\u00fchren zu d\u00fcrfen: &#8222;Beleidigt hatte ich das Weltbild der Verharmloser und Sch\u00f6nf\u00e4rber im harmoniefreudigen M\u00fcsli-Milieu. Das l\u00f6ste offensichtlich den Hass aus.&#8220;<br \/>\n.<br \/>\nDie folgende Auswahl der\u00a0Zeitungsschlagzeilen am Tag der Buchvorstellung 24.2.2014 zeigen, dass Sarrazin mit seiner Anprangerung der Meinungskonformisums vielleicht doch gar nicht so unrecht hat:<br \/>\n<em>&#8211; Der Ungleichheitsapostel (faz)<\/em><br \/>\n<em>&#8211; Neues vom Knallfrosch (Stern)<\/em><br \/>\n<em>&#8211; Thilo Sarrazin gegen den Rest der Welt (K\u00f6lner Stadt-Anzeiger)<\/em><br \/>\n<em>&#8211; Umstrittener Buch-Autor (RP-online)<\/em><br \/>\n<em>&#8211; Thilo Sarrazin sieht sich als Tugendterror-Opfer (BZ)<\/em><br \/>\n<em>&#8211; Sarrazins Kampf gegen den vermeintlichen \u00abTugendterror\u00bb (SZ)<\/em><br \/>\n<em>&#8211; Die M\u00e4r vom armen Opfer Sarrazin (SPIEGEL)<\/em><br \/>\n<em>&#8211; Er nun wieder- Geschichte einer narzisstischen Kr\u00e4nkung (Die Zeit)<\/em><br \/>\n<em>&#8211; Der Talkshowtourist (taz)<\/em><br \/>\n<em>&#8211; Sarrazin provoziert wieder (Augsburger Allgemeine)<\/em><br \/>\n<em>&#8211; Sarrazin &#8211; Vom ewigen Opfer des Tugendterrors (Cicero)<\/em><br \/>\n25.2.2014<\/p>\n<p>&nbsp;<\/p>\n<p>&nbsp;<\/p>\n<div><strong>Die moralisierende Zeitgeist-Kaste<\/strong><br \/>\nIn unserem Lande sollte man\u00a0wenigstens zugestehen, da\u00df\u00a0sich die Presse von den Vorstellungen der breiten Bev\u00f6lkerung weit entfernt hat &#8211; und darauf ja auch noch stolz ist. Warum ordnen sich denn drei Viertel der Journalisten dem roten oder gr\u00fcnen Lager zu? Warum sind in Fernsehen, Rundfunk und den Printmedien ganz \u00fcberwiegend keine konservativen Standpunkte zu vernehmen? Weil die 68er dort die Lufthoheit eroberten, diese an handverlesene Nachfolger weitergaben und so beim timiden Teil der deutschen Bev\u00f6lkerung die Schweigespirale installierten. Kein Wunder, da\u00df alle politischen Vorstellungen, die dem nat\u00fcrlichen Egoismus des B\u00fcrgers, also der Privatautonomie, Raum lassen, als &#8222;soziale K\u00e4lte&#8220; abgetan werden: Es gr\u00fc\u00dft der st\u00e4ndige partei\u00fcbergreifende Kirchentag! Schon deshalb ist es unerl\u00e4\u00dflich, da\u00df Sarrazin immer wieder einmal den Tabu-Deckel l\u00fcftet. Geradezu erholsam und allemal liberal, mag dieses &#8222;Tugendterror&#8220;-Unwort auch die kleinen Kinder erschrecken &#8230;<br \/>\n25.2.2014, Auth<br \/>\n.<\/div>\n<div><strong>Ich sage voraus<\/strong><br \/>\ndass die Reaktion der\u00a0durch dieses Buch gekennzeichneten Medien die Thesen dieses Buches best\u00e4tigen wird. Wie schon gehabt, die Person wird madig gemacht wie andere &#8222;unliebsame&#8220; Zeitgenossen, z.B. Westerwelle, Lucke, Steinbr\u00fcck, Christian Wulff, &#8230;<br \/>\n25.2.2014, R. Spiek<br \/>\n.<br \/>\n<strong>Sarrazins Kritiker sind genauso d\u00e4mlich wie er selbst<\/strong><\/div>\n<div>Sarrazin ist in der Beschreibung politisch problematischer Zust\u00e4nde gut. Von den Ursachen dieser Zust\u00e4nde hat er mit Ausnahme von Finanzfragen keine Ahnung, und dilettiert daher bei den L\u00f6sungsangeboten kolossal. Mit derlei Unzul\u00e4nglichkeiten in seinen Argumentationsketten macht er es seinen Feinden denkbar einfach, ihn als rechten Populisten zu diskreditieren. Allerdings geht es diesen Kritikern meist nicht um eine intellektuelle Wahrhaftigkeit, sondern darum die ihnen unangenehmen aber zutreffenden Zustandsbeschreibungen in ein \u00fcbles Licht zu r\u00fccken. Sind diese doch Ursache ihrer eigenen v\u00f6llig verfehlten L\u00f6sungen. Sarrazins Kritiker sind daher genauso d\u00e4mlich wie er selbst.<br \/>\n25.2.2014, Rainer Brombach<br \/>\n.<br \/>\n<strong>Sarrazin ist zweifelslos ein gerissener Populist<\/strong>, der in erster Linie seine B\u00fccher verkaufen will. Seine Thesen sind teils krude, teils\u00a0\u00fcberspitzt, aber immer provokativ. Dennoch regt er mit seinen Schriften und Behauptungen wichtige Diskussionen an, \u00fcber Themen (Parallelgesellschaften, Probleme des Euros, einseitige Berichtserstattung in den Medien), welche viele B\u00fcrger bewegen, von Politik und Medien jedoch todgeschwiegen oder heruntergespielt werden. So rechtspopulistisch, teils absurd sein \u201eDeutschland schafft sich ab\u201c auch gewesen ist, die Debatte \u00fcber einige der angesprochenen Probleme war damals l\u00e4ngst \u00fcberf\u00e4llig. Naja, und dass eine \u00fcbertriebene \u201ePolitische Korrektheit\u201c einer Gesellschaft, einer Demokratie mehr schadet, als n\u00fctzt, ist eigentlich auch logisch.<br \/>\n25.2.2014. Th\u00fcr<\/div>\n<div>\u00a0\u00a0 .<br \/>\n<strong>Die Freiheit, anders zu denken<\/strong><br \/>\nWer heutzutage nicht politically correctnes vorheuchelt wird in der Luft zerrissen. Der politische Mainstream ist durchgehend gleichgeschaltet. Nur linker, \u00f6kologisch korrekter Einheitsbrei darf heutzutage eine Meinung enthalten.Alles was sich dieser &#8222;Norm&#8220; entzieht ist rechtspopulistisch und dadurch verwerflich. Meinungsfreiheit sieht anders aus! Die Wahrheit sowieso und die Freiheit anders zu denken steht auch Herrn Sarrazin zu!<br \/>\n25.2.2014, Alexander Vorstedter<br \/>\n.<\/div>\n<div><strong>Gutmenschenkonformismus-Journalisten als Volkserzieher<\/strong><br \/>\nIn einem sind sich die Medien gern einig: wann immer Sarrazin was Richtiges sagt, ist es erstens falsch und zweitens doof. Die unentwegte Gutmenschelei kann einem schon auf den Keks gehen. Wieso verstehen sich so viele Journalisten als Volkserzieher? Und wieso merken sie nicht, da\u00df sie eher das Gegenteil erreichen? Sarrazins B\u00fccher verkaufen sich nur deshalb so gut, weil die verarschte Volksseele nach Alternativen zum heilen Meister-Proper-Journalismus schmachtet.\u00a0\u00a0Laut Sarrazins These vom linksgr\u00fcnen Gutmenschenkonformismus sind doch in diesem Land mit seinen unisono-Medien Millionen schon lange nicht mehr zu Hause, sie sind wohl alles &#8222;Opfer&#8220; und verdienen es, zu Populisten abgestempelt zu werden.<br \/>\n2.3.2014, Erich Vierch<\/div>\n<p>&#8222;<\/p>\n","protected":false},"excerpt":{"rendered":"<p>&#8222;Der neue Tugendterror &#8211; \u00fcber die Grenzen der Meinungsfreiheit in Deutschland&#8220; &#8211; in diesem zweite Buch\u00a0nach &#8222;Deutschland schafft sich ab&#8220; von 2010\u00a0geht Thilo Sarrazin gegen eine der Political Correctness geschuldeten Gleichmacherei der Medien\u00a0vor. &#8222;V\u00f6lker sind nicht verschieden, alle Kulturen sind &hellip; <a href=\"https:\/\/www.freiburg-schwarzwald.de\/blog\/sarrazin-tugendterror-medien\/\">Weiterlesen <span class=\"meta-nav\">&rarr;<\/span><\/a><\/p>\n","protected":false},"author":2,"featured_media":0,"comment_status":"open","ping_status":"closed","sticky":false,"template":"","format":"standard","meta":{"footnotes":""},"categories":[99,80],"tags":[552,525],"class_list":["post-45565","post","type-post","status-publish","format-standard","hentry","category-buchhandel","category-medien","tag-buch-2","tag-politik"],"_links":{"self":[{"href":"https:\/\/www.freiburg-schwarzwald.de\/blog\/wp-json\/wp\/v2\/posts\/45565","targetHints":{"allow":["GET"]}}],"collection":[{"href":"https:\/\/www.freiburg-schwarzwald.de\/blog\/wp-json\/wp\/v2\/posts"}],"about":[{"href":"https:\/\/www.freiburg-schwarzwald.de\/blog\/wp-json\/wp\/v2\/types\/post"}],"author":[{"embeddable":true,"href":"https:\/\/www.freiburg-schwarzwald.de\/blog\/wp-json\/wp\/v2\/users\/2"}],"replies":[{"embeddable":true,"href":"https:\/\/www.freiburg-schwarzwald.de\/blog\/wp-json\/wp\/v2\/comments?post=45565"}],"version-history":[{"count":0,"href":"https:\/\/www.freiburg-schwarzwald.de\/blog\/wp-json\/wp\/v2\/posts\/45565\/revisions"}],"wp:attachment":[{"href":"https:\/\/www.freiburg-schwarzwald.de\/blog\/wp-json\/wp\/v2\/media?parent=45565"}],"wp:term":[{"taxonomy":"category","embeddable":true,"href":"https:\/\/www.freiburg-schwarzwald.de\/blog\/wp-json\/wp\/v2\/categories?post=45565"},{"taxonomy":"post_tag","embeddable":true,"href":"https:\/\/www.freiburg-schwarzwald.de\/blog\/wp-json\/wp\/v2\/tags?post=45565"}],"curies":[{"name":"wp","href":"https:\/\/api.w.org\/{rel}","templated":true}]}}